{"id":748,"date":"2020-12-21T13:18:59","date_gmt":"2020-12-21T12:18:59","guid":{"rendered":"https:\/\/agora.xtec.cat\/escolatorrelameu\/?p=748"},"modified":"2020-12-21T20:55:42","modified_gmt":"2020-12-21T19:55:42","slug":"mirall-de-pau","status":"publish","type":"post","link":"https:\/\/agora.xtec.cat\/escolatorrelameu\/general\/mirall-de-pau\/","title":{"rendered":"Mirall de pau"},"content":{"rendered":"<p>Aquest curs, de moment, no podem fer cap celebraci\u00f3 amb tot l&#8217;alumnat junt. Se&#8217;ns feia estrany, com tantes coses d&#8217;aquest \u00faltims mesos de l&#8217;any.<\/p>\n<p>Encara que fos per separat vol\u00edem crear alguna cosa plegats. Us deixem el v\u00eddeo de la can\u00e7\u00f3 <em>Mirall de pau<\/em> cantada per comunitats, per\u00f2 unida perqu\u00e8 nom\u00e9s en sigui una.<\/p>\n<p>Tamb\u00e9 hi ha les imatges de com vam anar guarnint entre tots i totes l&#8217;arbre de davant d&#8217;Esp\u00edgol. Les mans que ho han fet possible s\u00f3n:<\/p>\n<p><span style=\"font-weight: 400;\">\u00cdRIA, GAEL, NEYZAN, LAMARANA, VALERIA, DAI, BLAI, CL\u00c0UDIA, ARAN, CARME, MERI, SOFIA, ROC, SARA, LAIA, LOLA, JOAN, BOGDAN, ESTER, ENZO, ARLETTE, QUERALT, LLUC, BLAU, DANIEL, ALEIX, JOSEP MIQUEL, SANDRA, INGRID, MARIA, GEN\u00cdS, CL\u00c0UDIA, ANDREI, MARTA, MARTINA, AURA, EFREN, IRIS, SERGI, JAN, LUC\u00cdA, XAVI, JUST\u00cdN, DAMIAN, RAMATOULAYE, ARNAU, JANA, \u00c8LIA, BERTA, CORA, S\u00cdLVIA, RENATA, ALBA, \u00cdNGRID, GEMMA, ABRIL, ARES, ANA, ALEIX, LLUC, FALY, BLANCA, JOSE, JAUME, MARC, MART\u00cd, SANDRA, \u00cdKER P., \u00cdKER Y., \u00c0LEX , IRENE I TONI.<\/span><\/p>\n<p>BONES FESTES!<\/p>\n<p><a href=\"https:\/\/drive.google.com\/file\/d\/1X7q9Zi5HZ0mmVTrfBFVEPGNDAzNh2U6Z\/view?usp=sharing\">V\u00eddeo Mirall de pau<\/a><\/p>\n<p>&nbsp;<\/p>\n<p>&nbsp;<\/p>\n<p>&nbsp;<\/p>\n","protected":false},"excerpt":{"rendered":"<p>Aquest curs, de moment, no podem fer cap celebraci\u00f3 amb tot l&#8217;alumnat junt. Se&#8217;ns feia estrany, com tantes coses d&#8217;aquest \u00faltims mesos de l&#8217;any.<br \/>\nEncara que fos per separat vol\u00edem crear alguna cosa plegats. Us deixem el v\u00eddeo de la can\u00e7\u00f3 Mirall de pau cantada per&hellip;  <a href=\"https:\/\/agora.xtec.cat\/escolatorrelameu\/general\/mirall-de-pau\/\" title=\"Read Mirall de pau\">Llegeix m\u00e9s\u00bb<\/a><\/p>\n","protected":false},"author":1,"featured_media":0,"comment_status":"open","ping_status":"closed","sticky":false,"template":"","format":"standard","meta":{"_bbp_topic_count":0,"_bbp_reply_count":0,"_bbp_total_topic_count":0,"_bbp_total_reply_count":0,"_bbp_voice_count":0,"_bbp_anonymous_reply_count":0,"_bbp_topic_count_hidden":0,"_bbp_reply_count_hidden":0,"_bbp_forum_subforum_count":0,"footnotes":""},"categories":[1,2,4,5],"tags":[19,77,75,64,78],"class_list":["post-748","post","type-post","status-publish","format-standard","hentry","category-general","category-infantil","category-portada","category-primaria","tag-audiovisuals","tag-comunitat-de-grans","tag-comunitat-de-mitjans","tag-comunitat-de-petits","tag-musica"],"post_mailing_queue_ids":[],"_links":{"self":[{"href":"https:\/\/agora.xtec.cat\/escolatorrelameu\/wp-json\/wp\/v2\/posts\/748","targetHints":{"allow":["GET"]}}],"collection":[{"href":"https:\/\/agora.xtec.cat\/escolatorrelameu\/wp-json\/wp\/v2\/posts"}],"about":[{"href":"https:\/\/agora.xtec.cat\/escolatorrelameu\/wp-json\/wp\/v2\/types\/post"}],"author":[{"embeddable":true,"href":"https:\/\/agora.xtec.cat\/escolatorrelameu\/wp-json\/wp\/v2\/users\/1"}],"replies":[{"embeddable":true,"href":"https:\/\/agora.xtec.cat\/escolatorrelameu\/wp-json\/wp\/v2\/comments?post=748"}],"version-history":[{"count":3,"href":"https:\/\/agora.xtec.cat\/escolatorrelameu\/wp-json\/wp\/v2\/posts\/748\/revisions"}],"predecessor-version":[{"id":754,"href":"https:\/\/agora.xtec.cat\/escolatorrelameu\/wp-json\/wp\/v2\/posts\/748\/revisions\/754"}],"wp:attachment":[{"href":"https:\/\/agora.xtec.cat\/escolatorrelameu\/wp-json\/wp\/v2\/media?parent=748"}],"wp:term":[{"taxonomy":"category","embeddable":true,"href":"https:\/\/agora.xtec.cat\/escolatorrelameu\/wp-json\/wp\/v2\/categories?post=748"},{"taxonomy":"post_tag","embeddable":true,"href":"https:\/\/agora.xtec.cat\/escolatorrelameu\/wp-json\/wp\/v2\/tags?post=748"}],"curies":[{"name":"wp","href":"https:\/\/api.w.org\/{rel}","templated":true}]}}