{"id":701,"date":"2020-11-20T14:36:34","date_gmt":"2020-11-20T13:36:34","guid":{"rendered":"https:\/\/agora.xtec.cat\/escolatorrelameu\/?p=701"},"modified":"2020-11-21T13:09:22","modified_gmt":"2020-11-21T12:09:22","slug":"la-mitjana","status":"publish","type":"post","link":"https:\/\/agora.xtec.cat\/escolatorrelameu\/general\/la-mitjana\/","title":{"rendered":"La Mitjana"},"content":{"rendered":"<p>No sabem ben b\u00e9 que ha sigut que aquesta sortida a La Mitjana ha esdevingut una sortida molt agradable, emocionant i una esperada experi\u00e8ncia. Tants dies tancats o semitancats a casa, ens fan prendre consci\u00e8ncia de que \u00e9s all\u00f2 que ens agrada, ens vincula m\u00e9s entre el grup i ens permet viure la import\u00e0ncia de les coses petites des d&#8217;una altra vessant. Sortida superviscuda i sentida!<\/p>\n<div dir=\"auto\">En farem m\u00e9s, ara que ja hem trencat el gel!<\/div>\n<div dir=\"auto\"><\/div>\n<div dir=\"auto\"><\/div>\n<div dir=\"auto\"><\/div>\n<div dir=\"auto\"><\/div>\n<div dir=\"auto\"><\/div>\n<div dir=\"auto\"><a href=\"https:\/\/agora.xtec.cat\/escolatorrelameu\/wp-content\/uploads\/usu2232\/2020\/11\/IMG_20201120_071914_954.jpg\"><img loading=\"lazy\" decoding=\"async\" class=\"aligncenter wp-image-702\" src=\"https:\/\/agora.xtec.cat\/escolatorrelameu\/wp-content\/uploads\/usu2232\/2020\/11\/IMG_20201120_071914_954-1024x1024.jpg\" alt=\"\" width=\"800\" height=\"800\" srcset=\"https:\/\/agora.xtec.cat\/escolatorrelameu\/wp-content\/uploads\/usu2232\/2020\/11\/IMG_20201120_071914_954-1024x1024.jpg 1024w, https:\/\/agora.xtec.cat\/escolatorrelameu\/wp-content\/uploads\/usu2232\/2020\/11\/IMG_20201120_071914_954-150x150.jpg 150w, https:\/\/agora.xtec.cat\/escolatorrelameu\/wp-content\/uploads\/usu2232\/2020\/11\/IMG_20201120_071914_954-300x300.jpg 300w, https:\/\/agora.xtec.cat\/escolatorrelameu\/wp-content\/uploads\/usu2232\/2020\/11\/IMG_20201120_071914_954-768x768.jpg 768w, https:\/\/agora.xtec.cat\/escolatorrelameu\/wp-content\/uploads\/usu2232\/2020\/11\/IMG_20201120_071914_954.jpg 1280w\" sizes=\"auto, (max-width: 800px) 100vw, 800px\" \/><\/a><\/div>\n","protected":false},"excerpt":{"rendered":"<p>No sabem ben b\u00e9 que ha sigut que aquesta sortida a La Mitjana ha esdevingut una sortida molt agradable, emocionant i una esperada experi\u00e8ncia. Tants dies tancats o semitancats a casa, ens fan prendre consci\u00e8ncia de que \u00e9s all\u00f2 que ens agrada, ens vincula m\u00e9s&hellip;  <a href=\"https:\/\/agora.xtec.cat\/escolatorrelameu\/general\/la-mitjana\/\" title=\"Read La Mitjana\">Llegeix m\u00e9s\u00bb<\/a><\/p>\n","protected":false},"author":5,"featured_media":0,"comment_status":"open","ping_status":"closed","sticky":false,"template":"","format":"standard","meta":{"_bbp_topic_count":0,"_bbp_reply_count":0,"_bbp_total_topic_count":0,"_bbp_total_reply_count":0,"_bbp_voice_count":0,"_bbp_anonymous_reply_count":0,"_bbp_topic_count_hidden":0,"_bbp_reply_count_hidden":0,"_bbp_forum_subforum_count":0,"footnotes":""},"categories":[1,2,61,4],"tags":[64,66,16],"class_list":["post-701","post","type-post","status-publish","format-standard","hentry","category-general","category-infantil","category-petits","category-portada","tag-comunitat-de-petits","tag-descoberta","tag-sortides"],"post_mailing_queue_ids":[],"_links":{"self":[{"href":"https:\/\/agora.xtec.cat\/escolatorrelameu\/wp-json\/wp\/v2\/posts\/701","targetHints":{"allow":["GET"]}}],"collection":[{"href":"https:\/\/agora.xtec.cat\/escolatorrelameu\/wp-json\/wp\/v2\/posts"}],"about":[{"href":"https:\/\/agora.xtec.cat\/escolatorrelameu\/wp-json\/wp\/v2\/types\/post"}],"author":[{"embeddable":true,"href":"https:\/\/agora.xtec.cat\/escolatorrelameu\/wp-json\/wp\/v2\/users\/5"}],"replies":[{"embeddable":true,"href":"https:\/\/agora.xtec.cat\/escolatorrelameu\/wp-json\/wp\/v2\/comments?post=701"}],"version-history":[{"count":4,"href":"https:\/\/agora.xtec.cat\/escolatorrelameu\/wp-json\/wp\/v2\/posts\/701\/revisions"}],"predecessor-version":[{"id":709,"href":"https:\/\/agora.xtec.cat\/escolatorrelameu\/wp-json\/wp\/v2\/posts\/701\/revisions\/709"}],"wp:attachment":[{"href":"https:\/\/agora.xtec.cat\/escolatorrelameu\/wp-json\/wp\/v2\/media?parent=701"}],"wp:term":[{"taxonomy":"category","embeddable":true,"href":"https:\/\/agora.xtec.cat\/escolatorrelameu\/wp-json\/wp\/v2\/categories?post=701"},{"taxonomy":"post_tag","embeddable":true,"href":"https:\/\/agora.xtec.cat\/escolatorrelameu\/wp-json\/wp\/v2\/tags?post=701"}],"curies":[{"name":"wp","href":"https:\/\/api.w.org\/{rel}","templated":true}]}}