{"id":533,"date":"2020-09-13T09:50:55","date_gmt":"2020-09-13T07:50:55","guid":{"rendered":"https:\/\/agora.xtec.cat\/escolatorrelameu\/?p=533"},"modified":"2020-09-13T09:50:55","modified_gmt":"2020-09-13T07:50:55","slug":"benvinguts-i-benvingudes","status":"publish","type":"post","link":"https:\/\/agora.xtec.cat\/escolatorrelameu\/general\/benvinguts-i-benvingudes\/","title":{"rendered":"Benvinguts i benvingudes"},"content":{"rendered":"<p><span style=\"font-weight: 400;\">Fa mesos que ens envolta una situaci\u00f3 estranya, nova&#8230; Hi ha qui diu que \u00e9s l&#8217;inici d&#8217;una nova forma de viure, altres diuen que passar\u00e0 aviat o tard&#8230;<\/span><\/p>\n<p><span style=\"font-weight: 400;\">Des d\u2019aquest sensaci\u00f3, sabem que aquest curs ser\u00e0 especial\u2026<\/span><\/p>\n<p><span style=\"font-weight: 400;\">Tots i totes necessitem el mateix: tenir la tranquil\u00b7litat i la seguretat de la normalitat quan estiguem junts. Caminar amb comoditat sabent-nos part d\u2019un tot, creat a partir de cadasc\u00fa de nosaltres.\u00a0\u00a0<\/span><\/p>\n<p><span style=\"font-weight: 400;\">Enmig dels canvis, sentim l\u2019anhel de no deixar-nos prendre l\u2019ess\u00e8ncia, de mantenir-nos fermes i defensar tot all\u00f2 que hem guanyat, que hem fet nostre\u2026 Per tant, ens hem de cuidar, acompanyar, hem de poder enfrontar els problemes des del di\u00e0leg i les paraules, hem de saber reconvertir la situaci\u00f3 a la qual ens ha abocat el virus en aprenentatge, del tipus que sigui\u2026\u00a0<\/span><\/p>\n<p><span style=\"font-weight: 400;\">No volem educar en la por al contagi i en la culpa, des d\u2019un sentiment en qu\u00e8 les inquietuds es tornin f\u00f2bies que ens paralitzen. Aquests no s\u00f3n pilars d\u2019all\u00f2 que som&#8230;<\/span><\/p>\n<p><span style=\"font-weight: 400;\">Hem de poder riure, plorar, emocionar-nos, parlar, c\u00f3rrer, cantar\u2026 Fer-ho amb intensitat i franquesa, tot i que, a voltes, ho haurem de fer darrere d&#8217;una mascareta que complica el llenguatge de les emocions.\u00a0<\/span><\/p>\n<p><span style=\"font-weight: 400;\">\u00a0<\/span><span style=\"font-weight: 400;\">Aquest curs donem la benvinguda a la Marcela, el Roc, el David, la Laia, la Sara, l\u2019\u00cdngrid i la Renata.\u00a0<\/span><\/p>\n<p style=\"text-align: right;\"><b>No tinguis por\u2026 Cada llavor sap com arribar a ser arbre.<\/b><\/p>\n<p style=\"text-align: right;\"><span style=\"font-weight: 400;\">Jorge Bucay<\/span><\/p>\n","protected":false},"excerpt":{"rendered":"<p>Fa mesos que ens envolta una situaci\u00f3 estranya, nova&#8230; Hi ha qui diu que \u00e9s l&#8217;inici d&#8217;una nova forma de viure, altres diuen que passar\u00e0 aviat o tard&#8230;<br \/>\nDes d\u2019aquest sensaci\u00f3, sabem que aquest curs ser\u00e0 especial\u2026<br \/>\nTots i totes necessitem el mateix: tenir la tranquil\u00b7litat i&hellip;  <a href=\"https:\/\/agora.xtec.cat\/escolatorrelameu\/general\/benvinguts-i-benvingudes\/\" title=\"Read Benvinguts i benvingudes\">Llegeix m\u00e9s\u00bb<\/a><\/p>\n","protected":false},"author":1,"featured_media":0,"comment_status":"open","ping_status":"closed","sticky":false,"template":"","format":"standard","meta":{"_bbp_topic_count":0,"_bbp_reply_count":0,"_bbp_total_topic_count":0,"_bbp_total_reply_count":0,"_bbp_voice_count":0,"_bbp_anonymous_reply_count":0,"_bbp_topic_count_hidden":0,"_bbp_reply_count_hidden":0,"_bbp_forum_subforum_count":0,"footnotes":""},"categories":[1],"tags":[],"class_list":["post-533","post","type-post","status-publish","format-standard","hentry","category-general"],"post_mailing_queue_ids":[],"_links":{"self":[{"href":"https:\/\/agora.xtec.cat\/escolatorrelameu\/wp-json\/wp\/v2\/posts\/533","targetHints":{"allow":["GET"]}}],"collection":[{"href":"https:\/\/agora.xtec.cat\/escolatorrelameu\/wp-json\/wp\/v2\/posts"}],"about":[{"href":"https:\/\/agora.xtec.cat\/escolatorrelameu\/wp-json\/wp\/v2\/types\/post"}],"author":[{"embeddable":true,"href":"https:\/\/agora.xtec.cat\/escolatorrelameu\/wp-json\/wp\/v2\/users\/1"}],"replies":[{"embeddable":true,"href":"https:\/\/agora.xtec.cat\/escolatorrelameu\/wp-json\/wp\/v2\/comments?post=533"}],"version-history":[{"count":1,"href":"https:\/\/agora.xtec.cat\/escolatorrelameu\/wp-json\/wp\/v2\/posts\/533\/revisions"}],"predecessor-version":[{"id":534,"href":"https:\/\/agora.xtec.cat\/escolatorrelameu\/wp-json\/wp\/v2\/posts\/533\/revisions\/534"}],"wp:attachment":[{"href":"https:\/\/agora.xtec.cat\/escolatorrelameu\/wp-json\/wp\/v2\/media?parent=533"}],"wp:term":[{"taxonomy":"category","embeddable":true,"href":"https:\/\/agora.xtec.cat\/escolatorrelameu\/wp-json\/wp\/v2\/categories?post=533"},{"taxonomy":"post_tag","embeddable":true,"href":"https:\/\/agora.xtec.cat\/escolatorrelameu\/wp-json\/wp\/v2\/tags?post=533"}],"curies":[{"name":"wp","href":"https:\/\/api.w.org\/{rel}","templated":true}]}}