{"id":4311,"date":"2026-04-13T13:00:09","date_gmt":"2026-04-13T11:00:09","guid":{"rendered":"https:\/\/agora.xtec.cat\/escolatorrelameu\/?p=4311"},"modified":"2026-04-13T09:49:05","modified_gmt":"2026-04-13T07:49:05","slug":"donar-valor-a-les-petites-tasques-aprendre-a-traves-de-letiquetatge-de-llibres","status":"publish","type":"post","link":"https:\/\/agora.xtec.cat\/escolatorrelameu\/general\/donar-valor-a-les-petites-tasques-aprendre-a-traves-de-letiquetatge-de-llibres\/","title":{"rendered":"Donar valor a les petites tasques: aprendre a trav\u00e9s de l\u2019etiquetatge de llibres"},"content":{"rendered":"<p class=\"isSelectedEnd\">Sovint pensem que l\u2019aprenentatge nom\u00e9s es produeix dins l\u2019aula, amb llibres de text i explicacions. Per\u00f2 hi ha moltes altres maneres d\u2019aprendre, i una d\u2019elles \u00e9s a trav\u00e9s de la participaci\u00f3 activa en tasques quotidianes com l\u2019etiquetatge de llibres de la biblioteca escolar.<\/p>\n<p class=\"isSelectedEnd\">Aquesta activitat, aparentment senzilla, t\u00e9 un gran valor educatiu. Quan els alumnes col\u00b7laboren en l\u2019organitzaci\u00f3 dels llibres, no nom\u00e9s ajuden a mantenir l\u2019ordre, sin\u00f3 que tamb\u00e9 entenen millor com funciona una biblioteca: la classificaci\u00f3, la import\u00e0ncia de cada etiqueta, i com es facilita la recerca de la informaci\u00f3.<\/p>\n<p class=\"isSelectedEnd\">De fet, gr\u00e0cies a aquesta iniciativa hem pogut comen\u00e7ar la tasca del nou etiquetatge de la biblioteca amb l\u2019objectiu d\u2019automatitzar el pr\u00e9stec. Amb l\u2019ajuda de la Francina, que s\u2019encarrega de preparar les etiquetes, fer el registre i introduir els exemplars a l\u2019ordinador, hem pogut posar en marxa aquest proc\u00e9s de modernitzaci\u00f3.<\/p>\n<p class=\"isSelectedEnd\">A m\u00e9s, participar en aquestes tasques fomenta valors com la responsabilitat, el treball en equip i el respecte pels materials comuns. Els alumnes passen de ser simples usuaris a formar part activa del funcionament de l\u2019espai, cosa que refor\u00e7a el seu sentiment de pertinen\u00e7a i implicaci\u00f3.<\/p>\n<p class=\"isSelectedEnd\">D\u2019altra banda, aquest tipus d\u2019activitats tamb\u00e9 contribueixen a desenvolupar habilitats pr\u00e0ctiques i a valorar la feina que sovint queda invisibilitzada, com \u00e9s la gesti\u00f3 i manteniment d\u2019una biblioteca.<img loading=\"lazy\" decoding=\"async\" class=\"aligncenter size-full wp-image-4313\" src=\"https:\/\/agora.xtec.cat\/escolatorrelameu\/wp-content\/uploads\/usu2232\/2026\/04\/Biblioteca.jpg\" alt=\"\" width=\"2000\" height=\"1238\" srcset=\"https:\/\/agora.xtec.cat\/escolatorrelameu\/wp-content\/uploads\/usu2232\/2026\/04\/Biblioteca.jpg 2000w, https:\/\/agora.xtec.cat\/escolatorrelameu\/wp-content\/uploads\/usu2232\/2026\/04\/Biblioteca-300x186.jpg 300w, https:\/\/agora.xtec.cat\/escolatorrelameu\/wp-content\/uploads\/usu2232\/2026\/04\/Biblioteca-1024x634.jpg 1024w, https:\/\/agora.xtec.cat\/escolatorrelameu\/wp-content\/uploads\/usu2232\/2026\/04\/Biblioteca-768x475.jpg 768w, https:\/\/agora.xtec.cat\/escolatorrelameu\/wp-content\/uploads\/usu2232\/2026\/04\/Biblioteca-1536x951.jpg 1536w\" sizes=\"auto, (max-width: 2000px) 100vw, 2000px\" \/><\/p>\n<p class=\"isSelectedEnd\">En definitiva, ajudar en tasques com l\u2019etiquetatge de llibres no nom\u00e9s \u00e9s \u00fatil, sin\u00f3 que es converteix en una experi\u00e8ncia d\u2019aprenentatge significativa. \u00c9s una manera d\u2019educar m\u00e9s enll\u00e0 dels continguts, formant persones responsables, aut\u00f2nomes i conscients del valor del treball col\u00b7laboratiu.<\/p>\n","protected":false},"excerpt":{"rendered":"<p>Sovint pensem que l\u2019aprenentatge nom\u00e9s es produeix dins l\u2019aula, amb llibres de text i explicacions. Per\u00f2 hi ha moltes altres maneres d\u2019aprendre, i una d\u2019elles \u00e9s a trav\u00e9s de la participaci\u00f3 activa en tasques quotidianes com l\u2019etiquetatge de llibres de la biblioteca escolar.<br \/>\nAquesta activitat, aparentment&hellip;  <a href=\"https:\/\/agora.xtec.cat\/escolatorrelameu\/general\/donar-valor-a-les-petites-tasques-aprendre-a-traves-de-letiquetatge-de-llibres\/\" title=\"Read Donar valor a les petites tasques: aprendre a trav\u00e9s de l\u2019etiquetatge de llibres\">Llegeix m\u00e9s\u00bb<\/a><\/p>\n","protected":false},"author":14,"featured_media":4312,"comment_status":"open","ping_status":"open","sticky":false,"template":"","format":"standard","meta":{"_bbp_topic_count":0,"_bbp_reply_count":0,"_bbp_total_topic_count":0,"_bbp_total_reply_count":0,"_bbp_voice_count":0,"_bbp_anonymous_reply_count":0,"_bbp_topic_count_hidden":0,"_bbp_reply_count_hidden":0,"_bbp_forum_subforum_count":0,"footnotes":""},"categories":[1],"tags":[],"class_list":["post-4311","post","type-post","status-publish","format-standard","has-post-thumbnail","hentry","category-general"],"post_mailing_queue_ids":[],"_links":{"self":[{"href":"https:\/\/agora.xtec.cat\/escolatorrelameu\/wp-json\/wp\/v2\/posts\/4311","targetHints":{"allow":["GET"]}}],"collection":[{"href":"https:\/\/agora.xtec.cat\/escolatorrelameu\/wp-json\/wp\/v2\/posts"}],"about":[{"href":"https:\/\/agora.xtec.cat\/escolatorrelameu\/wp-json\/wp\/v2\/types\/post"}],"author":[{"embeddable":true,"href":"https:\/\/agora.xtec.cat\/escolatorrelameu\/wp-json\/wp\/v2\/users\/14"}],"replies":[{"embeddable":true,"href":"https:\/\/agora.xtec.cat\/escolatorrelameu\/wp-json\/wp\/v2\/comments?post=4311"}],"version-history":[{"count":1,"href":"https:\/\/agora.xtec.cat\/escolatorrelameu\/wp-json\/wp\/v2\/posts\/4311\/revisions"}],"predecessor-version":[{"id":4314,"href":"https:\/\/agora.xtec.cat\/escolatorrelameu\/wp-json\/wp\/v2\/posts\/4311\/revisions\/4314"}],"wp:featuredmedia":[{"embeddable":true,"href":"https:\/\/agora.xtec.cat\/escolatorrelameu\/wp-json\/wp\/v2\/media\/4312"}],"wp:attachment":[{"href":"https:\/\/agora.xtec.cat\/escolatorrelameu\/wp-json\/wp\/v2\/media?parent=4311"}],"wp:term":[{"taxonomy":"category","embeddable":true,"href":"https:\/\/agora.xtec.cat\/escolatorrelameu\/wp-json\/wp\/v2\/categories?post=4311"},{"taxonomy":"post_tag","embeddable":true,"href":"https:\/\/agora.xtec.cat\/escolatorrelameu\/wp-json\/wp\/v2\/tags?post=4311"}],"curies":[{"name":"wp","href":"https:\/\/api.w.org\/{rel}","templated":true}]}}