{"id":4302,"date":"2026-04-13T12:58:10","date_gmt":"2026-04-13T10:58:10","guid":{"rendered":"https:\/\/agora.xtec.cat\/escolatorrelameu\/?p=4302"},"modified":"2026-04-13T09:49:34","modified_gmt":"2026-04-13T07:49:34","slug":"la-magia-del-retrobament-exalumnes-que-tornen-a-casa","status":"publish","type":"post","link":"https:\/\/agora.xtec.cat\/escolatorrelameu\/general\/la-magia-del-retrobament-exalumnes-que-tornen-a-casa\/","title":{"rendered":"La m\u00e0gia del retrobament: exalumnes que tornen a casa"},"content":{"rendered":"<p class=\"isSelectedEnd\" style=\"text-align: justify;\">Dins de la nit a l\u2019escola, hi ha moments que brillen amb una llum especial. Un d\u2019aquests \u00e9s, sens dubte, l\u2019espai dedicat als exalumnes. Un instant que va m\u00e9s enll\u00e0 de la trobada: \u00e9s emoci\u00f3, \u00e9s mem\u00f2ria i \u00e9s vincle.<\/p>\n<p class=\"isSelectedEnd\" style=\"text-align: justify;\">Quan marxeu de l\u2019escola, sovint ho feu carregats de somnis i amb aquell desig sincer de tornar. I nosaltres sempre us ho diem: l\u2019escola continua sent casa vostra. Per\u00f2 perqu\u00e8 aquest retrobament sigui possible, cal alguna cosa m\u00e9s que la nost\u00e0lgia: cal voluntat, cal esfor\u00e7 i cal cuidar aquest fil invisible que ens mant\u00e9 units malgrat el pas del temps.<\/p>\n<p class=\"isSelectedEnd\" style=\"text-align: justify;\">Retrobar-se no \u00e9s nom\u00e9s coincidir; \u00e9s decidir tornar a formar part, encara que sigui per unes hores, d\u2019all\u00f2 que ens va marcar. \u00c9s fer lloc a les hist\u00f2ries compartides, posar nom als records i recon\u00e8ixer-nos en les persones que som avui.<\/p>\n<p class=\"isSelectedEnd\" style=\"text-align: justify;\">En aquest sentit, pren un valor molt especial el joc que els Grans preparen per als exalumnes. A trav\u00e9s de propostes pensades amb cura, us conviden a reviure moments que van fer \u00fanica la vostra etapa a l\u2019escola. \u00c9s un pont entre generacions, una manera delicada i creativa de dir-vos: \u201crecordeu qui \u00e9reu aqu\u00ed, recordeu qu\u00e8 vau viure\u201d. En aquest joc hi ha molt m\u00e9s que diversi\u00f3: hi ha reconeixement, estima i continu\u00eftat.<\/p>\n<p class=\"isSelectedEnd\" style=\"text-align: justify;\">No totes les escoles generen ni preserven aquests espais. I potser per aix\u00f2 encara pren m\u00e9s valor el fet de poder-lo viure aqu\u00ed. Disposar d\u2019un moment pensat exclusivament per als exalumnes \u00e9s una aposta clara per la comunitat, per la mem\u00f2ria compartida i per la import\u00e0ncia dels vincles que no s\u2019esborren.<\/p>\n<p class=\"isSelectedEnd\" style=\"text-align: justify;\">I enmig de la trobada, la fotografia de grup: somriures que es reconeixen, mirades c\u00f2mplices i el pas del temps fet present, per\u00f2 amable. Una imatge que no nom\u00e9s captura qui som avui, sin\u00f3 tot el que hem estat junts.<img loading=\"lazy\" decoding=\"async\" class=\"aligncenter size-full wp-image-4303\" src=\"https:\/\/agora.xtec.cat\/escolatorrelameu\/wp-content\/uploads\/usu2232\/2026\/04\/Joc-amb-exalumnes.jpg\" alt=\"\" width=\"2000\" height=\"1238\" srcset=\"https:\/\/agora.xtec.cat\/escolatorrelameu\/wp-content\/uploads\/usu2232\/2026\/04\/Joc-amb-exalumnes.jpg 2000w, https:\/\/agora.xtec.cat\/escolatorrelameu\/wp-content\/uploads\/usu2232\/2026\/04\/Joc-amb-exalumnes-300x186.jpg 300w, https:\/\/agora.xtec.cat\/escolatorrelameu\/wp-content\/uploads\/usu2232\/2026\/04\/Joc-amb-exalumnes-1024x634.jpg 1024w, https:\/\/agora.xtec.cat\/escolatorrelameu\/wp-content\/uploads\/usu2232\/2026\/04\/Joc-amb-exalumnes-768x475.jpg 768w, https:\/\/agora.xtec.cat\/escolatorrelameu\/wp-content\/uploads\/usu2232\/2026\/04\/Joc-amb-exalumnes-1536x951.jpg 1536w\" sizes=\"auto, (max-width: 2000px) 100vw, 2000px\" \/><\/p>\n<p class=\"isSelectedEnd\" style=\"text-align: justify;\">Qu\u00e8 bonic \u00e9s poder viure aquest moment a l\u2019escola. Les empremtes de les mans a la paret, les fotografies dels grups que han passat per les aules, els espais compartits\u2026 i tamb\u00e9 els canvis que el temps hi ha deixat. Tot adquireix una nova dimensi\u00f3: m\u00e9s dol\u00e7a, m\u00e9s nost\u00e0lgica, profundament agra\u00efda i, sobretot, compartida.<\/p>\n<p class=\"isSelectedEnd\" style=\"text-align: justify;\">Perqu\u00e8 l\u2019escola no \u00e9s nom\u00e9s un lloc on s\u2019apr\u00e8n, sin\u00f3 un espai que deixa petjada. I vosaltres, exalumnes, en sou \u2014i en sereu sempre\u2014 una part imprescindible.<\/p>\n<p style=\"text-align: justify;\"><span style=\"color: #3366ff;\"><strong>I a tots aquells que encara no heu tornat, us hi esperem. Perqu\u00e8 sempre hi ha un lloc per a vosaltres, i perqu\u00e8 els retrobaments que valen la pena\u2026 encara estan per viure.<\/strong><\/span><\/p>\n","protected":false},"excerpt":{"rendered":"<p>Dins de la nit a l\u2019escola, hi ha moments que brillen amb una llum especial. Un d\u2019aquests \u00e9s, sens dubte, l\u2019espai dedicat als exalumnes. Un instant que va m\u00e9s enll\u00e0 de la trobada: \u00e9s emoci\u00f3, \u00e9s mem\u00f2ria i \u00e9s vincle.<br \/>\nQuan marxeu de l\u2019escola, sovint ho&hellip;  <a href=\"https:\/\/agora.xtec.cat\/escolatorrelameu\/general\/la-magia-del-retrobament-exalumnes-que-tornen-a-casa\/\" title=\"Read La m\u00e0gia del retrobament: exalumnes que tornen a casa\">Llegeix m\u00e9s\u00bb<\/a><\/p>\n","protected":false},"author":14,"featured_media":4304,"comment_status":"open","ping_status":"open","sticky":false,"template":"","format":"standard","meta":{"_bbp_topic_count":0,"_bbp_reply_count":0,"_bbp_total_topic_count":0,"_bbp_total_reply_count":0,"_bbp_voice_count":0,"_bbp_anonymous_reply_count":0,"_bbp_topic_count_hidden":0,"_bbp_reply_count_hidden":0,"_bbp_forum_subforum_count":0,"footnotes":""},"categories":[1],"tags":[],"class_list":["post-4302","post","type-post","status-publish","format-standard","has-post-thumbnail","hentry","category-general"],"post_mailing_queue_ids":[],"_links":{"self":[{"href":"https:\/\/agora.xtec.cat\/escolatorrelameu\/wp-json\/wp\/v2\/posts\/4302","targetHints":{"allow":["GET"]}}],"collection":[{"href":"https:\/\/agora.xtec.cat\/escolatorrelameu\/wp-json\/wp\/v2\/posts"}],"about":[{"href":"https:\/\/agora.xtec.cat\/escolatorrelameu\/wp-json\/wp\/v2\/types\/post"}],"author":[{"embeddable":true,"href":"https:\/\/agora.xtec.cat\/escolatorrelameu\/wp-json\/wp\/v2\/users\/14"}],"replies":[{"embeddable":true,"href":"https:\/\/agora.xtec.cat\/escolatorrelameu\/wp-json\/wp\/v2\/comments?post=4302"}],"version-history":[{"count":1,"href":"https:\/\/agora.xtec.cat\/escolatorrelameu\/wp-json\/wp\/v2\/posts\/4302\/revisions"}],"predecessor-version":[{"id":4305,"href":"https:\/\/agora.xtec.cat\/escolatorrelameu\/wp-json\/wp\/v2\/posts\/4302\/revisions\/4305"}],"wp:featuredmedia":[{"embeddable":true,"href":"https:\/\/agora.xtec.cat\/escolatorrelameu\/wp-json\/wp\/v2\/media\/4304"}],"wp:attachment":[{"href":"https:\/\/agora.xtec.cat\/escolatorrelameu\/wp-json\/wp\/v2\/media?parent=4302"}],"wp:term":[{"taxonomy":"category","embeddable":true,"href":"https:\/\/agora.xtec.cat\/escolatorrelameu\/wp-json\/wp\/v2\/categories?post=4302"},{"taxonomy":"post_tag","embeddable":true,"href":"https:\/\/agora.xtec.cat\/escolatorrelameu\/wp-json\/wp\/v2\/tags?post=4302"}],"curies":[{"name":"wp","href":"https:\/\/api.w.org\/{rel}","templated":true}]}}