{"id":4285,"date":"2026-03-06T09:58:15","date_gmt":"2026-03-06T08:58:15","guid":{"rendered":"https:\/\/agora.xtec.cat\/escolatorrelameu\/?p=4285"},"modified":"2026-03-06T09:58:15","modified_gmt":"2026-03-06T08:58:15","slug":"balaguer-esport-trobada-i-valors-compartits","status":"publish","type":"post","link":"https:\/\/agora.xtec.cat\/escolatorrelameu\/general\/balaguer-esport-trobada-i-valors-compartits\/","title":{"rendered":"Balaguer: esport, trobada i valors compartits"},"content":{"rendered":"<p class=\"isSelectedEnd\">Ahir vam assistir a la trobada esportiva de Balaguer, una jornada molt especial de conviv\u00e8ncia amb altres escoles. \u00c9s un dia de trobada, d\u2019encontres, d\u2019esport, de cohesi\u00f3 i de coneixen\u00e7a entre alumnes i mestres, on l\u2019activitat f\u00edsica es converteix tamb\u00e9 en una oportunitat per compartir experi\u00e8ncies i aprendre plegats.<\/p>\n<p class=\"isSelectedEnd\">M\u00e9s enll\u00e0 de la competici\u00f3, aquesta jornada destaca pels valors que promou: el respecte, el treball en equip, l\u2019esfor\u00e7 i la conviv\u00e8ncia entre centres.<\/p>\n<p class=\"isSelectedEnd\">Un cop m\u00e9s, volem agrair la feina dels mestres d\u2019educaci\u00f3 f\u00edsica que fan possible aquesta celebraci\u00f3. La seva capacitat d\u2019organitzaci\u00f3, la gesti\u00f3 dels imprevistos \u2014com la pluja o alguns retards\u2014 i la rapidesa en la presa de decisions demostren la gran feina que hi ha darrere d\u2019un dia com aquest.<\/p>\n<p>Gr\u00e0cies per fer possible una jornada tan enriquidora per a tots.<img loading=\"lazy\" decoding=\"async\" class=\"aligncenter size-full wp-image-4287\" src=\"https:\/\/agora.xtec.cat\/escolatorrelameu\/wp-content\/uploads\/usu2232\/2026\/03\/Collage-Jornada-esportiva.jpg\" alt=\"\" width=\"2000\" height=\"1238\" srcset=\"https:\/\/agora.xtec.cat\/escolatorrelameu\/wp-content\/uploads\/usu2232\/2026\/03\/Collage-Jornada-esportiva.jpg 2000w, https:\/\/agora.xtec.cat\/escolatorrelameu\/wp-content\/uploads\/usu2232\/2026\/03\/Collage-Jornada-esportiva-300x186.jpg 300w, https:\/\/agora.xtec.cat\/escolatorrelameu\/wp-content\/uploads\/usu2232\/2026\/03\/Collage-Jornada-esportiva-1024x634.jpg 1024w, https:\/\/agora.xtec.cat\/escolatorrelameu\/wp-content\/uploads\/usu2232\/2026\/03\/Collage-Jornada-esportiva-768x475.jpg 768w, https:\/\/agora.xtec.cat\/escolatorrelameu\/wp-content\/uploads\/usu2232\/2026\/03\/Collage-Jornada-esportiva-1536x951.jpg 1536w\" sizes=\"auto, (max-width: 2000px) 100vw, 2000px\" \/><\/p>\n","protected":false},"excerpt":{"rendered":"<p>Ahir vam assistir a la trobada esportiva de Balaguer, una jornada molt especial de conviv\u00e8ncia amb altres escoles. \u00c9s un dia de trobada, d\u2019encontres, d\u2019esport, de cohesi\u00f3 i de coneixen\u00e7a entre alumnes i mestres, on l\u2019activitat f\u00edsica es converteix tamb\u00e9 en una oportunitat per compartir&hellip;  <a href=\"https:\/\/agora.xtec.cat\/escolatorrelameu\/general\/balaguer-esport-trobada-i-valors-compartits\/\" title=\"Read Balaguer: esport, trobada i valors compartits\">Llegeix m\u00e9s\u00bb<\/a><\/p>\n","protected":false},"author":14,"featured_media":4286,"comment_status":"open","ping_status":"open","sticky":false,"template":"","format":"standard","meta":{"_bbp_topic_count":0,"_bbp_reply_count":0,"_bbp_total_topic_count":0,"_bbp_total_reply_count":0,"_bbp_voice_count":0,"_bbp_anonymous_reply_count":0,"_bbp_topic_count_hidden":0,"_bbp_reply_count_hidden":0,"_bbp_forum_subforum_count":0,"footnotes":""},"categories":[1],"tags":[],"class_list":["post-4285","post","type-post","status-publish","format-standard","has-post-thumbnail","hentry","category-general"],"post_mailing_queue_ids":[],"_links":{"self":[{"href":"https:\/\/agora.xtec.cat\/escolatorrelameu\/wp-json\/wp\/v2\/posts\/4285","targetHints":{"allow":["GET"]}}],"collection":[{"href":"https:\/\/agora.xtec.cat\/escolatorrelameu\/wp-json\/wp\/v2\/posts"}],"about":[{"href":"https:\/\/agora.xtec.cat\/escolatorrelameu\/wp-json\/wp\/v2\/types\/post"}],"author":[{"embeddable":true,"href":"https:\/\/agora.xtec.cat\/escolatorrelameu\/wp-json\/wp\/v2\/users\/14"}],"replies":[{"embeddable":true,"href":"https:\/\/agora.xtec.cat\/escolatorrelameu\/wp-json\/wp\/v2\/comments?post=4285"}],"version-history":[{"count":1,"href":"https:\/\/agora.xtec.cat\/escolatorrelameu\/wp-json\/wp\/v2\/posts\/4285\/revisions"}],"predecessor-version":[{"id":4288,"href":"https:\/\/agora.xtec.cat\/escolatorrelameu\/wp-json\/wp\/v2\/posts\/4285\/revisions\/4288"}],"wp:featuredmedia":[{"embeddable":true,"href":"https:\/\/agora.xtec.cat\/escolatorrelameu\/wp-json\/wp\/v2\/media\/4286"}],"wp:attachment":[{"href":"https:\/\/agora.xtec.cat\/escolatorrelameu\/wp-json\/wp\/v2\/media?parent=4285"}],"wp:term":[{"taxonomy":"category","embeddable":true,"href":"https:\/\/agora.xtec.cat\/escolatorrelameu\/wp-json\/wp\/v2\/categories?post=4285"},{"taxonomy":"post_tag","embeddable":true,"href":"https:\/\/agora.xtec.cat\/escolatorrelameu\/wp-json\/wp\/v2\/tags?post=4285"}],"curies":[{"name":"wp","href":"https:\/\/api.w.org\/{rel}","templated":true}]}}