{"id":4247,"date":"2026-02-08T12:01:16","date_gmt":"2026-02-08T11:01:16","guid":{"rendered":"https:\/\/agora.xtec.cat\/escolatorrelameu\/?p=4247"},"modified":"2026-02-08T12:01:16","modified_gmt":"2026-02-08T11:01:16","slug":"principi-4","status":"publish","type":"post","link":"https:\/\/agora.xtec.cat\/escolatorrelameu\/general\/principi-4\/","title":{"rendered":"Principi 4"},"content":{"rendered":"<p style=\"text-align: center;\"><strong>Principi 4:<\/strong> <em>Quan tenim les necessitats cobertes podem donar el millor de nosaltres.\u00a0<\/em><\/p>\n<p style=\"text-align: center;\"><em>Identificar les necessitats \u00e9s clau per decidir quines accions poden ser m\u00e9s \u00fatils per donar resposta a qualsevol situaci\u00f3 que es doni.\u00a0<\/em><\/p>\n<p>&nbsp;<\/p>\n<p style=\"text-align: center;\">Diuen que una imatge val m\u00e9s que mil paraules.<\/p>\n<p><img loading=\"lazy\" decoding=\"async\" class=\"aligncenter wp-image-4249 \" src=\"https:\/\/agora.xtec.cat\/escolatorrelameu\/wp-content\/uploads\/usu2232\/2026\/02\/necessitats-no-cobertes-e1770548060403.jpg\" alt=\"\" width=\"393\" height=\"321\" srcset=\"https:\/\/agora.xtec.cat\/escolatorrelameu\/wp-content\/uploads\/usu2232\/2026\/02\/necessitats-no-cobertes-e1770548060403.jpg 1170w, https:\/\/agora.xtec.cat\/escolatorrelameu\/wp-content\/uploads\/usu2232\/2026\/02\/necessitats-no-cobertes-e1770548060403-300x245.jpg 300w, https:\/\/agora.xtec.cat\/escolatorrelameu\/wp-content\/uploads\/usu2232\/2026\/02\/necessitats-no-cobertes-e1770548060403-1024x837.jpg 1024w, https:\/\/agora.xtec.cat\/escolatorrelameu\/wp-content\/uploads\/usu2232\/2026\/02\/necessitats-no-cobertes-e1770548060403-768x628.jpg 768w\" sizes=\"auto, (max-width: 393px) 100vw, 393px\" \/><\/p>\n<p>Quan una persona t\u00e9 un conflicte, sigui quin sigui i tant \u00e9s l&#8217;edat que tingui, \u00e9s perqu\u00e8 en algun moment ha sentit que li faltava alguna cosa: reconeixement, just\u00edcia, tranquil\u00b7litat, respecte, igualtat, afecte, silenci&#8230; \u00c9s molt probable que en el moment del conflicte no sigui conscient d&#8217;aquesta necessitat no coberta i la seva resposta sigui defensar-se, fugir o atacar (en les moltes versions que es poden donar de cada reacci\u00f3).<\/p>\n<p>Per tant, les persones que estem al seu voltant, haurem de tenir molt present que la seva reacci\u00f3 (la punta de l&#8217;iceberg que veiem) ha estat desencadenada per una NECESSITAT NO COBERTA (la part de l&#8217;iceberg amagada sota l&#8217;aigua). Quan es pugui reprendre la conversa, haurem d&#8217;ajudar-nos a esbrinar quina ha estat, qu\u00e8 ha generat el malestar. Si arribem a manifestar-ho, haurem fet un pas de gegant.<\/p>\n<p>Per aquest motiu, les cartes de les necessitats s\u00f3n molt presents a l&#8217;escola. Sovint les fem servir quan costa trobar les paraules. No \u00e9s f\u00e0cil identificar l&#8217;origen (ens costa als adults en les nostres vides d&#8217;adults!), doncs encara m\u00e9s als infants.<\/p>\n<p>A les aules el plantejament ha estat en posar de manifest qu\u00e8 necessitem per estar b\u00e9! Algunes cartes van coincidir a tot arreu!<\/p>\n<p><img loading=\"lazy\" decoding=\"async\" class=\"aligncenter size-full wp-image-4241\" src=\"https:\/\/agora.xtec.cat\/escolatorrelameu\/wp-content\/uploads\/usu2232\/2026\/02\/4t-ppi-PETITS.jpg\" alt=\"\" width=\"1200\" height=\"643\" srcset=\"https:\/\/agora.xtec.cat\/escolatorrelameu\/wp-content\/uploads\/usu2232\/2026\/02\/4t-ppi-PETITS.jpg 1200w, https:\/\/agora.xtec.cat\/escolatorrelameu\/wp-content\/uploads\/usu2232\/2026\/02\/4t-ppi-PETITS-300x161.jpg 300w, https:\/\/agora.xtec.cat\/escolatorrelameu\/wp-content\/uploads\/usu2232\/2026\/02\/4t-ppi-PETITS-1024x549.jpg 1024w, https:\/\/agora.xtec.cat\/escolatorrelameu\/wp-content\/uploads\/usu2232\/2026\/02\/4t-ppi-PETITS-768x412.jpg 768w\" sizes=\"auto, (max-width: 1200px) 100vw, 1200px\" \/><\/p>\n<p><img loading=\"lazy\" decoding=\"async\" class=\"aligncenter size-full wp-image-4246\" src=\"https:\/\/agora.xtec.cat\/escolatorrelameu\/wp-content\/uploads\/usu2232\/2026\/02\/mitjans-4t.jpg\" alt=\"\" width=\"1200\" height=\"752\" srcset=\"https:\/\/agora.xtec.cat\/escolatorrelameu\/wp-content\/uploads\/usu2232\/2026\/02\/mitjans-4t.jpg 1200w, https:\/\/agora.xtec.cat\/escolatorrelameu\/wp-content\/uploads\/usu2232\/2026\/02\/mitjans-4t-300x188.jpg 300w, https:\/\/agora.xtec.cat\/escolatorrelameu\/wp-content\/uploads\/usu2232\/2026\/02\/mitjans-4t-1024x642.jpg 1024w, https:\/\/agora.xtec.cat\/escolatorrelameu\/wp-content\/uploads\/usu2232\/2026\/02\/mitjans-4t-768x481.jpg 768w\" sizes=\"auto, (max-width: 1200px) 100vw, 1200px\" \/><\/p>\n<p><img loading=\"lazy\" decoding=\"async\" class=\"size-full wp-image-4245\" src=\"https:\/\/agora.xtec.cat\/escolatorrelameu\/wp-content\/uploads\/usu2232\/2026\/02\/grans-4t.jpg\" alt=\"\" width=\"1200\" height=\"948\" srcset=\"https:\/\/agora.xtec.cat\/escolatorrelameu\/wp-content\/uploads\/usu2232\/2026\/02\/grans-4t.jpg 1200w, https:\/\/agora.xtec.cat\/escolatorrelameu\/wp-content\/uploads\/usu2232\/2026\/02\/grans-4t-300x237.jpg 300w, https:\/\/agora.xtec.cat\/escolatorrelameu\/wp-content\/uploads\/usu2232\/2026\/02\/grans-4t-1024x809.jpg 1024w, https:\/\/agora.xtec.cat\/escolatorrelameu\/wp-content\/uploads\/usu2232\/2026\/02\/grans-4t-768x607.jpg 768w\" sizes=\"auto, (max-width: 1200px) 100vw, 1200px\" \/><\/p>\n<p>&nbsp;<\/p>\n","protected":false},"excerpt":{"rendered":"<p>Principi 4: Quan tenim les necessitats cobertes podem donar el millor de nosaltres.\u00a0<br \/>\nIdentificar les necessitats \u00e9s clau per decidir quines accions poden ser m\u00e9s \u00fatils per donar resposta a qualsevol situaci\u00f3 que es doni.\u00a0<br \/>\n&nbsp;<br \/>\nDiuen que una imatge val m\u00e9s que mil paraules.<\/p>\n<p>Quan una persona t\u00e9&hellip;  <a href=\"https:\/\/agora.xtec.cat\/escolatorrelameu\/general\/principi-4\/\" title=\"Read Principi 4\">Llegeix m\u00e9s\u00bb<\/a><\/p>\n","protected":false},"author":14,"featured_media":4242,"comment_status":"open","ping_status":"open","sticky":false,"template":"","format":"standard","meta":{"_bbp_topic_count":0,"_bbp_reply_count":0,"_bbp_total_topic_count":0,"_bbp_total_reply_count":0,"_bbp_voice_count":0,"_bbp_anonymous_reply_count":0,"_bbp_topic_count_hidden":0,"_bbp_reply_count_hidden":0,"_bbp_forum_subforum_count":0,"footnotes":""},"categories":[1],"tags":[],"class_list":["post-4247","post","type-post","status-publish","format-standard","has-post-thumbnail","hentry","category-general"],"post_mailing_queue_ids":[],"_links":{"self":[{"href":"https:\/\/agora.xtec.cat\/escolatorrelameu\/wp-json\/wp\/v2\/posts\/4247","targetHints":{"allow":["GET"]}}],"collection":[{"href":"https:\/\/agora.xtec.cat\/escolatorrelameu\/wp-json\/wp\/v2\/posts"}],"about":[{"href":"https:\/\/agora.xtec.cat\/escolatorrelameu\/wp-json\/wp\/v2\/types\/post"}],"author":[{"embeddable":true,"href":"https:\/\/agora.xtec.cat\/escolatorrelameu\/wp-json\/wp\/v2\/users\/14"}],"replies":[{"embeddable":true,"href":"https:\/\/agora.xtec.cat\/escolatorrelameu\/wp-json\/wp\/v2\/comments?post=4247"}],"version-history":[{"count":2,"href":"https:\/\/agora.xtec.cat\/escolatorrelameu\/wp-json\/wp\/v2\/posts\/4247\/revisions"}],"predecessor-version":[{"id":4250,"href":"https:\/\/agora.xtec.cat\/escolatorrelameu\/wp-json\/wp\/v2\/posts\/4247\/revisions\/4250"}],"wp:featuredmedia":[{"embeddable":true,"href":"https:\/\/agora.xtec.cat\/escolatorrelameu\/wp-json\/wp\/v2\/media\/4242"}],"wp:attachment":[{"href":"https:\/\/agora.xtec.cat\/escolatorrelameu\/wp-json\/wp\/v2\/media?parent=4247"}],"wp:term":[{"taxonomy":"category","embeddable":true,"href":"https:\/\/agora.xtec.cat\/escolatorrelameu\/wp-json\/wp\/v2\/categories?post=4247"},{"taxonomy":"post_tag","embeddable":true,"href":"https:\/\/agora.xtec.cat\/escolatorrelameu\/wp-json\/wp\/v2\/tags?post=4247"}],"curies":[{"name":"wp","href":"https:\/\/api.w.org\/{rel}","templated":true}]}}