{"id":4194,"date":"2025-12-28T22:10:15","date_gmt":"2025-12-28T21:10:15","guid":{"rendered":"https:\/\/agora.xtec.cat\/escolatorrelameu\/?p=4194"},"modified":"2025-12-28T22:10:15","modified_gmt":"2025-12-28T21:10:15","slug":"fer-cinema-per-explicar-qui-som","status":"publish","type":"post","link":"https:\/\/agora.xtec.cat\/escolatorrelameu\/general\/fer-cinema-per-explicar-qui-som\/","title":{"rendered":"Fer cinema per explicar qui som"},"content":{"rendered":"<p style=\"text-align: justify;\"><span style=\"color: #ff0000;\"><strong>El cinema ha estat el fil conductor d\u2019un curs ple d\u2019aprenentatges, emocions i descobertes. El 27 de desembre, dins el marc de La Mercantil en Off Film Festival, aquest cam\u00ed compartit va prendre forma amb la presentaci\u00f3 del curt <em data-start=\"845\" data-end=\"883\">Vincles, apertas i paraules fermosas entre Cangas i Torrelameu<\/em>, una pel\u00b7l\u00edcula que parla de nosaltres, del nostre entorn i de la nostra manera de viure.<\/strong><\/span><\/p>\n<p style=\"text-align: justify;\">El dia 27 de desembre a les 19.00 h, dins el marc de La Mercantil en Off Film Festival, va tenir lloc la presentaci\u00f3 del curt <em>Vincles, apertas i paraules fermosas entre Cangas i Torrelameu<\/em>. Veure la sala plena va ser un moment molt especial per a tot l\u2019equip. El que es va compartir aquell dia va ser la culminaci\u00f3 d\u2019un proc\u00e9s llarg i intens dut a terme a l\u2019escola, a l\u2019aula de Grans i Mitjans, al llarg del curs 2024-2025.<\/p>\n<p style=\"text-align: justify;\">Durant la presentaci\u00f3, cinc dels divuit cineastes del film \u2014l\u2019Iru, l\u2019Amat, l\u2019Efren, la Martina i el Quim\u2014 van ser presents i van posar paraules a l\u2019experi\u00e8ncia viscuda, compartint amb el p\u00fablic el proc\u00e9s de creaci\u00f3 de la pel\u00b7l\u00edcula i tot all\u00f2 que havien apr\u00e8s al llarg del curs.<\/p>\n<p><span style=\"color: #ff0000;\"><strong><img loading=\"lazy\" decoding=\"async\" class=\"aligncenter size-full wp-image-4197\" src=\"https:\/\/agora.xtec.cat\/escolatorrelameu\/wp-content\/uploads\/usu2232\/2025\/12\/2-1.jpg\" alt=\"\" width=\"2000\" height=\"1238\" srcset=\"https:\/\/agora.xtec.cat\/escolatorrelameu\/wp-content\/uploads\/usu2232\/2025\/12\/2-1.jpg 2000w, https:\/\/agora.xtec.cat\/escolatorrelameu\/wp-content\/uploads\/usu2232\/2025\/12\/2-1-300x186.jpg 300w, https:\/\/agora.xtec.cat\/escolatorrelameu\/wp-content\/uploads\/usu2232\/2025\/12\/2-1-1024x634.jpg 1024w, https:\/\/agora.xtec.cat\/escolatorrelameu\/wp-content\/uploads\/usu2232\/2025\/12\/2-1-768x475.jpg 768w, https:\/\/agora.xtec.cat\/escolatorrelameu\/wp-content\/uploads\/usu2232\/2025\/12\/2-1-1536x951.jpg 1536w\" sizes=\"auto, (max-width: 2000px) 100vw, 2000px\" \/><\/strong><\/span><\/p>\n<p style=\"text-align: justify;\">Explicar tot el que s\u2019ha viscut no \u00e9s f\u00e0cil. Durant el proc\u00e9s s\u2019han apr\u00e8s moltes coses i s\u2019han sentit moltes emocions. Quan s\u2019est\u00e0 immers en la creaci\u00f3, sovint no se n\u2019\u00e9s del tot conscient. \u00c9s amb el pas del temps que es pot mirar enrere i entendre tot el que aquest cam\u00ed ha significat.<\/p>\n<p style=\"text-align: justify;\">El projecte s\u2019emmarca dins Cinema en curs, una iniciativa de pedagogia del cinema que porta el llenguatge cinematogr\u00e0fic a escoles i instituts. A trav\u00e9s del cinema, els infants aprenen a recon\u00e8ixer com se senten i a expressar aquestes emocions amb imatges i sons. Tamb\u00e9 aprenen a mirar les pel\u00b7l\u00edcules d\u2019una altra manera: a fixar-se en la llum, el so, els paisatges, els retrats i els silencis.<\/p>\n<p style=\"text-align: justify;\">Durant el proc\u00e9s de creaci\u00f3 s\u2019han treballat valors importants com la paci\u00e8ncia, el respecte pels temps, el silenci i l\u2019esfor\u00e7. Han apr\u00e8s que no tot surt a la primera, per\u00f2 que amb const\u00e0ncia i treball en equip es poden aconseguir els objectius. Cada idea compta i cada aportaci\u00f3 \u00e9s important.<\/p>\n<p style=\"text-align: justify;\">Al llarg del projecte tamb\u00e9 han conegut cineastes i han analitzat com el cinema pot expressar emocions com l\u2019alegria, la tristesa, la r\u00e0bia, l\u2019euf\u00f2ria, el f\u00e0stic o l\u2019angoixa. A m\u00e9s, han pogut experimentar diferents rols dins del cinema: han estat sonoristes, claquetistes, guionistes, c\u00e0meres, actrius i cineastes.<\/p>\n<p style=\"text-align: justify;\">Un dels elements m\u00e9s enriquidors del curs ha estat la correspond\u00e8ncia cinematogr\u00e0fica amb el CEIP A R\u00faa de Cangas do Morrazo, a Gal\u00edcia. A trav\u00e9s de l\u2019intercanvi de plans i cartes filmades entre Cangas i Torrelameu, s\u2019ha anat construint la pel\u00b7l\u00edcula final.<\/p>\n<p><span style=\"color: #ff0000;\"><strong><img loading=\"lazy\" decoding=\"async\" class=\"aligncenter size-full wp-image-4199\" src=\"https:\/\/agora.xtec.cat\/escolatorrelameu\/wp-content\/uploads\/usu2232\/2025\/12\/1-1.jpg\" alt=\"\" width=\"2000\" height=\"1238\" srcset=\"https:\/\/agora.xtec.cat\/escolatorrelameu\/wp-content\/uploads\/usu2232\/2025\/12\/1-1.jpg 2000w, https:\/\/agora.xtec.cat\/escolatorrelameu\/wp-content\/uploads\/usu2232\/2025\/12\/1-1-300x186.jpg 300w, https:\/\/agora.xtec.cat\/escolatorrelameu\/wp-content\/uploads\/usu2232\/2025\/12\/1-1-1024x634.jpg 1024w, https:\/\/agora.xtec.cat\/escolatorrelameu\/wp-content\/uploads\/usu2232\/2025\/12\/1-1-768x475.jpg 768w, https:\/\/agora.xtec.cat\/escolatorrelameu\/wp-content\/uploads\/usu2232\/2025\/12\/1-1-1536x951.jpg 1536w\" sizes=\"auto, (max-width: 2000px) 100vw, 2000px\" \/><\/strong><\/span><\/p>\n<p style=\"text-align: justify;\">El curt parla de qui s\u00f3n: de casa seva, del poble, del dia a dia, dels oficis, de la manera de viure, de l\u2019entorn, de la cultura i de la imaginaci\u00f3. \u00c9s una pel\u00b7l\u00edcula que els representa i en la qual es reconeixen. Veure\u2019s reflectits a la pantalla genera orgull i emoci\u00f3, i refor\u00e7a la import\u00e0ncia d\u2019explicar all\u00f2 que es viu i all\u00f2 que s\u2019\u00e9s.<\/p>\n<p style=\"text-align: justify;\">El projecte no hauria estat possible sense la col\u00b7laboraci\u00f3 de moltes persones. Per aix\u00f2 es vol fer un agra\u00efment al CEIP A R\u00faa de Cangas do Morrazo, a l\u2019equip de Cinema en curs, a Ingrid Ferrer Homs, la cineasta que ha acompanyat el proc\u00e9s, a les mestres de l\u2019escola, a l\u2019Ajuntament de Torrelameu i a totes les persones que s\u2019han deixat filmar o han participat en el projecte.<\/p>\n<p style=\"text-align: justify;\">Finalment, tamb\u00e9 es vol agrair a La Mercantil l\u2019oportunitat d\u2019obrir les portes, donar espai al cinema fet a l\u2019escola i permetre compartir i celebrar aquest treball amb la seva comunitat i el p\u00fablic assistent.<\/p>\n<p style=\"text-align: justify;\">La presentaci\u00f3 tamb\u00e9 va tenir un moment molt especial i inesperat: un cop visualitzat el curt, la Rosa Andreu, encarregada de presentar tot l\u2019acte, va convidar l\u2019equip a restar a l\u2019escenari. En aquell moment, va fer entrega d\u2019un premi que va esdevenir un gest ple de reconeixement, orgull i agra\u00efment per tota la feina feta. Va ser una sorpresa molt emotiva que va donar encara m\u00e9s sentit i valor a tot el proc\u00e9s viscut.<\/p>\n<p><span style=\"color: #ff0000;\"><strong><img loading=\"lazy\" decoding=\"async\" class=\"aligncenter size-full wp-image-4198\" src=\"https:\/\/agora.xtec.cat\/escolatorrelameu\/wp-content\/uploads\/usu2232\/2025\/12\/3-1.jpg\" alt=\"\" width=\"2000\" height=\"1238\" srcset=\"https:\/\/agora.xtec.cat\/escolatorrelameu\/wp-content\/uploads\/usu2232\/2025\/12\/3-1.jpg 2000w, https:\/\/agora.xtec.cat\/escolatorrelameu\/wp-content\/uploads\/usu2232\/2025\/12\/3-1-300x186.jpg 300w, https:\/\/agora.xtec.cat\/escolatorrelameu\/wp-content\/uploads\/usu2232\/2025\/12\/3-1-1024x634.jpg 1024w, https:\/\/agora.xtec.cat\/escolatorrelameu\/wp-content\/uploads\/usu2232\/2025\/12\/3-1-768x475.jpg 768w, https:\/\/agora.xtec.cat\/escolatorrelameu\/wp-content\/uploads\/usu2232\/2025\/12\/3-1-1536x951.jpg 1536w\" sizes=\"auto, (max-width: 2000px) 100vw, 2000px\" \/><\/strong><\/span><\/p>\n","protected":false},"excerpt":{"rendered":"<p>El cinema ha estat el fil conductor d\u2019un curs ple d\u2019aprenentatges, emocions i descobertes. El 27 de desembre, dins el marc de La Mercantil en Off Film Festival, aquest cam\u00ed compartit va prendre forma amb la presentaci\u00f3 del curt Vincles, apertas i paraules fermosas entre&hellip;  <a href=\"https:\/\/agora.xtec.cat\/escolatorrelameu\/general\/fer-cinema-per-explicar-qui-som\/\" title=\"Read Fer cinema per explicar qui som\">Llegeix m\u00e9s\u00bb<\/a><\/p>\n","protected":false},"author":14,"featured_media":4200,"comment_status":"open","ping_status":"open","sticky":false,"template":"","format":"standard","meta":{"_bbp_topic_count":0,"_bbp_reply_count":0,"_bbp_total_topic_count":0,"_bbp_total_reply_count":0,"_bbp_voice_count":0,"_bbp_anonymous_reply_count":0,"_bbp_topic_count_hidden":0,"_bbp_reply_count_hidden":0,"_bbp_forum_subforum_count":0,"footnotes":""},"categories":[1],"tags":[],"class_list":["post-4194","post","type-post","status-publish","format-standard","has-post-thumbnail","hentry","category-general"],"post_mailing_queue_ids":[],"_links":{"self":[{"href":"https:\/\/agora.xtec.cat\/escolatorrelameu\/wp-json\/wp\/v2\/posts\/4194","targetHints":{"allow":["GET"]}}],"collection":[{"href":"https:\/\/agora.xtec.cat\/escolatorrelameu\/wp-json\/wp\/v2\/posts"}],"about":[{"href":"https:\/\/agora.xtec.cat\/escolatorrelameu\/wp-json\/wp\/v2\/types\/post"}],"author":[{"embeddable":true,"href":"https:\/\/agora.xtec.cat\/escolatorrelameu\/wp-json\/wp\/v2\/users\/14"}],"replies":[{"embeddable":true,"href":"https:\/\/agora.xtec.cat\/escolatorrelameu\/wp-json\/wp\/v2\/comments?post=4194"}],"version-history":[{"count":3,"href":"https:\/\/agora.xtec.cat\/escolatorrelameu\/wp-json\/wp\/v2\/posts\/4194\/revisions"}],"predecessor-version":[{"id":4201,"href":"https:\/\/agora.xtec.cat\/escolatorrelameu\/wp-json\/wp\/v2\/posts\/4194\/revisions\/4201"}],"wp:featuredmedia":[{"embeddable":true,"href":"https:\/\/agora.xtec.cat\/escolatorrelameu\/wp-json\/wp\/v2\/media\/4200"}],"wp:attachment":[{"href":"https:\/\/agora.xtec.cat\/escolatorrelameu\/wp-json\/wp\/v2\/media?parent=4194"}],"wp:term":[{"taxonomy":"category","embeddable":true,"href":"https:\/\/agora.xtec.cat\/escolatorrelameu\/wp-json\/wp\/v2\/categories?post=4194"},{"taxonomy":"post_tag","embeddable":true,"href":"https:\/\/agora.xtec.cat\/escolatorrelameu\/wp-json\/wp\/v2\/tags?post=4194"}],"curies":[{"name":"wp","href":"https:\/\/api.w.org\/{rel}","templated":true}]}}