{"id":4178,"date":"2025-12-27T13:30:47","date_gmt":"2025-12-27T12:30:47","guid":{"rendered":"https:\/\/agora.xtec.cat\/escolatorrelameu\/?p=4178"},"modified":"2025-12-26T22:31:32","modified_gmt":"2025-12-26T21:31:32","slug":"un-somriure-cap-a-venecuela-quan-la-distancia-es-fa-petita","status":"publish","type":"post","link":"https:\/\/agora.xtec.cat\/escolatorrelameu\/general\/un-somriure-cap-a-venecuela-quan-la-distancia-es-fa-petita\/","title":{"rendered":"Un somriure cap a Vene\u00e7uela: quan la dist\u00e0ncia es fa petita"},"content":{"rendered":"<p style=\"text-align: justify;\" data-start=\"151\" data-end=\"490\">A trav\u00e9s d\u2019una conversa amb el Mikhail, ens va explicar que enyorava molt els seus companys de Vene\u00e7uela. Parlava d\u2019ells amb afecte, amb aquella nost\u00e0lgia que apareix quan deixes enrere persones importants i una part de la teva vida. Aquell moment ens va fer pensar que, m\u00e9s enll\u00e0 de les paraules, necessitava sentir-se acompanyat.<\/p>\n<p style=\"text-align: justify;\" data-start=\"492\" data-end=\"776\">D\u2019aqu\u00ed va n\u00e9ixer la idea: escriure una carta col\u00b7lectiva adre\u00e7ada als seus companys perqu\u00e8 poguessin veure com \u00e9s la seva vida aqu\u00ed i, sobretot, perqu\u00e8 sabessin que el Mikhail est\u00e0 estimat, acollit i segur. Vol\u00edem que el missatge arrib\u00e9s clar: tot i la dist\u00e0ncia, no est\u00e0 sol.<\/p>\n<p style=\"text-align: justify;\" data-start=\"778\" data-end=\"1095\">Per fer-ho possible, ens vam organitzar per grups. Alguns es van encarregar de fer fotografies del dia a dia, dels espais i de moments que formen part de la seva nova realitat. Altres es van dedicar a redactar els textos, explicant com \u00e9s la vida aqu\u00ed, qu\u00e8 fem plegats i com ens sentim compartint aquest cam\u00ed.<\/p>\n<p style=\"text-align: justify;\" data-start=\"1097\" data-end=\"1324\">La idea inicial tamb\u00e9 inclo\u00efa dibuixos per acompanyar la carta i fer-la encara m\u00e9s personal i visual. Finalment, per\u00f2, no vam tenir prou temps per acabar-los, tot i que l\u2019esperit creatiu hi va ser present fins al final.<\/p>\n<p data-start=\"1097\" data-end=\"1324\"><img loading=\"lazy\" decoding=\"async\" class=\"aligncenter size-full wp-image-4181\" src=\"https:\/\/agora.xtec.cat\/escolatorrelameu\/wp-content\/uploads\/usu2232\/2025\/12\/Collage.-Coses-de-la-carta-de-Venecuela.jpg\" alt=\"\" width=\"2000\" height=\"300\" srcset=\"https:\/\/agora.xtec.cat\/escolatorrelameu\/wp-content\/uploads\/usu2232\/2025\/12\/Collage.-Coses-de-la-carta-de-Venecuela.jpg 2000w, https:\/\/agora.xtec.cat\/escolatorrelameu\/wp-content\/uploads\/usu2232\/2025\/12\/Collage.-Coses-de-la-carta-de-Venecuela-300x45.jpg 300w, https:\/\/agora.xtec.cat\/escolatorrelameu\/wp-content\/uploads\/usu2232\/2025\/12\/Collage.-Coses-de-la-carta-de-Venecuela-1024x154.jpg 1024w, https:\/\/agora.xtec.cat\/escolatorrelameu\/wp-content\/uploads\/usu2232\/2025\/12\/Collage.-Coses-de-la-carta-de-Venecuela-768x115.jpg 768w, https:\/\/agora.xtec.cat\/escolatorrelameu\/wp-content\/uploads\/usu2232\/2025\/12\/Collage.-Coses-de-la-carta-de-Venecuela-1536x230.jpg 1536w\" sizes=\"auto, (max-width: 2000px) 100vw, 2000px\" \/><\/p>\n<p style=\"text-align: justify;\" data-start=\"1326\" data-end=\"1569\">A m\u00e9s, vam voler afegir-hi un toc l\u00fadic: un joc perqu\u00e8 endevinessin qui \u00e9s qui, combinant fotos i pistes. D\u2019aquesta manera, la carta no nom\u00e9s explicava, sin\u00f3 que tamb\u00e9 convidava a jugar, a mirar amb calma i a sentir-se una mica m\u00e9s a prop.<\/p>\n<p data-start=\"1326\" data-end=\"1569\"><img loading=\"lazy\" decoding=\"async\" class=\"aligncenter size-full wp-image-4180\" src=\"https:\/\/agora.xtec.cat\/escolatorrelameu\/wp-content\/uploads\/usu2232\/2025\/12\/IMG-20251218-WA0002.jpg\" alt=\"\" width=\"824\" height=\"534\" srcset=\"https:\/\/agora.xtec.cat\/escolatorrelameu\/wp-content\/uploads\/usu2232\/2025\/12\/IMG-20251218-WA0002.jpg 824w, https:\/\/agora.xtec.cat\/escolatorrelameu\/wp-content\/uploads\/usu2232\/2025\/12\/IMG-20251218-WA0002-300x194.jpg 300w, https:\/\/agora.xtec.cat\/escolatorrelameu\/wp-content\/uploads\/usu2232\/2025\/12\/IMG-20251218-WA0002-768x498.jpg 768w\" sizes=\"auto, (max-width: 824px) 100vw, 824px\" \/><\/p>\n<p style=\"font-family: 'Helvetica Neue', Helvetica, Helvetica, Arial, sans-serif; font-size: 16px;\"><img loading=\"lazy\" decoding=\"async\" class=\"alignleft wp-image-4179 size-large\" src=\"https:\/\/agora.xtec.cat\/escolatorrelameu\/wp-content\/uploads\/usu2232\/2025\/12\/Les-cartes-a-Venecuela-512x1024.jpg\" alt=\"\" width=\"512\" height=\"1024\" srcset=\"https:\/\/agora.xtec.cat\/escolatorrelameu\/wp-content\/uploads\/usu2232\/2025\/12\/Les-cartes-a-Venecuela-512x1024.jpg 512w, https:\/\/agora.xtec.cat\/escolatorrelameu\/wp-content\/uploads\/usu2232\/2025\/12\/Les-cartes-a-Venecuela-150x300.jpg 150w, https:\/\/agora.xtec.cat\/escolatorrelameu\/wp-content\/uploads\/usu2232\/2025\/12\/Les-cartes-a-Venecuela-768x1536.jpg 768w, https:\/\/agora.xtec.cat\/escolatorrelameu\/wp-content\/uploads\/usu2232\/2025\/12\/Les-cartes-a-Venecuela.jpg 1000w\" sizes=\"auto, (max-width: 512px) 100vw, 512px\" \/><\/p>\n<p style=\"text-align: justify;\" data-start=\"1571\" data-end=\"1889\">Tot plegat va culminar amb una entrega oficial de la carta a l\u2019Armando, carregada d\u2019il\u00b7lusi\u00f3, complicitat i orgull pel treball fet. Un gest senzill, per\u00f2 ple de significat: un somriure compartit i una picada d\u2019ullet cap a Vene\u00e7uela, com dient que la dist\u00e0ncia existeix, s\u00ed, per\u00f2 que els vincles continuen vius.<\/p>\n<p><span style=\"font-family: inherit; font-size: 1em; text-align: justify;\">Aquest petit projecte ens ha recordat que <\/span><span style=\"font-family: inherit; font-size: 1em; text-align: justify;\">acollir va molt m\u00e9s enll\u00e0 d\u2019un espai f\u00edsic<\/span><span style=\"font-family: inherit; font-size: 1em; text-align: justify;\">. Acollir \u00e9s escoltar, empatitzar i buscar maneres perqu\u00e8 l\u2019altra persona se senti part del grup. I, sobretot, \u00e9s tenir cura dels vincles, encara que travessin oceans.<\/span><\/p>\n","protected":false},"excerpt":{"rendered":"<p>A trav\u00e9s d\u2019una conversa amb el Mikhail, ens va explicar que enyorava molt els seus companys de Vene\u00e7uela. Parlava d\u2019ells amb afecte, amb aquella nost\u00e0lgia que apareix quan deixes enrere persones importants i una part de la teva vida. Aquell moment ens va fer pensar&hellip;  <a href=\"https:\/\/agora.xtec.cat\/escolatorrelameu\/general\/un-somriure-cap-a-venecuela-quan-la-distancia-es-fa-petita\/\" title=\"Read Un somriure cap a Vene\u00e7uela: quan la dist\u00e0ncia es fa petita\">Llegeix m\u00e9s\u00bb<\/a><\/p>\n","protected":false},"author":14,"featured_media":4180,"comment_status":"open","ping_status":"open","sticky":false,"template":"","format":"standard","meta":{"_bbp_topic_count":0,"_bbp_reply_count":0,"_bbp_total_topic_count":0,"_bbp_total_reply_count":0,"_bbp_voice_count":0,"_bbp_anonymous_reply_count":0,"_bbp_topic_count_hidden":0,"_bbp_reply_count_hidden":0,"_bbp_forum_subforum_count":0,"footnotes":""},"categories":[1],"tags":[],"class_list":["post-4178","post","type-post","status-publish","format-standard","has-post-thumbnail","hentry","category-general"],"post_mailing_queue_ids":[],"_links":{"self":[{"href":"https:\/\/agora.xtec.cat\/escolatorrelameu\/wp-json\/wp\/v2\/posts\/4178","targetHints":{"allow":["GET"]}}],"collection":[{"href":"https:\/\/agora.xtec.cat\/escolatorrelameu\/wp-json\/wp\/v2\/posts"}],"about":[{"href":"https:\/\/agora.xtec.cat\/escolatorrelameu\/wp-json\/wp\/v2\/types\/post"}],"author":[{"embeddable":true,"href":"https:\/\/agora.xtec.cat\/escolatorrelameu\/wp-json\/wp\/v2\/users\/14"}],"replies":[{"embeddable":true,"href":"https:\/\/agora.xtec.cat\/escolatorrelameu\/wp-json\/wp\/v2\/comments?post=4178"}],"version-history":[{"count":2,"href":"https:\/\/agora.xtec.cat\/escolatorrelameu\/wp-json\/wp\/v2\/posts\/4178\/revisions"}],"predecessor-version":[{"id":4183,"href":"https:\/\/agora.xtec.cat\/escolatorrelameu\/wp-json\/wp\/v2\/posts\/4178\/revisions\/4183"}],"wp:featuredmedia":[{"embeddable":true,"href":"https:\/\/agora.xtec.cat\/escolatorrelameu\/wp-json\/wp\/v2\/media\/4180"}],"wp:attachment":[{"href":"https:\/\/agora.xtec.cat\/escolatorrelameu\/wp-json\/wp\/v2\/media?parent=4178"}],"wp:term":[{"taxonomy":"category","embeddable":true,"href":"https:\/\/agora.xtec.cat\/escolatorrelameu\/wp-json\/wp\/v2\/categories?post=4178"},{"taxonomy":"post_tag","embeddable":true,"href":"https:\/\/agora.xtec.cat\/escolatorrelameu\/wp-json\/wp\/v2\/tags?post=4178"}],"curies":[{"name":"wp","href":"https:\/\/api.w.org\/{rel}","templated":true}]}}