{"id":4176,"date":"2025-12-28T12:00:00","date_gmt":"2025-12-28T11:00:00","guid":{"rendered":"https:\/\/agora.xtec.cat\/escolatorrelameu\/?p=4176"},"modified":"2025-12-28T12:00:00","modified_gmt":"2025-12-28T11:00:00","slug":"jugar-junts-per-acomiadar-el-trimestre","status":"publish","type":"post","link":"https:\/\/agora.xtec.cat\/escolatorrelameu\/general\/jugar-junts-per-acomiadar-el-trimestre\/","title":{"rendered":"Jugar junts per acomiadar el trimestre"},"content":{"rendered":"<p style=\"text-align: justify;\" data-start=\"86\" data-end=\"336\">L&#8217;\u00faltim mat\u00ed del primer trimestre procurem tancar-lo amb joc i il\u00b7lusi\u00f3. Cada any intentem anar a una ludoteca per compartir una estona diferent, l\u00fadica i enriquidora. Aquest any, per\u00f2, no ha estat possible, ja que no ens podien atendre en divendres.<\/p>\n<p style=\"text-align: justify;\" data-start=\"343\" data-end=\"544\">Davant d\u2019aix\u00f2, vam decidir portar la ludoteca a l\u2019escola. Vam unir diferents espais \u2014el menjador, la biblioteca i l\u2019aula de Mitjans\u2014 en un gran espai de joc, trobada i conviv\u00e8ncia.<\/p>\n<p style=\"text-align: justify;\" data-start=\"551\" data-end=\"894\">Amb Jugarijugar i la Carla com a referent l\u00fadica, els infants van experimentar les possibilitats del Clixo, unes peces magn\u00e8tiques que, jugades amb imaginaci\u00f3, permeten crear formes ben originals: corones, penjolls, cotxes i moltes altres construccions, tot vivint el material des d\u2019una perspectiva manipulativa i creativa.<\/p>\n<p data-start=\"551\" data-end=\"894\"><img loading=\"lazy\" decoding=\"async\" class=\"aligncenter size-full wp-image-4192\" src=\"https:\/\/agora.xtec.cat\/escolatorrelameu\/wp-content\/uploads\/usu2232\/2025\/12\/resum-tallers-de-jocs-1.jpg\" alt=\"\" width=\"1307\" height=\"1790\" srcset=\"https:\/\/agora.xtec.cat\/escolatorrelameu\/wp-content\/uploads\/usu2232\/2025\/12\/resum-tallers-de-jocs-1.jpg 1307w, https:\/\/agora.xtec.cat\/escolatorrelameu\/wp-content\/uploads\/usu2232\/2025\/12\/resum-tallers-de-jocs-1-219x300.jpg 219w, https:\/\/agora.xtec.cat\/escolatorrelameu\/wp-content\/uploads\/usu2232\/2025\/12\/resum-tallers-de-jocs-1-748x1024.jpg 748w, https:\/\/agora.xtec.cat\/escolatorrelameu\/wp-content\/uploads\/usu2232\/2025\/12\/resum-tallers-de-jocs-1-768x1052.jpg 768w, https:\/\/agora.xtec.cat\/escolatorrelameu\/wp-content\/uploads\/usu2232\/2025\/12\/resum-tallers-de-jocs-1-1122x1536.jpg 1122w\" sizes=\"auto, (max-width: 1307px) 100vw, 1307px\" \/><\/p>\n<p style=\"text-align: justify;\" data-start=\"901\" data-end=\"1133\">Tamb\u00e9 van jugar amb animals i Magna-Tiles, superf\u00edcies magn\u00e8tiques que van permetre construir parcs zool\u00f2gics plens de detalls, amb la participaci\u00f3 de molts infants alhora, afavorint el joc compartit i la relaci\u00f3 entre iguals.<\/p>\n<p data-start=\"901\" data-end=\"1133\"><img loading=\"lazy\" decoding=\"async\" class=\"aligncenter size-full wp-image-4191\" src=\"https:\/\/agora.xtec.cat\/escolatorrelameu\/wp-content\/uploads\/usu2232\/2025\/12\/resum-tallers-de-jocs.jpg\" alt=\"\" width=\"1302\" height=\"1783\" srcset=\"https:\/\/agora.xtec.cat\/escolatorrelameu\/wp-content\/uploads\/usu2232\/2025\/12\/resum-tallers-de-jocs.jpg 1302w, https:\/\/agora.xtec.cat\/escolatorrelameu\/wp-content\/uploads\/usu2232\/2025\/12\/resum-tallers-de-jocs-219x300.jpg 219w, https:\/\/agora.xtec.cat\/escolatorrelameu\/wp-content\/uploads\/usu2232\/2025\/12\/resum-tallers-de-jocs-748x1024.jpg 748w, https:\/\/agora.xtec.cat\/escolatorrelameu\/wp-content\/uploads\/usu2232\/2025\/12\/resum-tallers-de-jocs-768x1052.jpg 768w, https:\/\/agora.xtec.cat\/escolatorrelameu\/wp-content\/uploads\/usu2232\/2025\/12\/resum-tallers-de-jocs-1122x1536.jpg 1122w\" sizes=\"auto, (max-width: 1302px) 100vw, 1302px\" \/><\/p>\n<p style=\"text-align: justify;\" data-start=\"1140\" data-end=\"1273\">Aquesta proposta ens va permetre tancar el trimestre d\u2019una manera especial, posant el joc, la creativitat i la conviv\u00e8ncia al centre.<\/p>\n","protected":false},"excerpt":{"rendered":"<p>L&#8217;\u00faltim mat\u00ed del primer trimestre procurem tancar-lo amb joc i il\u00b7lusi\u00f3. Cada any intentem anar a una ludoteca per compartir una estona diferent, l\u00fadica i enriquidora. Aquest any, per\u00f2, no ha estat possible, ja que no ens podien atendre en divendres.<br \/>\nDavant d\u2019aix\u00f2, vam decidir portar&hellip;  <a href=\"https:\/\/agora.xtec.cat\/escolatorrelameu\/general\/jugar-junts-per-acomiadar-el-trimestre\/\" title=\"Read Jugar junts per acomiadar el trimestre\">Llegeix m\u00e9s\u00bb<\/a><\/p>\n","protected":false},"author":14,"featured_media":4190,"comment_status":"open","ping_status":"open","sticky":false,"template":"","format":"standard","meta":{"_bbp_topic_count":0,"_bbp_reply_count":0,"_bbp_total_topic_count":0,"_bbp_total_reply_count":0,"_bbp_voice_count":0,"_bbp_anonymous_reply_count":0,"_bbp_topic_count_hidden":0,"_bbp_reply_count_hidden":0,"_bbp_forum_subforum_count":0,"footnotes":""},"categories":[1],"tags":[],"class_list":["post-4176","post","type-post","status-publish","format-standard","has-post-thumbnail","hentry","category-general"],"post_mailing_queue_ids":[],"_links":{"self":[{"href":"https:\/\/agora.xtec.cat\/escolatorrelameu\/wp-json\/wp\/v2\/posts\/4176","targetHints":{"allow":["GET"]}}],"collection":[{"href":"https:\/\/agora.xtec.cat\/escolatorrelameu\/wp-json\/wp\/v2\/posts"}],"about":[{"href":"https:\/\/agora.xtec.cat\/escolatorrelameu\/wp-json\/wp\/v2\/types\/post"}],"author":[{"embeddable":true,"href":"https:\/\/agora.xtec.cat\/escolatorrelameu\/wp-json\/wp\/v2\/users\/14"}],"replies":[{"embeddable":true,"href":"https:\/\/agora.xtec.cat\/escolatorrelameu\/wp-json\/wp\/v2\/comments?post=4176"}],"version-history":[{"count":2,"href":"https:\/\/agora.xtec.cat\/escolatorrelameu\/wp-json\/wp\/v2\/posts\/4176\/revisions"}],"predecessor-version":[{"id":4193,"href":"https:\/\/agora.xtec.cat\/escolatorrelameu\/wp-json\/wp\/v2\/posts\/4176\/revisions\/4193"}],"wp:featuredmedia":[{"embeddable":true,"href":"https:\/\/agora.xtec.cat\/escolatorrelameu\/wp-json\/wp\/v2\/media\/4190"}],"wp:attachment":[{"href":"https:\/\/agora.xtec.cat\/escolatorrelameu\/wp-json\/wp\/v2\/media?parent=4176"}],"wp:term":[{"taxonomy":"category","embeddable":true,"href":"https:\/\/agora.xtec.cat\/escolatorrelameu\/wp-json\/wp\/v2\/categories?post=4176"},{"taxonomy":"post_tag","embeddable":true,"href":"https:\/\/agora.xtec.cat\/escolatorrelameu\/wp-json\/wp\/v2\/tags?post=4176"}],"curies":[{"name":"wp","href":"https:\/\/api.w.org\/{rel}","templated":true}]}}