{"id":4156,"date":"2025-12-23T11:43:05","date_gmt":"2025-12-23T10:43:05","guid":{"rendered":"https:\/\/agora.xtec.cat\/escolatorrelameu\/?p=4156"},"modified":"2025-12-23T11:43:05","modified_gmt":"2025-12-23T10:43:05","slug":"menys-pantalla-mes-vida","status":"publish","type":"post","link":"https:\/\/agora.xtec.cat\/escolatorrelameu\/general\/menys-pantalla-mes-vida\/","title":{"rendered":"Menys pantalla, m\u00e9s vida"},"content":{"rendered":"<p style=\"text-align: justify;\" data-start=\"255\" data-end=\"523\">A l\u2019aula hem treballat la lectura de cartells a partir de la campanya \u201cMenys pantalla, m\u00e9s vida\u201d, editada per la Generalitat de Catalunya. A trav\u00e9s de les imatges i dels missatges, hem fet una an\u00e0lisi conjunta per entendre qu\u00e8 ens volen dir i com ens fan sentir.<\/p>\n<p data-start=\"255\" data-end=\"523\"><img loading=\"lazy\" decoding=\"async\" class=\"alignleft wp-image-4168 size-medium\" src=\"https:\/\/agora.xtec.cat\/escolatorrelameu\/wp-content\/uploads\/usu2232\/2025\/12\/cartell-a4-blau_page-0001-212x300.jpg\" alt=\"\" width=\"212\" height=\"300\" srcset=\"https:\/\/agora.xtec.cat\/escolatorrelameu\/wp-content\/uploads\/usu2232\/2025\/12\/cartell-a4-blau_page-0001-212x300.jpg 212w, https:\/\/agora.xtec.cat\/escolatorrelameu\/wp-content\/uploads\/usu2232\/2025\/12\/cartell-a4-blau_page-0001-725x1024.jpg 725w, https:\/\/agora.xtec.cat\/escolatorrelameu\/wp-content\/uploads\/usu2232\/2025\/12\/cartell-a4-blau_page-0001-768x1085.jpg 768w, https:\/\/agora.xtec.cat\/escolatorrelameu\/wp-content\/uploads\/usu2232\/2025\/12\/cartell-a4-blau_page-0001-1087x1536.jpg 1087w, https:\/\/agora.xtec.cat\/escolatorrelameu\/wp-content\/uploads\/usu2232\/2025\/12\/cartell-a4-blau_page-0001.jpg 1241w\" sizes=\"auto, (max-width: 212px) 100vw, 212px\" \/>D\u2019entrada, els infants van coincidir que els cartells tenen un to emotiu. Els dibuixos transmeten amor, alegria i ganes de fer coses, per\u00f2 al mateix temps el missatge \u00e9s seri\u00f3s i una mica alarmista. Ens volen fer veure que les pantalles no ens ajuden a gaudir de la vida i que poden allunyar-nos de coses importants.<\/p>\n<p style=\"text-align: justify;\" data-start=\"855\" data-end=\"1325\">Pel que fa a l\u2019objectiu del cartell, els nens i nenes van expressar que vol advertir que molta gent est\u00e0 massa pendent del m\u00f2bil i de les pantalles, i que aix\u00f2 no \u00e9s sa. El missatge que hi veuen \u00e9s clar: el m\u00f2bil no ens fa divertir de veritat amb els amics, no ens pot donar tot el que necessitem i no hauria d\u2019ocupar tant de temps del nostre dia. Els cartells ens animen a fer menys pantalles i m\u00e9s vida, a aprofitar el temps i a gaudir del que ens envolta.<\/p>\n<p data-start=\"855\" data-end=\"1325\"><img loading=\"lazy\" decoding=\"async\" class=\"alignright wp-image-4157 size-medium\" src=\"https:\/\/agora.xtec.cat\/escolatorrelameu\/wp-content\/uploads\/usu2232\/2025\/12\/cartell-a4-groc_page-0001-212x300.jpg\" alt=\"\" width=\"212\" height=\"300\" srcset=\"https:\/\/agora.xtec.cat\/escolatorrelameu\/wp-content\/uploads\/usu2232\/2025\/12\/cartell-a4-groc_page-0001-212x300.jpg 212w, https:\/\/agora.xtec.cat\/escolatorrelameu\/wp-content\/uploads\/usu2232\/2025\/12\/cartell-a4-groc_page-0001-725x1024.jpg 725w, https:\/\/agora.xtec.cat\/escolatorrelameu\/wp-content\/uploads\/usu2232\/2025\/12\/cartell-a4-groc_page-0001-768x1085.jpg 768w, https:\/\/agora.xtec.cat\/escolatorrelameu\/wp-content\/uploads\/usu2232\/2025\/12\/cartell-a4-groc_page-0001-1087x1536.jpg 1087w, https:\/\/agora.xtec.cat\/escolatorrelameu\/wp-content\/uploads\/usu2232\/2025\/12\/cartell-a4-groc_page-0001.jpg 1241w\" sizes=\"auto, (max-width: 212px) 100vw, 212px\" \/><\/p>\n<p style=\"text-align: justify;\" data-start=\"1327\" data-end=\"1530\">Tamb\u00e9 van apar\u00e8ixer idees que no es diuen directament per\u00f2 que hi s\u00f3n presents, com ara que fer esport \u00e9s bo, que les relacions socials s\u00f3n importants i que cal viure el present i aprofitar el temps.<\/p>\n<p style=\"text-align: justify;\" data-start=\"1532\" data-end=\"2034\">Tot i aix\u00f2, molts infants van comentar que no \u00e9s f\u00e0cil aplicar aquest missatge a la vida real. Desenganxar-se del m\u00f2bil costa, i \u00e9s una situaci\u00f3 que passa a molta gent. En aquest sentit, es van sentir identificats amb els cartells: expliquen que a vegades els passa a ells mateixos o que veuen com alguns familiars no els fan cas perqu\u00e8 estan concentrats amb el m\u00f2bil. Per aix\u00f2, tamb\u00e9 van expressar que estan agra\u00efts que s\u2019hagin fet aquests cartells, perqu\u00e8 ajuden a pensar i a parlar del tema.<\/p>\n<p><img loading=\"lazy\" decoding=\"async\" class=\"alignleft wp-image-4167 size-medium\" style=\"text-align: justify;\" src=\"https:\/\/agora.xtec.cat\/escolatorrelameu\/wp-content\/uploads\/usu2232\/2025\/12\/cartell-a4-rosa_page-0001-212x300.jpg\" alt=\"\" width=\"212\" height=\"300\" srcset=\"https:\/\/agora.xtec.cat\/escolatorrelameu\/wp-content\/uploads\/usu2232\/2025\/12\/cartell-a4-rosa_page-0001-212x300.jpg 212w, https:\/\/agora.xtec.cat\/escolatorrelameu\/wp-content\/uploads\/usu2232\/2025\/12\/cartell-a4-rosa_page-0001-725x1024.jpg 725w, https:\/\/agora.xtec.cat\/escolatorrelameu\/wp-content\/uploads\/usu2232\/2025\/12\/cartell-a4-rosa_page-0001-768x1085.jpg 768w, https:\/\/agora.xtec.cat\/escolatorrelameu\/wp-content\/uploads\/usu2232\/2025\/12\/cartell-a4-rosa_page-0001-1087x1536.jpg 1087w, https:\/\/agora.xtec.cat\/escolatorrelameu\/wp-content\/uploads\/usu2232\/2025\/12\/cartell-a4-rosa_page-0001.jpg 1241w\" sizes=\"auto, (max-width: 212px) 100vw, 212px\" \/><\/p>\n<p style=\"text-align: justify;\" data-start=\"2036\" data-end=\"2372\">Pel que fa a la seva efectivitat, les opinions van ser diverses. Hi ha nens i nenes que creuen que aquests cartells no funcionen gaire entre la poblaci\u00f3 jove, perqu\u00e8 a molta gent no li importa el missatge. D\u2019altres, en canvi, pensen que s\u00ed que poden ser \u00fatils, sobretot si hi ha persones disposades a intentar canviar alguns h\u00e0bits.<\/p>\n<p style=\"text-align: justify;\" data-start=\"2374\" data-end=\"2657\">Finalment, en una proposta de millora dels cartells, els infants van suggerir afegir m\u00e9s imatges, com ara m\u00f2bils, televisions o ordinadors tatxats, utilitzar colors m\u00e9s vistosos, s\u00edmbols clars com creus vermelles i fer els cartells m\u00e9s grans, perqu\u00e8 cridin m\u00e9s l\u2019atenci\u00f3.<\/p>\n<p style=\"text-align: justify;\" data-start=\"2374\" data-end=\"2657\">Despr\u00e9s hem analitzat situacions reals relacionades amb l\u2019\u00fas de les pantalles, per pensar qu\u00e8 passa i com es podria millorar.<\/p>\n\n\t\t<style type=\"text\/css\">\n\t\t\t#gallery-1 {\n\t\t\t\tmargin: auto;\n\t\t\t}\n\t\t\t#gallery-1 .gallery-item {\n\t\t\t\tfloat: left;\n\t\t\t\tmargin-top: 10px;\n\t\t\t\ttext-align: center;\n\t\t\t\twidth: 33%;\n\t\t\t}\n\t\t\t#gallery-1 img {\n\t\t\t\tborder: 2px solid #cfcfcf;\n\t\t\t}\n\t\t\t#gallery-1 .gallery-caption {\n\t\t\t\tmargin-left: 0;\n\t\t\t}\n\t\t\t\/* see gallery_shortcode() in wp-includes\/media.php *\/\n\t\t<\/style>\n\t\t<div id='gallery-1' class='gallery galleryid-4156 gallery-columns-3 gallery-size-medium'><dl class='gallery-item'>\n\t\t\t<dt class='gallery-icon landscape'>\n\t\t\t\t<a href='https:\/\/agora.xtec.cat\/escolatorrelameu\/wp-content\/uploads\/usu2232\/2025\/12\/8.jpg'><img loading=\"lazy\" decoding=\"async\" width=\"300\" height=\"212\" src=\"https:\/\/agora.xtec.cat\/escolatorrelameu\/wp-content\/uploads\/usu2232\/2025\/12\/8-300x212.jpg\" class=\"attachment-medium size-medium\" alt=\"\" srcset=\"https:\/\/agora.xtec.cat\/escolatorrelameu\/wp-content\/uploads\/usu2232\/2025\/12\/8-300x212.jpg 300w, https:\/\/agora.xtec.cat\/escolatorrelameu\/wp-content\/uploads\/usu2232\/2025\/12\/8-1024x724.jpg 1024w, https:\/\/agora.xtec.cat\/escolatorrelameu\/wp-content\/uploads\/usu2232\/2025\/12\/8-768x543.jpg 768w, https:\/\/agora.xtec.cat\/escolatorrelameu\/wp-content\/uploads\/usu2232\/2025\/12\/8-1536x1086.jpg 1536w, https:\/\/agora.xtec.cat\/escolatorrelameu\/wp-content\/uploads\/usu2232\/2025\/12\/8.jpg 2000w\" sizes=\"auto, (max-width: 300px) 100vw, 300px\" \/><\/a>\n\t\t\t<\/dt><\/dl><dl class='gallery-item'>\n\t\t\t<dt class='gallery-icon landscape'>\n\t\t\t\t<a href='https:\/\/agora.xtec.cat\/escolatorrelameu\/wp-content\/uploads\/usu2232\/2025\/12\/7.jpg'><img loading=\"lazy\" decoding=\"async\" width=\"300\" height=\"212\" src=\"https:\/\/agora.xtec.cat\/escolatorrelameu\/wp-content\/uploads\/usu2232\/2025\/12\/7-300x212.jpg\" class=\"attachment-medium size-medium\" alt=\"\" srcset=\"https:\/\/agora.xtec.cat\/escolatorrelameu\/wp-content\/uploads\/usu2232\/2025\/12\/7-300x212.jpg 300w, https:\/\/agora.xtec.cat\/escolatorrelameu\/wp-content\/uploads\/usu2232\/2025\/12\/7-1024x724.jpg 1024w, https:\/\/agora.xtec.cat\/escolatorrelameu\/wp-content\/uploads\/usu2232\/2025\/12\/7-768x543.jpg 768w, https:\/\/agora.xtec.cat\/escolatorrelameu\/wp-content\/uploads\/usu2232\/2025\/12\/7-1536x1086.jpg 1536w, https:\/\/agora.xtec.cat\/escolatorrelameu\/wp-content\/uploads\/usu2232\/2025\/12\/7.jpg 2000w\" sizes=\"auto, (max-width: 300px) 100vw, 300px\" \/><\/a>\n\t\t\t<\/dt><\/dl><dl class='gallery-item'>\n\t\t\t<dt class='gallery-icon landscape'>\n\t\t\t\t<a href='https:\/\/agora.xtec.cat\/escolatorrelameu\/wp-content\/uploads\/usu2232\/2025\/12\/2.jpg'><img loading=\"lazy\" decoding=\"async\" width=\"300\" height=\"212\" src=\"https:\/\/agora.xtec.cat\/escolatorrelameu\/wp-content\/uploads\/usu2232\/2025\/12\/2-300x212.jpg\" class=\"attachment-medium size-medium\" alt=\"\" srcset=\"https:\/\/agora.xtec.cat\/escolatorrelameu\/wp-content\/uploads\/usu2232\/2025\/12\/2-300x212.jpg 300w, https:\/\/agora.xtec.cat\/escolatorrelameu\/wp-content\/uploads\/usu2232\/2025\/12\/2-1024x724.jpg 1024w, https:\/\/agora.xtec.cat\/escolatorrelameu\/wp-content\/uploads\/usu2232\/2025\/12\/2-768x543.jpg 768w, https:\/\/agora.xtec.cat\/escolatorrelameu\/wp-content\/uploads\/usu2232\/2025\/12\/2-1536x1086.jpg 1536w, https:\/\/agora.xtec.cat\/escolatorrelameu\/wp-content\/uploads\/usu2232\/2025\/12\/2.jpg 2000w\" sizes=\"auto, (max-width: 300px) 100vw, 300px\" \/><\/a>\n\t\t\t<\/dt><\/dl><br style=\"clear: both\" \/><dl class='gallery-item'>\n\t\t\t<dt class='gallery-icon landscape'>\n\t\t\t\t<a href='https:\/\/agora.xtec.cat\/escolatorrelameu\/wp-content\/uploads\/usu2232\/2025\/12\/3.jpg'><img loading=\"lazy\" decoding=\"async\" width=\"300\" height=\"212\" src=\"https:\/\/agora.xtec.cat\/escolatorrelameu\/wp-content\/uploads\/usu2232\/2025\/12\/3-300x212.jpg\" class=\"attachment-medium size-medium\" alt=\"\" srcset=\"https:\/\/agora.xtec.cat\/escolatorrelameu\/wp-content\/uploads\/usu2232\/2025\/12\/3-300x212.jpg 300w, https:\/\/agora.xtec.cat\/escolatorrelameu\/wp-content\/uploads\/usu2232\/2025\/12\/3-1024x724.jpg 1024w, https:\/\/agora.xtec.cat\/escolatorrelameu\/wp-content\/uploads\/usu2232\/2025\/12\/3-768x543.jpg 768w, https:\/\/agora.xtec.cat\/escolatorrelameu\/wp-content\/uploads\/usu2232\/2025\/12\/3-1536x1086.jpg 1536w, https:\/\/agora.xtec.cat\/escolatorrelameu\/wp-content\/uploads\/usu2232\/2025\/12\/3.jpg 2000w\" sizes=\"auto, (max-width: 300px) 100vw, 300px\" \/><\/a>\n\t\t\t<\/dt><\/dl><dl class='gallery-item'>\n\t\t\t<dt class='gallery-icon landscape'>\n\t\t\t\t<a href='https:\/\/agora.xtec.cat\/escolatorrelameu\/wp-content\/uploads\/usu2232\/2025\/12\/4.jpg'><img loading=\"lazy\" decoding=\"async\" width=\"300\" height=\"212\" src=\"https:\/\/agora.xtec.cat\/escolatorrelameu\/wp-content\/uploads\/usu2232\/2025\/12\/4-300x212.jpg\" class=\"attachment-medium size-medium\" alt=\"\" srcset=\"https:\/\/agora.xtec.cat\/escolatorrelameu\/wp-content\/uploads\/usu2232\/2025\/12\/4-300x212.jpg 300w, https:\/\/agora.xtec.cat\/escolatorrelameu\/wp-content\/uploads\/usu2232\/2025\/12\/4-1024x724.jpg 1024w, https:\/\/agora.xtec.cat\/escolatorrelameu\/wp-content\/uploads\/usu2232\/2025\/12\/4-768x543.jpg 768w, https:\/\/agora.xtec.cat\/escolatorrelameu\/wp-content\/uploads\/usu2232\/2025\/12\/4-1536x1086.jpg 1536w, https:\/\/agora.xtec.cat\/escolatorrelameu\/wp-content\/uploads\/usu2232\/2025\/12\/4.jpg 2000w\" sizes=\"auto, (max-width: 300px) 100vw, 300px\" \/><\/a>\n\t\t\t<\/dt><\/dl><dl class='gallery-item'>\n\t\t\t<dt class='gallery-icon landscape'>\n\t\t\t\t<a href='https:\/\/agora.xtec.cat\/escolatorrelameu\/wp-content\/uploads\/usu2232\/2025\/12\/5.jpg'><img loading=\"lazy\" decoding=\"async\" width=\"300\" height=\"212\" src=\"https:\/\/agora.xtec.cat\/escolatorrelameu\/wp-content\/uploads\/usu2232\/2025\/12\/5-300x212.jpg\" class=\"attachment-medium size-medium\" alt=\"\" srcset=\"https:\/\/agora.xtec.cat\/escolatorrelameu\/wp-content\/uploads\/usu2232\/2025\/12\/5-300x212.jpg 300w, https:\/\/agora.xtec.cat\/escolatorrelameu\/wp-content\/uploads\/usu2232\/2025\/12\/5-1024x724.jpg 1024w, https:\/\/agora.xtec.cat\/escolatorrelameu\/wp-content\/uploads\/usu2232\/2025\/12\/5-768x543.jpg 768w, https:\/\/agora.xtec.cat\/escolatorrelameu\/wp-content\/uploads\/usu2232\/2025\/12\/5-1536x1086.jpg 1536w, https:\/\/agora.xtec.cat\/escolatorrelameu\/wp-content\/uploads\/usu2232\/2025\/12\/5.jpg 2000w\" sizes=\"auto, (max-width: 300px) 100vw, 300px\" \/><\/a>\n\t\t\t<\/dt><\/dl><br style=\"clear: both\" \/><dl class='gallery-item'>\n\t\t\t<dt class='gallery-icon landscape'>\n\t\t\t\t<a href='https:\/\/agora.xtec.cat\/escolatorrelameu\/wp-content\/uploads\/usu2232\/2025\/12\/6.jpg'><img loading=\"lazy\" decoding=\"async\" width=\"300\" height=\"212\" src=\"https:\/\/agora.xtec.cat\/escolatorrelameu\/wp-content\/uploads\/usu2232\/2025\/12\/6-300x212.jpg\" class=\"attachment-medium size-medium\" alt=\"\" srcset=\"https:\/\/agora.xtec.cat\/escolatorrelameu\/wp-content\/uploads\/usu2232\/2025\/12\/6-300x212.jpg 300w, https:\/\/agora.xtec.cat\/escolatorrelameu\/wp-content\/uploads\/usu2232\/2025\/12\/6-1024x724.jpg 1024w, https:\/\/agora.xtec.cat\/escolatorrelameu\/wp-content\/uploads\/usu2232\/2025\/12\/6-768x543.jpg 768w, https:\/\/agora.xtec.cat\/escolatorrelameu\/wp-content\/uploads\/usu2232\/2025\/12\/6-1536x1086.jpg 1536w, https:\/\/agora.xtec.cat\/escolatorrelameu\/wp-content\/uploads\/usu2232\/2025\/12\/6.jpg 2000w\" sizes=\"auto, (max-width: 300px) 100vw, 300px\" \/><\/a>\n\t\t\t<\/dt><\/dl><dl class='gallery-item'>\n\t\t\t<dt class='gallery-icon landscape'>\n\t\t\t\t<a href='https:\/\/agora.xtec.cat\/escolatorrelameu\/wp-content\/uploads\/usu2232\/2025\/12\/1.jpg'><img loading=\"lazy\" decoding=\"async\" width=\"300\" height=\"212\" src=\"https:\/\/agora.xtec.cat\/escolatorrelameu\/wp-content\/uploads\/usu2232\/2025\/12\/1-300x212.jpg\" class=\"attachment-medium size-medium\" alt=\"\" srcset=\"https:\/\/agora.xtec.cat\/escolatorrelameu\/wp-content\/uploads\/usu2232\/2025\/12\/1-300x212.jpg 300w, https:\/\/agora.xtec.cat\/escolatorrelameu\/wp-content\/uploads\/usu2232\/2025\/12\/1-1024x724.jpg 1024w, https:\/\/agora.xtec.cat\/escolatorrelameu\/wp-content\/uploads\/usu2232\/2025\/12\/1-768x543.jpg 768w, https:\/\/agora.xtec.cat\/escolatorrelameu\/wp-content\/uploads\/usu2232\/2025\/12\/1-1536x1086.jpg 1536w, https:\/\/agora.xtec.cat\/escolatorrelameu\/wp-content\/uploads\/usu2232\/2025\/12\/1.jpg 2000w\" sizes=\"auto, (max-width: 300px) 100vw, 300px\" \/><\/a>\n\t\t\t<\/dt><\/dl>\n\t\t\t<br style='clear: both' \/>\n\t\t<\/div>\n\n<p style=\"text-align: justify;\" data-start=\"2374\" data-end=\"2657\">Despr\u00e9s d\u2019analitzar tots aquests casos, hem vist que els infants han estat molt conscients i realistes sobre all\u00f2 que els dificulta l\u2019aprenentatge, la concentraci\u00f3 i les relacions socials a causa de l\u2019\u00fas de les pantalles i les xarxes. Ara \u00e9s important que els adults els acompanyem i els ajudem a fer un \u00fas responsable d\u2019aquestes tecnologies, oferint l\u00edmits, supervisi\u00f3 i alternatives que els permetin gaudir del m\u00f3n real, aprendre i relacionar-se amb els altres de manera saludable.<\/p>\n","protected":false},"excerpt":{"rendered":"<p>A l\u2019aula hem treballat la lectura de cartells a partir de la campanya \u201cMenys pantalla, m\u00e9s vida\u201d, editada per la Generalitat de Catalunya. A trav\u00e9s de les imatges i dels missatges, hem fet una an\u00e0lisi conjunta per entendre qu\u00e8 ens volen dir i com ens&hellip;  <a href=\"https:\/\/agora.xtec.cat\/escolatorrelameu\/general\/menys-pantalla-mes-vida\/\" title=\"Read Menys pantalla, m\u00e9s vida\">Llegeix m\u00e9s\u00bb<\/a><\/p>\n","protected":false},"author":14,"featured_media":4166,"comment_status":"open","ping_status":"open","sticky":false,"template":"","format":"standard","meta":{"_bbp_topic_count":0,"_bbp_reply_count":0,"_bbp_total_topic_count":0,"_bbp_total_reply_count":0,"_bbp_voice_count":0,"_bbp_anonymous_reply_count":0,"_bbp_topic_count_hidden":0,"_bbp_reply_count_hidden":0,"_bbp_forum_subforum_count":0,"footnotes":""},"categories":[1],"tags":[],"class_list":["post-4156","post","type-post","status-publish","format-standard","has-post-thumbnail","hentry","category-general"],"post_mailing_queue_ids":[],"_links":{"self":[{"href":"https:\/\/agora.xtec.cat\/escolatorrelameu\/wp-json\/wp\/v2\/posts\/4156","targetHints":{"allow":["GET"]}}],"collection":[{"href":"https:\/\/agora.xtec.cat\/escolatorrelameu\/wp-json\/wp\/v2\/posts"}],"about":[{"href":"https:\/\/agora.xtec.cat\/escolatorrelameu\/wp-json\/wp\/v2\/types\/post"}],"author":[{"embeddable":true,"href":"https:\/\/agora.xtec.cat\/escolatorrelameu\/wp-json\/wp\/v2\/users\/14"}],"replies":[{"embeddable":true,"href":"https:\/\/agora.xtec.cat\/escolatorrelameu\/wp-json\/wp\/v2\/comments?post=4156"}],"version-history":[{"count":5,"href":"https:\/\/agora.xtec.cat\/escolatorrelameu\/wp-json\/wp\/v2\/posts\/4156\/revisions"}],"predecessor-version":[{"id":4173,"href":"https:\/\/agora.xtec.cat\/escolatorrelameu\/wp-json\/wp\/v2\/posts\/4156\/revisions\/4173"}],"wp:featuredmedia":[{"embeddable":true,"href":"https:\/\/agora.xtec.cat\/escolatorrelameu\/wp-json\/wp\/v2\/media\/4166"}],"wp:attachment":[{"href":"https:\/\/agora.xtec.cat\/escolatorrelameu\/wp-json\/wp\/v2\/media?parent=4156"}],"wp:term":[{"taxonomy":"category","embeddable":true,"href":"https:\/\/agora.xtec.cat\/escolatorrelameu\/wp-json\/wp\/v2\/categories?post=4156"},{"taxonomy":"post_tag","embeddable":true,"href":"https:\/\/agora.xtec.cat\/escolatorrelameu\/wp-json\/wp\/v2\/tags?post=4156"}],"curies":[{"name":"wp","href":"https:\/\/api.w.org\/{rel}","templated":true}]}}