{"id":4148,"date":"2025-12-22T12:48:55","date_gmt":"2025-12-22T11:48:55","guid":{"rendered":"https:\/\/agora.xtec.cat\/escolatorrelameu\/?p=4148"},"modified":"2025-12-22T12:48:55","modified_gmt":"2025-12-22T11:48:55","slug":"camions-maquines-i-impressio-3d-una-xerrada-molt-especial","status":"publish","type":"post","link":"https:\/\/agora.xtec.cat\/escolatorrelameu\/general\/camions-maquines-i-impressio-3d-una-xerrada-molt-especial\/","title":{"rendered":"Camions, m\u00e0quines i impressi\u00f3 3D: una xerrada molt especial"},"content":{"rendered":"<p style=\"text-align: justify;\" data-start=\"116\" data-end=\"499\">Aquesta setmana vam tenir una xerrada molt interessant a l\u2019aula gr\u00e0cies al Dami\u00e1n, el pare de la Claudia. Lligat a la caixa de m\u00e0quines, ens va explicar en qu\u00e8 consisteix la seva feina. Ell \u00e9s mec\u00e0nic de camions i viatja sovint amb una furgoneta taller, des d\u2019on arregla avaries all\u00e0 on calgui. Ens va explicar com \u00e9s el seu dia a dia, apunts de mec\u00e0nica i algunes an\u00e8cdotes del seu ofici.<\/p>\n<p data-start=\"116\" data-end=\"499\"><img loading=\"lazy\" decoding=\"async\" class=\"aligncenter size-full wp-image-4150\" src=\"https:\/\/agora.xtec.cat\/escolatorrelameu\/wp-content\/uploads\/usu2232\/2025\/12\/Mecanica.-Damian.jpg\" alt=\"\" width=\"2000\" height=\"500\" srcset=\"https:\/\/agora.xtec.cat\/escolatorrelameu\/wp-content\/uploads\/usu2232\/2025\/12\/Mecanica.-Damian.jpg 2000w, https:\/\/agora.xtec.cat\/escolatorrelameu\/wp-content\/uploads\/usu2232\/2025\/12\/Mecanica.-Damian-300x75.jpg 300w, https:\/\/agora.xtec.cat\/escolatorrelameu\/wp-content\/uploads\/usu2232\/2025\/12\/Mecanica.-Damian-1024x256.jpg 1024w, https:\/\/agora.xtec.cat\/escolatorrelameu\/wp-content\/uploads\/usu2232\/2025\/12\/Mecanica.-Damian-768x192.jpg 768w, https:\/\/agora.xtec.cat\/escolatorrelameu\/wp-content\/uploads\/usu2232\/2025\/12\/Mecanica.-Damian-1536x384.jpg 1536w\" sizes=\"auto, (max-width: 2000px) 100vw, 2000px\" \/><\/p>\n<p data-start=\"116\" data-end=\"499\">A m\u00e9s de la seva feina, tamb\u00e9 ens va parlar de les seves aficions, sobretot del disseny i la impressi\u00f3 en 3D. Va portar una impressora 3D a l\u2019escola i vam poder veure com funcionava en directe. Va comen\u00e7ar a imprimir un prototipus d\u2019arbre, tot i que, malauradament, la impressora es va embossar i no es va poder acabar la pe\u00e7a. Tot i aix\u00ed, va ser molt interessant veure el proc\u00e9s i entendre com es creen aquests objectes.<\/p>\n<p data-start=\"116\" data-end=\"499\"><img loading=\"lazy\" decoding=\"async\" class=\"aligncenter size-full wp-image-4153\" src=\"https:\/\/agora.xtec.cat\/escolatorrelameu\/wp-content\/uploads\/usu2232\/2025\/12\/Impressio-3d.jpg\" alt=\"\" width=\"2000\" height=\"500\" srcset=\"https:\/\/agora.xtec.cat\/escolatorrelameu\/wp-content\/uploads\/usu2232\/2025\/12\/Impressio-3d.jpg 2000w, https:\/\/agora.xtec.cat\/escolatorrelameu\/wp-content\/uploads\/usu2232\/2025\/12\/Impressio-3d-300x75.jpg 300w, https:\/\/agora.xtec.cat\/escolatorrelameu\/wp-content\/uploads\/usu2232\/2025\/12\/Impressio-3d-1024x256.jpg 1024w, https:\/\/agora.xtec.cat\/escolatorrelameu\/wp-content\/uploads\/usu2232\/2025\/12\/Impressio-3d-768x192.jpg 768w, https:\/\/agora.xtec.cat\/escolatorrelameu\/wp-content\/uploads\/usu2232\/2025\/12\/Impressio-3d-1536x384.jpg 1536w\" sizes=\"auto, (max-width: 2000px) 100vw, 2000px\" \/><\/p>\n<p style=\"text-align: justify;\" data-start=\"936\" data-end=\"1230\">Tamb\u00e9 ens va ensenyar alguns dels projectes que ha fet i ens va parlar dels seus somnis i projectes de futur. Una cosa que ens va agradar molt \u00e9s el seu lema: <em data-start=\"1103\" data-end=\"1131\">sempre es pot aprendre m\u00e9s<\/em>. Ens va explicar que li encanta continuar aprenent coses noves i experimentar amb idees diferents.<\/p>\n<p data-start=\"936\" data-end=\"1230\"><img loading=\"lazy\" decoding=\"async\" class=\"aligncenter size-full wp-image-4152\" src=\"https:\/\/agora.xtec.cat\/escolatorrelameu\/wp-content\/uploads\/usu2232\/2025\/12\/Creacio-d\u00a1un-cotxe-amb-engranatges-que-funciona-donant-corda.jpg\" alt=\"\" width=\"2000\" height=\"1000\" srcset=\"https:\/\/agora.xtec.cat\/escolatorrelameu\/wp-content\/uploads\/usu2232\/2025\/12\/Creacio-d\u00a1un-cotxe-amb-engranatges-que-funciona-donant-corda.jpg 2000w, https:\/\/agora.xtec.cat\/escolatorrelameu\/wp-content\/uploads\/usu2232\/2025\/12\/Creacio-d\u00a1un-cotxe-amb-engranatges-que-funciona-donant-corda-300x150.jpg 300w, https:\/\/agora.xtec.cat\/escolatorrelameu\/wp-content\/uploads\/usu2232\/2025\/12\/Creacio-d\u00a1un-cotxe-amb-engranatges-que-funciona-donant-corda-1024x512.jpg 1024w, https:\/\/agora.xtec.cat\/escolatorrelameu\/wp-content\/uploads\/usu2232\/2025\/12\/Creacio-d\u00a1un-cotxe-amb-engranatges-que-funciona-donant-corda-768x384.jpg 768w, https:\/\/agora.xtec.cat\/escolatorrelameu\/wp-content\/uploads\/usu2232\/2025\/12\/Creacio-d\u00a1un-cotxe-amb-engranatges-que-funciona-donant-corda-1536x768.jpg 1536w\" sizes=\"auto, (max-width: 2000px) 100vw, 2000px\" \/><\/p>\n<p style=\"text-align: justify;\" data-start=\"1232\" data-end=\"1495\">Per acabar la xerrada, i com a mostra d\u2019agra\u00efment, els nens i nenes van omplir la pissarra de frases adre\u00e7ades al Dami\u00e1n, donant-li les gr\u00e0cies i explicant-li que els havia semblat meravell\u00f3s tot el que ens havia explicat. Va ser un moment molt bonic.<\/p>\n<p style=\"text-align: justify;\" data-start=\"1497\" data-end=\"1730\">Finalment, volem agrair al Dami\u00e1n que vingu\u00e9s a l\u2019escola, que es mostr\u00e9s tan predisposat i que compart\u00eds amb nosaltres la seva experi\u00e8ncia, els seus coneixements i la seva passi\u00f3. Va ser una xerrada molt enriquidora i motivadora.<\/p>\n","protected":false},"excerpt":{"rendered":"<p>Aquesta setmana vam tenir una xerrada molt interessant a l\u2019aula gr\u00e0cies al Dami\u00e1n, el pare de la Claudia. Lligat a la caixa de m\u00e0quines, ens va explicar en qu\u00e8 consisteix la seva feina. Ell \u00e9s mec\u00e0nic de camions i viatja sovint amb una furgoneta taller,&hellip;  <a href=\"https:\/\/agora.xtec.cat\/escolatorrelameu\/general\/camions-maquines-i-impressio-3d-una-xerrada-molt-especial\/\" title=\"Read Camions, m\u00e0quines i impressi\u00f3 3D: una xerrada molt especial\">Llegeix m\u00e9s\u00bb<\/a><\/p>\n","protected":false},"author":14,"featured_media":4151,"comment_status":"open","ping_status":"open","sticky":false,"template":"","format":"standard","meta":{"_bbp_topic_count":0,"_bbp_reply_count":0,"_bbp_total_topic_count":0,"_bbp_total_reply_count":0,"_bbp_voice_count":0,"_bbp_anonymous_reply_count":0,"_bbp_topic_count_hidden":0,"_bbp_reply_count_hidden":0,"_bbp_forum_subforum_count":0,"footnotes":""},"categories":[1],"tags":[],"class_list":["post-4148","post","type-post","status-publish","format-standard","has-post-thumbnail","hentry","category-general"],"post_mailing_queue_ids":[],"_links":{"self":[{"href":"https:\/\/agora.xtec.cat\/escolatorrelameu\/wp-json\/wp\/v2\/posts\/4148","targetHints":{"allow":["GET"]}}],"collection":[{"href":"https:\/\/agora.xtec.cat\/escolatorrelameu\/wp-json\/wp\/v2\/posts"}],"about":[{"href":"https:\/\/agora.xtec.cat\/escolatorrelameu\/wp-json\/wp\/v2\/types\/post"}],"author":[{"embeddable":true,"href":"https:\/\/agora.xtec.cat\/escolatorrelameu\/wp-json\/wp\/v2\/users\/14"}],"replies":[{"embeddable":true,"href":"https:\/\/agora.xtec.cat\/escolatorrelameu\/wp-json\/wp\/v2\/comments?post=4148"}],"version-history":[{"count":3,"href":"https:\/\/agora.xtec.cat\/escolatorrelameu\/wp-json\/wp\/v2\/posts\/4148\/revisions"}],"predecessor-version":[{"id":4155,"href":"https:\/\/agora.xtec.cat\/escolatorrelameu\/wp-json\/wp\/v2\/posts\/4148\/revisions\/4155"}],"wp:featuredmedia":[{"embeddable":true,"href":"https:\/\/agora.xtec.cat\/escolatorrelameu\/wp-json\/wp\/v2\/media\/4151"}],"wp:attachment":[{"href":"https:\/\/agora.xtec.cat\/escolatorrelameu\/wp-json\/wp\/v2\/media?parent=4148"}],"wp:term":[{"taxonomy":"category","embeddable":true,"href":"https:\/\/agora.xtec.cat\/escolatorrelameu\/wp-json\/wp\/v2\/categories?post=4148"},{"taxonomy":"post_tag","embeddable":true,"href":"https:\/\/agora.xtec.cat\/escolatorrelameu\/wp-json\/wp\/v2\/tags?post=4148"}],"curies":[{"name":"wp","href":"https:\/\/api.w.org\/{rel}","templated":true}]}}