{"id":4144,"date":"2025-12-05T13:25:05","date_gmt":"2025-12-05T12:25:05","guid":{"rendered":"https:\/\/agora.xtec.cat\/escolatorrelameu\/?p=4144"},"modified":"2025-12-05T12:24:22","modified_gmt":"2025-12-05T11:24:22","slug":"fang-amb-els-ulls-tapats","status":"publish","type":"post","link":"https:\/\/agora.xtec.cat\/escolatorrelameu\/general\/fang-amb-els-ulls-tapats\/","title":{"rendered":"Fang amb els ulls tapats"},"content":{"rendered":"<p style=\"text-align: justify;\">Fer fang sempre \u00e9s un motiu de gaudi i de plaer per als sentits i la ment. Ens relaxa i ens connecta amb un element tan natural com \u00e9s l&#8217;argila.<\/p>\n<p style=\"text-align: justify;\">La vista i el tacte s\u00f3n els principals sentits que intervenen quan fem modelatge per notar sensacions com: humitat, temperatura, frescor, flexibilitat, color&#8230;<\/p>\n<p style=\"text-align: justify;\">Per\u00f2 qu\u00e8 passa quan fem fang amb els ulls tapats?<img loading=\"lazy\" decoding=\"async\" class=\"aligncenter size-full wp-image-4145\" src=\"https:\/\/agora.xtec.cat\/escolatorrelameu\/wp-content\/uploads\/usu2232\/2025\/12\/Fang.jpg\" alt=\"\" width=\"2000\" height=\"1238\" srcset=\"https:\/\/agora.xtec.cat\/escolatorrelameu\/wp-content\/uploads\/usu2232\/2025\/12\/Fang.jpg 2000w, https:\/\/agora.xtec.cat\/escolatorrelameu\/wp-content\/uploads\/usu2232\/2025\/12\/Fang-300x186.jpg 300w, https:\/\/agora.xtec.cat\/escolatorrelameu\/wp-content\/uploads\/usu2232\/2025\/12\/Fang-1024x634.jpg 1024w, https:\/\/agora.xtec.cat\/escolatorrelameu\/wp-content\/uploads\/usu2232\/2025\/12\/Fang-768x475.jpg 768w, https:\/\/agora.xtec.cat\/escolatorrelameu\/wp-content\/uploads\/usu2232\/2025\/12\/Fang-1536x951.jpg 1536w\" sizes=\"auto, (max-width: 2000px) 100vw, 2000px\" \/><\/p>\n<p style=\"text-align: justify;\">Ha sigut una bonica experi\u00e8ncia que ens ha perm\u00e8s connectar amb els moviments de les mans i concentrar-nos molt amb les sensacions t\u00e0ctils i tamb\u00e9 amb les espacials per poder modelar la pe\u00e7a de fang, utilitzant-la tota i elaborant algun element de tardor.<\/p>\n","protected":false},"excerpt":{"rendered":"<p>Fer fang sempre \u00e9s un motiu de gaudi i de plaer per als sentits i la ment. Ens relaxa i ens connecta amb un element tan natural com \u00e9s l&#8217;argila.<br \/>\nLa vista i el tacte s\u00f3n els principals sentits que intervenen quan fem modelatge per notar&hellip;  <a href=\"https:\/\/agora.xtec.cat\/escolatorrelameu\/general\/fang-amb-els-ulls-tapats\/\" title=\"Read Fang amb els ulls tapats\">Llegeix m\u00e9s\u00bb<\/a><\/p>\n","protected":false},"author":14,"featured_media":4146,"comment_status":"open","ping_status":"open","sticky":false,"template":"","format":"standard","meta":{"_bbp_topic_count":0,"_bbp_reply_count":0,"_bbp_total_topic_count":0,"_bbp_total_reply_count":0,"_bbp_voice_count":0,"_bbp_anonymous_reply_count":0,"_bbp_topic_count_hidden":0,"_bbp_reply_count_hidden":0,"_bbp_forum_subforum_count":0,"footnotes":""},"categories":[1],"tags":[],"class_list":["post-4144","post","type-post","status-publish","format-standard","has-post-thumbnail","hentry","category-general"],"post_mailing_queue_ids":[],"_links":{"self":[{"href":"https:\/\/agora.xtec.cat\/escolatorrelameu\/wp-json\/wp\/v2\/posts\/4144","targetHints":{"allow":["GET"]}}],"collection":[{"href":"https:\/\/agora.xtec.cat\/escolatorrelameu\/wp-json\/wp\/v2\/posts"}],"about":[{"href":"https:\/\/agora.xtec.cat\/escolatorrelameu\/wp-json\/wp\/v2\/types\/post"}],"author":[{"embeddable":true,"href":"https:\/\/agora.xtec.cat\/escolatorrelameu\/wp-json\/wp\/v2\/users\/14"}],"replies":[{"embeddable":true,"href":"https:\/\/agora.xtec.cat\/escolatorrelameu\/wp-json\/wp\/v2\/comments?post=4144"}],"version-history":[{"count":1,"href":"https:\/\/agora.xtec.cat\/escolatorrelameu\/wp-json\/wp\/v2\/posts\/4144\/revisions"}],"predecessor-version":[{"id":4147,"href":"https:\/\/agora.xtec.cat\/escolatorrelameu\/wp-json\/wp\/v2\/posts\/4144\/revisions\/4147"}],"wp:featuredmedia":[{"embeddable":true,"href":"https:\/\/agora.xtec.cat\/escolatorrelameu\/wp-json\/wp\/v2\/media\/4146"}],"wp:attachment":[{"href":"https:\/\/agora.xtec.cat\/escolatorrelameu\/wp-json\/wp\/v2\/media?parent=4144"}],"wp:term":[{"taxonomy":"category","embeddable":true,"href":"https:\/\/agora.xtec.cat\/escolatorrelameu\/wp-json\/wp\/v2\/categories?post=4144"},{"taxonomy":"post_tag","embeddable":true,"href":"https:\/\/agora.xtec.cat\/escolatorrelameu\/wp-json\/wp\/v2\/tags?post=4144"}],"curies":[{"name":"wp","href":"https:\/\/api.w.org\/{rel}","templated":true}]}}