{"id":4140,"date":"2025-12-05T13:12:24","date_gmt":"2025-12-05T12:12:24","guid":{"rendered":"https:\/\/agora.xtec.cat\/escolatorrelameu\/?p=4140"},"modified":"2025-12-05T12:17:01","modified_gmt":"2025-12-05T11:17:01","slug":"taller-de-la-bicicleta-segona-part","status":"publish","type":"post","link":"https:\/\/agora.xtec.cat\/escolatorrelameu\/general\/taller-de-la-bicicleta-segona-part\/","title":{"rendered":"Taller de la bicicleta: segona part"},"content":{"rendered":"<p>Ja v\u00e0rem dir que ten\u00edem ganes de fer un segon tallar sobre la bicicleta. Doncs el vam fer el dia 26 de novembre de la m\u00e0 de l&#8217;\u00c8ric. Primer vam observar les parts que t\u00e9 la roda i ens va explicar com s&#8217;ha de fer el canvi d&#8217;una roda punxada. Tot seguit, vam sortir a fora i vam fer la pr\u00e0ctica.\u00a0<img loading=\"lazy\" decoding=\"async\" class=\"aligncenter size-full wp-image-4142\" src=\"https:\/\/agora.xtec.cat\/escolatorrelameu\/wp-content\/uploads\/usu2232\/2025\/12\/Taller-de-la-bici-2.jpg\" alt=\"\" width=\"2000\" height=\"1414\" srcset=\"https:\/\/agora.xtec.cat\/escolatorrelameu\/wp-content\/uploads\/usu2232\/2025\/12\/Taller-de-la-bici-2.jpg 2000w, https:\/\/agora.xtec.cat\/escolatorrelameu\/wp-content\/uploads\/usu2232\/2025\/12\/Taller-de-la-bici-2-300x212.jpg 300w, https:\/\/agora.xtec.cat\/escolatorrelameu\/wp-content\/uploads\/usu2232\/2025\/12\/Taller-de-la-bici-2-1024x724.jpg 1024w, https:\/\/agora.xtec.cat\/escolatorrelameu\/wp-content\/uploads\/usu2232\/2025\/12\/Taller-de-la-bici-2-768x543.jpg 768w, https:\/\/agora.xtec.cat\/escolatorrelameu\/wp-content\/uploads\/usu2232\/2025\/12\/Taller-de-la-bici-2-1536x1086.jpg 1536w\" sizes=\"auto, (max-width: 2000px) 100vw, 2000px\" \/><\/p>\n<p>Gr\u00e0cies \u00c8ric per venir, dedicar una estona del teu temps a ensenyar-nos coses tan \u00fatils per nosaltres. Estem profundament agra\u00efts i creiem que \u00e9s una activitat molt xula i que s&#8217;hauria de fer cada any. Gr\u00e0cies.<\/p>\n","protected":false},"excerpt":{"rendered":"<p>Ja v\u00e0rem dir que ten\u00edem ganes de fer un segon tallar sobre la bicicleta. Doncs el vam fer el dia 26 de novembre de la m\u00e0 de l&#8217;\u00c8ric. Primer vam observar les parts que t\u00e9 la roda i ens va explicar com s&#8217;ha de fer&hellip;  <a href=\"https:\/\/agora.xtec.cat\/escolatorrelameu\/general\/taller-de-la-bicicleta-segona-part\/\" title=\"Read Taller de la bicicleta: segona part\">Llegeix m\u00e9s\u00bb<\/a><\/p>\n","protected":false},"author":14,"featured_media":4141,"comment_status":"open","ping_status":"open","sticky":false,"template":"","format":"standard","meta":{"_bbp_topic_count":0,"_bbp_reply_count":0,"_bbp_total_topic_count":0,"_bbp_total_reply_count":0,"_bbp_voice_count":0,"_bbp_anonymous_reply_count":0,"_bbp_topic_count_hidden":0,"_bbp_reply_count_hidden":0,"_bbp_forum_subforum_count":0,"footnotes":""},"categories":[1],"tags":[],"class_list":["post-4140","post","type-post","status-publish","format-standard","has-post-thumbnail","hentry","category-general"],"post_mailing_queue_ids":[],"_links":{"self":[{"href":"https:\/\/agora.xtec.cat\/escolatorrelameu\/wp-json\/wp\/v2\/posts\/4140","targetHints":{"allow":["GET"]}}],"collection":[{"href":"https:\/\/agora.xtec.cat\/escolatorrelameu\/wp-json\/wp\/v2\/posts"}],"about":[{"href":"https:\/\/agora.xtec.cat\/escolatorrelameu\/wp-json\/wp\/v2\/types\/post"}],"author":[{"embeddable":true,"href":"https:\/\/agora.xtec.cat\/escolatorrelameu\/wp-json\/wp\/v2\/users\/14"}],"replies":[{"embeddable":true,"href":"https:\/\/agora.xtec.cat\/escolatorrelameu\/wp-json\/wp\/v2\/comments?post=4140"}],"version-history":[{"count":1,"href":"https:\/\/agora.xtec.cat\/escolatorrelameu\/wp-json\/wp\/v2\/posts\/4140\/revisions"}],"predecessor-version":[{"id":4143,"href":"https:\/\/agora.xtec.cat\/escolatorrelameu\/wp-json\/wp\/v2\/posts\/4140\/revisions\/4143"}],"wp:featuredmedia":[{"embeddable":true,"href":"https:\/\/agora.xtec.cat\/escolatorrelameu\/wp-json\/wp\/v2\/media\/4141"}],"wp:attachment":[{"href":"https:\/\/agora.xtec.cat\/escolatorrelameu\/wp-json\/wp\/v2\/media?parent=4140"}],"wp:term":[{"taxonomy":"category","embeddable":true,"href":"https:\/\/agora.xtec.cat\/escolatorrelameu\/wp-json\/wp\/v2\/categories?post=4140"},{"taxonomy":"post_tag","embeddable":true,"href":"https:\/\/agora.xtec.cat\/escolatorrelameu\/wp-json\/wp\/v2\/tags?post=4140"}],"curies":[{"name":"wp","href":"https:\/\/api.w.org\/{rel}","templated":true}]}}