{"id":4126,"date":"2025-12-03T08:30:44","date_gmt":"2025-12-03T07:30:44","guid":{"rendered":"https:\/\/agora.xtec.cat\/escolatorrelameu\/?p=4126"},"modified":"2025-12-03T08:48:47","modified_gmt":"2025-12-03T07:48:47","slug":"assistencia-a-les-jornades-cu-re","status":"publish","type":"post","link":"https:\/\/agora.xtec.cat\/escolatorrelameu\/general\/assistencia-a-les-jornades-cu-re\/","title":{"rendered":"Assist\u00e8ncia a les jornades CU.RE"},"content":{"rendered":"<p style=\"text-align: justify;\">El divendres 21 i el dissabte 22 de novembre una part del claustre, juntament amb formadores de restaurativa, vam assistir a unes jornades organitzades per CU.RE<\/p>\n<p><img loading=\"lazy\" decoding=\"async\" class=\"aligncenter\" src=\"https:\/\/i0.wp.com\/www.culturarestaurativa.com\/wp-content\/uploads\/2025\/11\/pantalla-inicial-sala-jornades-nov-25.png?resize=1024%2C576&amp;ssl=1\" width=\"455\" height=\"256\" \/><\/p>\n<p style=\"text-align: justify;\">La reconeguda <strong>Belinda Hopkins<\/strong> ens va fer un breu recordatori dels principis restauratius i va insistir en la idea que cada persona \u00e9s \u00fanica i valuosa i que, per aquest motiu, cal donar-li la paraula perqu\u00e8 cal que sigui escoltada.<\/p>\n<p style=\"text-align: justify;\">Despr\u00e9s va intervenir el nord-americ\u00e0 <strong>Joe Brummer<\/strong>, que va explicar el model neuroseq\u00fcencial de Bruce Perry i la desregulaci\u00f3 cerebral, que sovint es manifesta en conductes disruptives. La imatge d&#8217;un iceberg va servir per mostrar que la conducta desregulada \u00e9s un senyal de:<\/p>\n<ol>\n<li style=\"text-align: justify;\">necessitats no cobertes<\/li>\n<li style=\"text-align: justify;\">manca d&#8217;habilitats<\/li>\n<li style=\"text-align: justify;\">pres\u00e8ncia d&#8217;elements estressors, provinents d&#8217;experi\u00e8ncies adverses, potencialment traum\u00e0tiques (ab\u00fas: f\u00edsic, sexual, emocional; neglig\u00e8ncia (f\u00edsica i emocional); disfunci\u00f3 de la llar; o desavantatge social).<\/li>\n<\/ol>\n<p style=\"text-align: justify;\"><strong>Margaret Thorsborne<\/strong>, d&#8217;Austr\u00e0lia, una de les primeres persones que va introduir la restaurativa en l&#8217;\u00e0mbit educatiu, va exposar l&#8217;estreta relaci\u00f3 que existeix entre la necessitat d&#8217;estar connectades a altres persones, la vergonya, el trauma i la restauraci\u00f3. Va ser tota una revelaci\u00f3!<\/p>\n<p style=\"text-align: justify;\">Vam acabar les jornades amb el doctor <strong>Terence Bevington<\/strong>, que va aportar la mirada avaluadora als processos restauratius. Finalment, diverses escoles i instituts van compartir les seves experi\u00e8ncies. Vam marxar amb el cap ple d&#8217;idees i el convenciment del cam\u00ed triat. Agra\u00efdes d&#8217;haver compartit tant de saber amb persones que admirem!<\/p>\n<p><img loading=\"lazy\" decoding=\"async\" class=\"aligncenter wp-image-4125\" src=\"https:\/\/agora.xtec.cat\/escolatorrelameu\/wp-content\/uploads\/usu2232\/2025\/12\/rolling.jpg\" alt=\"\" width=\"572\" height=\"227\" srcset=\"https:\/\/agora.xtec.cat\/escolatorrelameu\/wp-content\/uploads\/usu2232\/2025\/12\/rolling.jpg 1173w, https:\/\/agora.xtec.cat\/escolatorrelameu\/wp-content\/uploads\/usu2232\/2025\/12\/rolling-300x119.jpg 300w, https:\/\/agora.xtec.cat\/escolatorrelameu\/wp-content\/uploads\/usu2232\/2025\/12\/rolling-1024x406.jpg 1024w, https:\/\/agora.xtec.cat\/escolatorrelameu\/wp-content\/uploads\/usu2232\/2025\/12\/rolling-768x304.jpg 768w\" sizes=\"auto, (max-width: 572px) 100vw, 572px\" \/><\/p>\n<p><span style=\"text-align: justify;\">Assistir a aquestes jornades ha estat possible al programa PROA PROA+<img loading=\"lazy\" decoding=\"async\" class=\"aligncenter size-full wp-image-4123\" src=\"https:\/\/agora.xtec.cat\/escolatorrelameu\/wp-content\/uploads\/usu2232\/2025\/12\/logos.jpg\" alt=\"\" width=\"1686\" height=\"93\" srcset=\"https:\/\/agora.xtec.cat\/escolatorrelameu\/wp-content\/uploads\/usu2232\/2025\/12\/logos.jpg 1686w, https:\/\/agora.xtec.cat\/escolatorrelameu\/wp-content\/uploads\/usu2232\/2025\/12\/logos-300x17.jpg 300w, https:\/\/agora.xtec.cat\/escolatorrelameu\/wp-content\/uploads\/usu2232\/2025\/12\/logos-1024x56.jpg 1024w, https:\/\/agora.xtec.cat\/escolatorrelameu\/wp-content\/uploads\/usu2232\/2025\/12\/logos-768x42.jpg 768w, https:\/\/agora.xtec.cat\/escolatorrelameu\/wp-content\/uploads\/usu2232\/2025\/12\/logos-1536x85.jpg 1536w\" sizes=\"auto, (max-width: 1686px) 100vw, 1686px\" \/><\/span><\/p>\n<p>&nbsp;<\/p>\n","protected":false},"excerpt":{"rendered":"<p>El divendres 21 i el dissabte 22 de novembre una part del claustre, juntament amb formadores de restaurativa, vam assistir a unes jornades organitzades per CU.RE<\/p>\n<p>La reconeguda Belinda Hopkins ens va fer un breu recordatori dels principis restauratius i va insistir en la idea que&hellip;  <a href=\"https:\/\/agora.xtec.cat\/escolatorrelameu\/general\/assistencia-a-les-jornades-cu-re\/\" title=\"Read Assist\u00e8ncia a les jornades CU.RE\">Llegeix m\u00e9s\u00bb<\/a><\/p>\n","protected":false},"author":14,"featured_media":4124,"comment_status":"open","ping_status":"open","sticky":false,"template":"","format":"standard","meta":{"_bbp_topic_count":0,"_bbp_reply_count":0,"_bbp_total_topic_count":0,"_bbp_total_reply_count":0,"_bbp_voice_count":0,"_bbp_anonymous_reply_count":0,"_bbp_topic_count_hidden":0,"_bbp_reply_count_hidden":0,"_bbp_forum_subforum_count":0,"footnotes":""},"categories":[1],"tags":[120],"class_list":["post-4126","post","type-post","status-publish","format-standard","has-post-thumbnail","hentry","category-general","tag-restaurativa"],"post_mailing_queue_ids":[],"_links":{"self":[{"href":"https:\/\/agora.xtec.cat\/escolatorrelameu\/wp-json\/wp\/v2\/posts\/4126","targetHints":{"allow":["GET"]}}],"collection":[{"href":"https:\/\/agora.xtec.cat\/escolatorrelameu\/wp-json\/wp\/v2\/posts"}],"about":[{"href":"https:\/\/agora.xtec.cat\/escolatorrelameu\/wp-json\/wp\/v2\/types\/post"}],"author":[{"embeddable":true,"href":"https:\/\/agora.xtec.cat\/escolatorrelameu\/wp-json\/wp\/v2\/users\/14"}],"replies":[{"embeddable":true,"href":"https:\/\/agora.xtec.cat\/escolatorrelameu\/wp-json\/wp\/v2\/comments?post=4126"}],"version-history":[{"count":4,"href":"https:\/\/agora.xtec.cat\/escolatorrelameu\/wp-json\/wp\/v2\/posts\/4126\/revisions"}],"predecessor-version":[{"id":4132,"href":"https:\/\/agora.xtec.cat\/escolatorrelameu\/wp-json\/wp\/v2\/posts\/4126\/revisions\/4132"}],"wp:featuredmedia":[{"embeddable":true,"href":"https:\/\/agora.xtec.cat\/escolatorrelameu\/wp-json\/wp\/v2\/media\/4124"}],"wp:attachment":[{"href":"https:\/\/agora.xtec.cat\/escolatorrelameu\/wp-json\/wp\/v2\/media?parent=4126"}],"wp:term":[{"taxonomy":"category","embeddable":true,"href":"https:\/\/agora.xtec.cat\/escolatorrelameu\/wp-json\/wp\/v2\/categories?post=4126"},{"taxonomy":"post_tag","embeddable":true,"href":"https:\/\/agora.xtec.cat\/escolatorrelameu\/wp-json\/wp\/v2\/tags?post=4126"}],"curies":[{"name":"wp","href":"https:\/\/api.w.org\/{rel}","templated":true}]}}