{"id":4108,"date":"2025-12-02T15:32:31","date_gmt":"2025-12-02T14:32:31","guid":{"rendered":"https:\/\/agora.xtec.cat\/escolatorrelameu\/?p=4108"},"modified":"2025-12-02T22:35:25","modified_gmt":"2025-12-02T21:35:25","slug":"principi-3","status":"publish","type":"post","link":"https:\/\/agora.xtec.cat\/escolatorrelameu\/general\/principi-3\/","title":{"rendered":"Principi 3"},"content":{"rendered":"<p style=\"text-align: center;\"><strong>Principi 3:<\/strong> <em>Tot all\u00f2 que fem i diem t\u00e9 un efecte en les persones del nostre voltant.<\/em><\/p>\n<p style=\"text-align: justify;\">Un dels elements clau de qualsevol intervenci\u00f3 amb mirada restaurativa \u00e9s la presa de consci\u00e8ncia que tot all\u00f2 que fem i diem t\u00e9 unes conseq\u00fc\u00e8ncies en nosaltres i en les persones al nostre voltant.<\/p>\n<p style=\"text-align: justify;\">Des de la mirada punitiva, s&#8217;espera que la conseq\u00fc\u00e8ncia a una conducta incorrecta sigui un c\u00e0stig o una sanci\u00f3, amb l&#8217;objectiu d&#8217;alli\u00e7onar perqu\u00e8 no es repeteixi o com a efecte &#8220;just&#8221;, perqu\u00e8 s&#8217;ho mereix&#8230;<\/p>\n<p style=\"text-align: justify;\">En canvi, segons la restaurativa, la conseq\u00fc\u00e8ncia \u00e9s l&#8217;impacte de les nostres accions en els altres, desenvolupant l&#8217;empatia. \u00c9s un gir de paradigma, a contracorrent de com hem crescut la gran majoria dels adults. Desempallegar-nos d&#8217;una manera de fer que tenim molt interioritzada, sempre comporta proc\u00e9s i temps.<\/p>\n<p style=\"text-align: justify;\">Ning\u00fa millor que Belinda Hopkins per explicar-vos per qu\u00e8 hem de fer aquest proc\u00e9s i canvi de mirada. Hopkins \u00e9s l&#8217;autora dels 5 principis i una de les persones m\u00e9s reconegudes en el m\u00f3n pel que fa a la gesti\u00f3 de conflictes des d&#8217;una cultura de pau. Us enllacem un v\u00eddeo, que \u00e9s una joia, en qu\u00e8 reflexiona sobre les conseq\u00fc\u00e8ncies (podeu activar els subt\u00edtols en catal\u00e0).<\/p>\n<p><img loading=\"lazy\" decoding=\"async\" class=\"aligncenter size-full wp-image-4111\" src=\"https:\/\/agora.xtec.cat\/escolatorrelameu\/wp-content\/uploads\/usu2232\/2025\/12\/belinda-hopkings.jpg\" alt=\"\" width=\"1009\" height=\"569\" srcset=\"https:\/\/agora.xtec.cat\/escolatorrelameu\/wp-content\/uploads\/usu2232\/2025\/12\/belinda-hopkings.jpg 1009w, https:\/\/agora.xtec.cat\/escolatorrelameu\/wp-content\/uploads\/usu2232\/2025\/12\/belinda-hopkings-300x169.jpg 300w, https:\/\/agora.xtec.cat\/escolatorrelameu\/wp-content\/uploads\/usu2232\/2025\/12\/belinda-hopkings-768x433.jpg 768w\" sizes=\"auto, (max-width: 1009px) 100vw, 1009px\" \/><a href=\"https:\/\/www.encercle.cat\/wordpress\/material-audiovisual-per-a-les-formacions\/\">V\u00eddeo B. Hopkins. Thinking about consequences.<\/a><\/p>\n<p style=\"text-align: justify;\">A les aules, hem treballat a partir de diferents curtmetratges, converses i amb la din\u00e0mica de la teranyina. Tots estem connectats, per tant, qualsevol gest o cosa que faci, tindr\u00e0 conseq\u00fc\u00e8ncies en els altres.<\/p>\n<p><img loading=\"lazy\" decoding=\"async\" class=\"aligncenter size-full wp-image-4112\" src=\"https:\/\/agora.xtec.cat\/escolatorrelameu\/wp-content\/uploads\/usu2232\/2025\/12\/3r-principi.jpg\" alt=\"\" width=\"1339\" height=\"1373\" srcset=\"https:\/\/agora.xtec.cat\/escolatorrelameu\/wp-content\/uploads\/usu2232\/2025\/12\/3r-principi.jpg 1339w, https:\/\/agora.xtec.cat\/escolatorrelameu\/wp-content\/uploads\/usu2232\/2025\/12\/3r-principi-293x300.jpg 293w, https:\/\/agora.xtec.cat\/escolatorrelameu\/wp-content\/uploads\/usu2232\/2025\/12\/3r-principi-999x1024.jpg 999w, https:\/\/agora.xtec.cat\/escolatorrelameu\/wp-content\/uploads\/usu2232\/2025\/12\/3r-principi-768x788.jpg 768w\" sizes=\"auto, (max-width: 1339px) 100vw, 1339px\" \/><\/p>\n","protected":false},"excerpt":{"rendered":"<p>Principi 3: Tot all\u00f2 que fem i diem t\u00e9 un efecte en les persones del nostre voltant.<br \/>\nUn dels elements clau de qualsevol intervenci\u00f3 amb mirada restaurativa \u00e9s la presa de consci\u00e8ncia que tot all\u00f2 que fem i diem t\u00e9 unes conseq\u00fc\u00e8ncies en nosaltres i en&hellip;  <a href=\"https:\/\/agora.xtec.cat\/escolatorrelameu\/general\/principi-3\/\" title=\"Read Principi 3\">Llegeix m\u00e9s\u00bb<\/a><\/p>\n","protected":false},"author":14,"featured_media":4113,"comment_status":"open","ping_status":"open","sticky":false,"template":"","format":"standard","meta":{"_bbp_topic_count":0,"_bbp_reply_count":0,"_bbp_total_topic_count":0,"_bbp_total_reply_count":0,"_bbp_voice_count":0,"_bbp_anonymous_reply_count":0,"_bbp_topic_count_hidden":0,"_bbp_reply_count_hidden":0,"_bbp_forum_subforum_count":0,"footnotes":""},"categories":[1],"tags":[120],"class_list":["post-4108","post","type-post","status-publish","format-standard","has-post-thumbnail","hentry","category-general","tag-restaurativa"],"post_mailing_queue_ids":[],"_links":{"self":[{"href":"https:\/\/agora.xtec.cat\/escolatorrelameu\/wp-json\/wp\/v2\/posts\/4108","targetHints":{"allow":["GET"]}}],"collection":[{"href":"https:\/\/agora.xtec.cat\/escolatorrelameu\/wp-json\/wp\/v2\/posts"}],"about":[{"href":"https:\/\/agora.xtec.cat\/escolatorrelameu\/wp-json\/wp\/v2\/types\/post"}],"author":[{"embeddable":true,"href":"https:\/\/agora.xtec.cat\/escolatorrelameu\/wp-json\/wp\/v2\/users\/14"}],"replies":[{"embeddable":true,"href":"https:\/\/agora.xtec.cat\/escolatorrelameu\/wp-json\/wp\/v2\/comments?post=4108"}],"version-history":[{"count":3,"href":"https:\/\/agora.xtec.cat\/escolatorrelameu\/wp-json\/wp\/v2\/posts\/4108\/revisions"}],"predecessor-version":[{"id":4114,"href":"https:\/\/agora.xtec.cat\/escolatorrelameu\/wp-json\/wp\/v2\/posts\/4108\/revisions\/4114"}],"wp:featuredmedia":[{"embeddable":true,"href":"https:\/\/agora.xtec.cat\/escolatorrelameu\/wp-json\/wp\/v2\/media\/4113"}],"wp:attachment":[{"href":"https:\/\/agora.xtec.cat\/escolatorrelameu\/wp-json\/wp\/v2\/media?parent=4108"}],"wp:term":[{"taxonomy":"category","embeddable":true,"href":"https:\/\/agora.xtec.cat\/escolatorrelameu\/wp-json\/wp\/v2\/categories?post=4108"},{"taxonomy":"post_tag","embeddable":true,"href":"https:\/\/agora.xtec.cat\/escolatorrelameu\/wp-json\/wp\/v2\/tags?post=4108"}],"curies":[{"name":"wp","href":"https:\/\/api.w.org\/{rel}","templated":true}]}}