{"id":4062,"date":"2025-11-02T18:27:33","date_gmt":"2025-11-02T17:27:33","guid":{"rendered":"https:\/\/agora.xtec.cat\/escolatorrelameu\/?p=4062"},"modified":"2025-11-02T18:27:33","modified_gmt":"2025-11-02T17:27:33","slug":"primera-assemblea-descola-del-curs","status":"publish","type":"post","link":"https:\/\/agora.xtec.cat\/escolatorrelameu\/general\/primera-assemblea-descola-del-curs\/","title":{"rendered":"Primera Assemblea d\u2019escola del curs"},"content":{"rendered":"<p dir=\"auto\" style=\"text-align: justify;\">Aquest dilluns vam celebrar la primera assemblea d\u2019escola del curs, un espai de participaci\u00f3 i di\u00e0leg que ens permet construir, entre tots i totes, una comunitat m\u00e9s conscient, respectuosa i compromesa.<\/p>\n<p dir=\"auto\" style=\"text-align: justify;\">Els moderadors, secretaris i els de torn de paraula van fer una gran feina pr\u00e8via: van recollir els punts de l\u2019ordre del dia, redactar la convocat\u00f2ria, preparar el material i l\u2019espai, i fins i tot organitzar els rellotges de sorra per gestionar els temps d\u2019intervenci\u00f3.<\/p>\n<p dir=\"auto\" style=\"text-align: justify;\">L\u2019assemblea va comen\u00e7ar amb el retorn sobre l\u2019enquesta del curs passat, centrada en tres eixos clau: lligams, Aprenc i respecte. A continuaci\u00f3, es va comentar la conversa que hi havia hagut a Grans en que es fonamenta el pla de conviv\u00e8ncia de l\u2019escola, especialment pel que fa a la gesti\u00f3 d\u2019incid\u00e8ncies lleus i greus.<\/p>\n<p dir=\"auto\" style=\"text-align: justify;\">Tot seguit, els Grans van compartir la seva an\u00e0lisi sobre les despeses de fruita i els quilos de paper llen\u00e7at, mostrant gr\u00e0fics i conclusions que conviden a la reflexi\u00f3 sobre el consum responsable i la sostenibilitat.<\/p>\n<p dir=\"auto\" style=\"text-align: justify;\">Finalment, vam obrir el debat sobre l\u2019\u00fas del pati i la pilota, un tema molt present en la vida quotidiana de l\u2019escola. Tot i no poder concloure totes les intervencions per manca de temps, vam acordar continuar l\u2019assemblea el pr\u00f2xim 17 de novembre.<\/p>\n<p dir=\"auto\" style=\"text-align: justify;\">Una trobada que ens recorda que la veu de tots i totes \u00e9s essencial per fer escola, i que la participaci\u00f3 activa \u00e9s una de les millors maneres d\u2019aprendre a conviure i a transformar el nostre entorn.<\/p>\n<p dir=\"auto\"><img loading=\"lazy\" decoding=\"async\" class=\"aligncenter size-full wp-image-4065\" src=\"https:\/\/agora.xtec.cat\/escolatorrelameu\/wp-content\/uploads\/usu2232\/2025\/11\/Assemblea-1_2526.jpg\" alt=\"\" width=\"2000\" height=\"1600\" srcset=\"https:\/\/agora.xtec.cat\/escolatorrelameu\/wp-content\/uploads\/usu2232\/2025\/11\/Assemblea-1_2526.jpg 2000w, https:\/\/agora.xtec.cat\/escolatorrelameu\/wp-content\/uploads\/usu2232\/2025\/11\/Assemblea-1_2526-300x240.jpg 300w, https:\/\/agora.xtec.cat\/escolatorrelameu\/wp-content\/uploads\/usu2232\/2025\/11\/Assemblea-1_2526-1024x819.jpg 1024w, https:\/\/agora.xtec.cat\/escolatorrelameu\/wp-content\/uploads\/usu2232\/2025\/11\/Assemblea-1_2526-768x614.jpg 768w, https:\/\/agora.xtec.cat\/escolatorrelameu\/wp-content\/uploads\/usu2232\/2025\/11\/Assemblea-1_2526-1536x1229.jpg 1536w\" sizes=\"auto, (max-width: 2000px) 100vw, 2000px\" \/><\/p>\n","protected":false},"excerpt":{"rendered":"<p>Aquest dilluns vam celebrar la primera assemblea d\u2019escola del curs, un espai de participaci\u00f3 i di\u00e0leg que ens permet construir, entre tots i totes, una comunitat m\u00e9s conscient, respectuosa i compromesa.<br \/>\nEls moderadors, secretaris i els de torn de paraula van fer una gran feina pr\u00e8via:&hellip;  <a href=\"https:\/\/agora.xtec.cat\/escolatorrelameu\/general\/primera-assemblea-descola-del-curs\/\" title=\"Read Primera Assemblea d\u2019escola del curs\">Llegeix m\u00e9s\u00bb<\/a><\/p>\n","protected":false},"author":14,"featured_media":4064,"comment_status":"open","ping_status":"open","sticky":false,"template":"","format":"standard","meta":{"_bbp_topic_count":0,"_bbp_reply_count":0,"_bbp_total_topic_count":0,"_bbp_total_reply_count":0,"_bbp_voice_count":0,"_bbp_anonymous_reply_count":0,"_bbp_topic_count_hidden":0,"_bbp_reply_count_hidden":0,"_bbp_forum_subforum_count":0,"footnotes":""},"categories":[1],"tags":[],"class_list":["post-4062","post","type-post","status-publish","format-standard","has-post-thumbnail","hentry","category-general"],"post_mailing_queue_ids":[],"_links":{"self":[{"href":"https:\/\/agora.xtec.cat\/escolatorrelameu\/wp-json\/wp\/v2\/posts\/4062","targetHints":{"allow":["GET"]}}],"collection":[{"href":"https:\/\/agora.xtec.cat\/escolatorrelameu\/wp-json\/wp\/v2\/posts"}],"about":[{"href":"https:\/\/agora.xtec.cat\/escolatorrelameu\/wp-json\/wp\/v2\/types\/post"}],"author":[{"embeddable":true,"href":"https:\/\/agora.xtec.cat\/escolatorrelameu\/wp-json\/wp\/v2\/users\/14"}],"replies":[{"embeddable":true,"href":"https:\/\/agora.xtec.cat\/escolatorrelameu\/wp-json\/wp\/v2\/comments?post=4062"}],"version-history":[{"count":2,"href":"https:\/\/agora.xtec.cat\/escolatorrelameu\/wp-json\/wp\/v2\/posts\/4062\/revisions"}],"predecessor-version":[{"id":4066,"href":"https:\/\/agora.xtec.cat\/escolatorrelameu\/wp-json\/wp\/v2\/posts\/4062\/revisions\/4066"}],"wp:featuredmedia":[{"embeddable":true,"href":"https:\/\/agora.xtec.cat\/escolatorrelameu\/wp-json\/wp\/v2\/media\/4064"}],"wp:attachment":[{"href":"https:\/\/agora.xtec.cat\/escolatorrelameu\/wp-json\/wp\/v2\/media?parent=4062"}],"wp:term":[{"taxonomy":"category","embeddable":true,"href":"https:\/\/agora.xtec.cat\/escolatorrelameu\/wp-json\/wp\/v2\/categories?post=4062"},{"taxonomy":"post_tag","embeddable":true,"href":"https:\/\/agora.xtec.cat\/escolatorrelameu\/wp-json\/wp\/v2\/tags?post=4062"}],"curies":[{"name":"wp","href":"https:\/\/api.w.org\/{rel}","templated":true}]}}