{"id":4041,"date":"2025-10-31T13:29:25","date_gmt":"2025-10-31T12:29:25","guid":{"rendered":"https:\/\/agora.xtec.cat\/escolatorrelameu\/?p=4041"},"modified":"2025-12-02T22:43:13","modified_gmt":"2025-12-02T21:43:13","slug":"principi-2","status":"publish","type":"post","link":"https:\/\/agora.xtec.cat\/escolatorrelameu\/general\/principi-2\/","title":{"rendered":"Principi 2"},"content":{"rendered":"<p style=\"text-align: center;\"><strong>Principi 2:<\/strong> <em>Els nostres pensaments influencien les nostres emocions i, tots dos, les nostres accions.<\/em><\/p>\n<p style=\"text-align: justify;\">Una conducta (qualsevol cosa que fem) neix d&#8217;un pensament que, al seu torn, ens ha generat una\u00a0 emoci\u00f3.\u00a0La mirada restaurativa, en el moment de gestionar un conflicte, no se centra exclusivament en la conducta, sin\u00f3 que procura fer preguntes per anar descobrint les emocions i pensaments que hi ha al darrere.<\/p>\n<p><img loading=\"lazy\" decoding=\"async\" class=\"aligncenter size-full wp-image-4049\" src=\"https:\/\/agora.xtec.cat\/escolatorrelameu\/wp-content\/uploads\/usu2232\/2025\/10\/mirada-rest-vs-puni.jpg\" alt=\"\" width=\"542\" height=\"517\" srcset=\"https:\/\/agora.xtec.cat\/escolatorrelameu\/wp-content\/uploads\/usu2232\/2025\/10\/mirada-rest-vs-puni.jpg 542w, https:\/\/agora.xtec.cat\/escolatorrelameu\/wp-content\/uploads\/usu2232\/2025\/10\/mirada-rest-vs-puni-300x286.jpg 300w\" sizes=\"auto, (max-width: 542px) 100vw, 542px\" \/><\/p>\n<p>El di\u00e0leg posterior a una situaci\u00f3 de conflicte constru\u00efda a partir de preguntes com &#8220;Qu\u00e8 pensaves quan ha passat?&#8221;, &#8220;Com et senties en el moment en qu\u00e8 ha passat?&#8221; fan possible que les persones que hi intervenen connectin amb elles mateixes, ja que permeten aprofundir en la identificaci\u00f3 de pensaments i sentiments propis. Al mateix temps, la persona que escolta pot entendre com s&#8217;ha sentit l&#8217;altre i comprendre el perqu\u00e8 de determinades actuacions. Per tant, s&#8217;afavoreix l&#8217;empatia.<\/p>\n<p>El <strong>principi 2<\/strong> marca la difer\u00e8ncia a l&#8217;hora de gestionar conflictes de forma restaurativa. Per a les persones involucrades, \u00e9s una font d&#8217;aprenentatge emocional: sobre si mateixes i sobre els altres, ja que amb les preguntes del <strong>principi 2<\/strong> poden aflorar pensaments i sentiments que ens facin comprendre una conducta davant una situaci\u00f3, un dels passos cabdals per a la <strong>gesti\u00f3 emocional. <\/strong><\/p>\n<p>A les aules hem presentat el <strong>principi 2<\/strong> de diferents maneres. Per als m\u00e9s Petits, el m\u00e9s f\u00e0cil \u00e9s fer-ho a trav\u00e9s d&#8217;exemples propers, recordant situacions en qu\u00e8 et pensaves una cosa, com per exemple que et faria molt de mal posar-te una vacuna, senties por i no volies que la infermera te la pos\u00e9s. A Mitjans es va presentar de manera semblant, a trav\u00e9s de diferents <em>role playing<\/em>, <span style=\"font-weight: 400;\">en qu\u00e8<\/span> es donava <span style=\"font-weight: 400;\">resposta d\u2019una manera determinada a una situaci\u00f3 perqu\u00e8 es pensaven que havia passat una cosa i no era ben b\u00e9 aix\u00ed\u2026<\/span> A Grans, van explicar el conte\u00a0<i>Tinc un volc\u00e0 i no vull respirar <\/i>i es va fer un breu taller de respiraci\u00f3 i iniciaci\u00f3 a la t\u00e8cnica de la Uddiyanna. Tamb\u00e9 van visionar els seg\u00fcents curtmetratges: <a href=\"https:\/\/www.youtube.com\/watch?v=mrtE25ITdSg\"><i><span style=\"font-weight: 400;\">El alfarer<\/span><\/i><\/a><span style=\"font-weight: 400;\"><em>o<\/em>, <\/span><a href=\"https:\/\/www.youtube.com\/watch?v=PfyJQEIsMt0\"><i><span style=\"font-weight: 400;\">Partly Cloudy<\/span><\/i><\/a><span style=\"font-weight: 400;\"> i <\/span><i><span style=\"font-weight: 400;\"><a href=\"https:\/\/www.google.com\/search?q=the+present&amp;rlz=1C1GCEA_enES1016ES1016&amp;oq=the+present&amp;gs_lcrp=EgZjaHJvbWUqCggAEAAY4wIYgAQyCggAEAAY4wIYgAQyBwgBEC4YgAQyBwgCEAAYgAQyBwgDEC4YgAQyBwgEEAAYgAQyBwgFEAAYgAQyBwgGEAAYgAQyBwgHEC4YgAQyCQgIEAAYChiABDIHCAkQABiABNIBCTMyNzZqMGoxNagCCLACAQ&amp;sourceid=chrome&amp;ie=UTF-8#fpstate=ive&amp;vld=cid:a3f336bd,vid:3XA0bB79oGc,st:0\">The present<\/a>.\u00a0<\/span><\/i><\/p>\n<p>A les aules, hem deixat const\u00e0ncia del <strong>2n principi<\/strong> amb les seg\u00fcents imatges:<\/p>\n<p><img loading=\"lazy\" decoding=\"async\" class=\"aligncenter size-full wp-image-4039\" src=\"https:\/\/agora.xtec.cat\/escolatorrelameu\/wp-content\/uploads\/usu2232\/2025\/10\/pensaments-de-tots.jpg\" alt=\"\" width=\"1333\" height=\"1751\" srcset=\"https:\/\/agora.xtec.cat\/escolatorrelameu\/wp-content\/uploads\/usu2232\/2025\/10\/pensaments-de-tots.jpg 1333w, https:\/\/agora.xtec.cat\/escolatorrelameu\/wp-content\/uploads\/usu2232\/2025\/10\/pensaments-de-tots-228x300.jpg 228w, https:\/\/agora.xtec.cat\/escolatorrelameu\/wp-content\/uploads\/usu2232\/2025\/10\/pensaments-de-tots-780x1024.jpg 780w, https:\/\/agora.xtec.cat\/escolatorrelameu\/wp-content\/uploads\/usu2232\/2025\/10\/pensaments-de-tots-768x1009.jpg 768w, https:\/\/agora.xtec.cat\/escolatorrelameu\/wp-content\/uploads\/usu2232\/2025\/10\/pensaments-de-tots-1169x1536.jpg 1169w\" sizes=\"auto, (max-width: 1333px) 100vw, 1333px\" \/><\/p>\n","protected":false},"excerpt":{"rendered":"<p>Principi 2: Els nostres pensaments influencien les nostres emocions i, tots dos, les nostres accions.<br \/>\nUna conducta (qualsevol cosa que fem) neix d&#8217;un pensament que, al seu torn, ens ha generat una\u00a0 emoci\u00f3.\u00a0La mirada restaurativa, en el moment de gestionar un conflicte, no se centra exclusivament&hellip;  <a href=\"https:\/\/agora.xtec.cat\/escolatorrelameu\/general\/principi-2\/\" title=\"Read Principi 2\">Llegeix m\u00e9s\u00bb<\/a><\/p>\n","protected":false},"author":14,"featured_media":4040,"comment_status":"open","ping_status":"open","sticky":false,"template":"","format":"standard","meta":{"_bbp_topic_count":0,"_bbp_reply_count":0,"_bbp_total_topic_count":0,"_bbp_total_reply_count":0,"_bbp_voice_count":0,"_bbp_anonymous_reply_count":0,"_bbp_topic_count_hidden":0,"_bbp_reply_count_hidden":0,"_bbp_forum_subforum_count":0,"footnotes":""},"categories":[1],"tags":[120],"class_list":["post-4041","post","type-post","status-publish","format-standard","has-post-thumbnail","hentry","category-general","tag-restaurativa"],"post_mailing_queue_ids":[],"_links":{"self":[{"href":"https:\/\/agora.xtec.cat\/escolatorrelameu\/wp-json\/wp\/v2\/posts\/4041","targetHints":{"allow":["GET"]}}],"collection":[{"href":"https:\/\/agora.xtec.cat\/escolatorrelameu\/wp-json\/wp\/v2\/posts"}],"about":[{"href":"https:\/\/agora.xtec.cat\/escolatorrelameu\/wp-json\/wp\/v2\/types\/post"}],"author":[{"embeddable":true,"href":"https:\/\/agora.xtec.cat\/escolatorrelameu\/wp-json\/wp\/v2\/users\/14"}],"replies":[{"embeddable":true,"href":"https:\/\/agora.xtec.cat\/escolatorrelameu\/wp-json\/wp\/v2\/comments?post=4041"}],"version-history":[{"count":5,"href":"https:\/\/agora.xtec.cat\/escolatorrelameu\/wp-json\/wp\/v2\/posts\/4041\/revisions"}],"predecessor-version":[{"id":4052,"href":"https:\/\/agora.xtec.cat\/escolatorrelameu\/wp-json\/wp\/v2\/posts\/4041\/revisions\/4052"}],"wp:featuredmedia":[{"embeddable":true,"href":"https:\/\/agora.xtec.cat\/escolatorrelameu\/wp-json\/wp\/v2\/media\/4040"}],"wp:attachment":[{"href":"https:\/\/agora.xtec.cat\/escolatorrelameu\/wp-json\/wp\/v2\/media?parent=4041"}],"wp:term":[{"taxonomy":"category","embeddable":true,"href":"https:\/\/agora.xtec.cat\/escolatorrelameu\/wp-json\/wp\/v2\/categories?post=4041"},{"taxonomy":"post_tag","embeddable":true,"href":"https:\/\/agora.xtec.cat\/escolatorrelameu\/wp-json\/wp\/v2\/tags?post=4041"}],"curies":[{"name":"wp","href":"https:\/\/api.w.org\/{rel}","templated":true}]}}