{"id":4034,"date":"2025-10-29T08:56:39","date_gmt":"2025-10-29T07:56:39","guid":{"rendered":"https:\/\/agora.xtec.cat\/escolatorrelameu\/?p=4034"},"modified":"2025-10-29T08:56:39","modified_gmt":"2025-10-29T07:56:39","slug":"jornada-de-treball-3","status":"publish","type":"post","link":"https:\/\/agora.xtec.cat\/escolatorrelameu\/general\/jornada-de-treball-3\/","title":{"rendered":"Jornada de treball"},"content":{"rendered":"<p>Benvolgudes fam\u00edlies,<\/p>\n<p>Dissabte vam tornar a viure un dia ben especial a l&#8217;escola: la jornada de treball&#8230; Evidentment es va fer feina, molta (i gr\u00e0cies infinites a tothom que hi va participar!) per\u00f2 no nom\u00e9s es van arreglar o crear espais. Hi van passar moltes coses m\u00e9s, les que tenen un valor dif\u00edcil de calcular&#8230; Dissabte vam teixir complicitats i ens vam vincular a l&#8217;escola perqu\u00e8 ens la vam fer una mica de tots i totes&#8230; Per dir-ho ras i curt, vam cr\u00e9ixer com a comunitat: l&#8217;esfor\u00e7 compartit en benefici dels altres, el saber cedir i que l&#8217;opini\u00f3 o manera de fer d&#8217;alg\u00fa altre passi per davant de la nostra, el neguit per ajudar, per fer-ho f\u00e0cil i bonic per als altres&#8230;<\/p>\n<p>Gr\u00e0cies!<\/p>\n<p><img loading=\"lazy\" decoding=\"async\" class=\"aligncenter size-full wp-image-4036\" src=\"https:\/\/agora.xtec.cat\/escolatorrelameu\/wp-content\/uploads\/usu2232\/2025\/10\/Jornada-treball.jpg\" alt=\"\" width=\"1193\" height=\"1940\" srcset=\"https:\/\/agora.xtec.cat\/escolatorrelameu\/wp-content\/uploads\/usu2232\/2025\/10\/Jornada-treball.jpg 1193w, https:\/\/agora.xtec.cat\/escolatorrelameu\/wp-content\/uploads\/usu2232\/2025\/10\/Jornada-treball-184x300.jpg 184w, https:\/\/agora.xtec.cat\/escolatorrelameu\/wp-content\/uploads\/usu2232\/2025\/10\/Jornada-treball-630x1024.jpg 630w, https:\/\/agora.xtec.cat\/escolatorrelameu\/wp-content\/uploads\/usu2232\/2025\/10\/Jornada-treball-768x1249.jpg 768w, https:\/\/agora.xtec.cat\/escolatorrelameu\/wp-content\/uploads\/usu2232\/2025\/10\/Jornada-treball-945x1536.jpg 945w\" sizes=\"auto, (max-width: 1193px) 100vw, 1193px\" \/><\/p>\n<p>&nbsp;<\/p>\n<p>&nbsp;<\/p>\n<p>&nbsp;<\/p>\n<p>&nbsp;<\/p>\n<p>&nbsp;<\/p>\n","protected":false},"excerpt":{"rendered":"<p>Benvolgudes fam\u00edlies,<br \/>\nDissabte vam tornar a viure un dia ben especial a l&#8217;escola: la jornada de treball&#8230; Evidentment es va fer feina, molta (i gr\u00e0cies infinites a tothom que hi va participar!) per\u00f2 no nom\u00e9s es van arreglar o crear espais. Hi van passar moltes coses&hellip;  <a href=\"https:\/\/agora.xtec.cat\/escolatorrelameu\/general\/jornada-de-treball-3\/\" title=\"Read Jornada de treball\">Llegeix m\u00e9s\u00bb<\/a><\/p>\n","protected":false},"author":14,"featured_media":4038,"comment_status":"open","ping_status":"open","sticky":false,"template":"","format":"standard","meta":{"_bbp_topic_count":0,"_bbp_reply_count":0,"_bbp_total_topic_count":0,"_bbp_total_reply_count":0,"_bbp_voice_count":0,"_bbp_anonymous_reply_count":0,"_bbp_topic_count_hidden":0,"_bbp_reply_count_hidden":0,"_bbp_forum_subforum_count":0,"footnotes":""},"categories":[1],"tags":[],"class_list":["post-4034","post","type-post","status-publish","format-standard","has-post-thumbnail","hentry","category-general"],"post_mailing_queue_ids":[],"_links":{"self":[{"href":"https:\/\/agora.xtec.cat\/escolatorrelameu\/wp-json\/wp\/v2\/posts\/4034","targetHints":{"allow":["GET"]}}],"collection":[{"href":"https:\/\/agora.xtec.cat\/escolatorrelameu\/wp-json\/wp\/v2\/posts"}],"about":[{"href":"https:\/\/agora.xtec.cat\/escolatorrelameu\/wp-json\/wp\/v2\/types\/post"}],"author":[{"embeddable":true,"href":"https:\/\/agora.xtec.cat\/escolatorrelameu\/wp-json\/wp\/v2\/users\/14"}],"replies":[{"embeddable":true,"href":"https:\/\/agora.xtec.cat\/escolatorrelameu\/wp-json\/wp\/v2\/comments?post=4034"}],"version-history":[{"count":3,"href":"https:\/\/agora.xtec.cat\/escolatorrelameu\/wp-json\/wp\/v2\/posts\/4034\/revisions"}],"predecessor-version":[{"id":4043,"href":"https:\/\/agora.xtec.cat\/escolatorrelameu\/wp-json\/wp\/v2\/posts\/4034\/revisions\/4043"}],"wp:featuredmedia":[{"embeddable":true,"href":"https:\/\/agora.xtec.cat\/escolatorrelameu\/wp-json\/wp\/v2\/media\/4038"}],"wp:attachment":[{"href":"https:\/\/agora.xtec.cat\/escolatorrelameu\/wp-json\/wp\/v2\/media?parent=4034"}],"wp:term":[{"taxonomy":"category","embeddable":true,"href":"https:\/\/agora.xtec.cat\/escolatorrelameu\/wp-json\/wp\/v2\/categories?post=4034"},{"taxonomy":"post_tag","embeddable":true,"href":"https:\/\/agora.xtec.cat\/escolatorrelameu\/wp-json\/wp\/v2\/tags?post=4034"}],"curies":[{"name":"wp","href":"https:\/\/api.w.org\/{rel}","templated":true}]}}