{"id":4022,"date":"2025-10-28T16:21:05","date_gmt":"2025-10-28T15:21:05","guid":{"rendered":"https:\/\/agora.xtec.cat\/escolatorrelameu\/?p=4022"},"modified":"2025-10-30T16:50:10","modified_gmt":"2025-10-30T15:50:10","slug":"visita-a-lexposicio-del-premi-viladrich","status":"publish","type":"post","link":"https:\/\/agora.xtec.cat\/escolatorrelameu\/general\/visita-a-lexposicio-del-premi-viladrich\/","title":{"rendered":"Visita a l&#8217;exposici\u00f3 del Premi Viladrich"},"content":{"rendered":"<p>Dilluns 20 d&#8217;octubre els diferents grups de l&#8217;escola vam anar fins a la Sala per passejar-nos entremig de les obres exposades en motiu del XX\u00e8 Premi de pintura Miquel Viladrich.<\/p>\n<p>Cadasc\u00fa va poder observar, amb la tranquil\u00b7litat de tenir la Sala a la nostra disposici\u00f3, els diferents colors, mesures, formats, textures, suports&#8230; que ten\u00edem a l&#8217;abast.<\/p>\n<p>Tamb\u00e9 vam poder observar l&#8217;obra col\u00b7lectiva que es va preparar a l&#8217;escola, amb el llistat de tots els autors i autores que l&#8217;han fet possible.<\/p>\n<p>Gr\u00e0cies per oferir-nos la possibilitat de gaudir de l&#8217;art tan a tocar del centre i, a m\u00e9s a m\u00e9s, pel munt de llibres amb qu\u00e8 ens van obsequiar el Museu Morera i el Centre d&#8217;Art de La Panera.<\/p>\n<p><img loading=\"lazy\" decoding=\"async\" class=\"aligncenter size-full wp-image-4024\" src=\"https:\/\/agora.xtec.cat\/escolatorrelameu\/wp-content\/uploads\/usu2232\/2025\/10\/Viladrich.jpg\" alt=\"\" width=\"1063\" height=\"1935\" srcset=\"https:\/\/agora.xtec.cat\/escolatorrelameu\/wp-content\/uploads\/usu2232\/2025\/10\/Viladrich.jpg 1063w, https:\/\/agora.xtec.cat\/escolatorrelameu\/wp-content\/uploads\/usu2232\/2025\/10\/Viladrich-165x300.jpg 165w, https:\/\/agora.xtec.cat\/escolatorrelameu\/wp-content\/uploads\/usu2232\/2025\/10\/Viladrich-563x1024.jpg 563w, https:\/\/agora.xtec.cat\/escolatorrelameu\/wp-content\/uploads\/usu2232\/2025\/10\/Viladrich-768x1398.jpg 768w, https:\/\/agora.xtec.cat\/escolatorrelameu\/wp-content\/uploads\/usu2232\/2025\/10\/Viladrich-844x1536.jpg 844w\" sizes=\"auto, (max-width: 1063px) 100vw, 1063px\" \/><\/p>\n<p>&nbsp;<\/p>\n","protected":false},"excerpt":{"rendered":"<p>Dilluns 20 d&#8217;octubre els diferents grups de l&#8217;escola vam anar fins a la Sala per passejar-nos entremig de les obres exposades en motiu del XX\u00e8 Premi de pintura Miquel Viladrich.<br \/>\nCadasc\u00fa va poder observar, amb la tranquil\u00b7litat de tenir la Sala a la nostra disposici\u00f3, els&hellip;  <a href=\"https:\/\/agora.xtec.cat\/escolatorrelameu\/general\/visita-a-lexposicio-del-premi-viladrich\/\" title=\"Read Visita a l&#8217;exposici\u00f3 del Premi Viladrich\">Llegeix m\u00e9s\u00bb<\/a><\/p>\n","protected":false},"author":14,"featured_media":4020,"comment_status":"open","ping_status":"open","sticky":false,"template":"","format":"standard","meta":{"_bbp_topic_count":0,"_bbp_reply_count":0,"_bbp_total_topic_count":0,"_bbp_total_reply_count":0,"_bbp_voice_count":0,"_bbp_anonymous_reply_count":0,"_bbp_topic_count_hidden":0,"_bbp_reply_count_hidden":0,"_bbp_forum_subforum_count":0,"footnotes":""},"categories":[1],"tags":[],"class_list":["post-4022","post","type-post","status-publish","format-standard","has-post-thumbnail","hentry","category-general"],"post_mailing_queue_ids":[],"_links":{"self":[{"href":"https:\/\/agora.xtec.cat\/escolatorrelameu\/wp-json\/wp\/v2\/posts\/4022","targetHints":{"allow":["GET"]}}],"collection":[{"href":"https:\/\/agora.xtec.cat\/escolatorrelameu\/wp-json\/wp\/v2\/posts"}],"about":[{"href":"https:\/\/agora.xtec.cat\/escolatorrelameu\/wp-json\/wp\/v2\/types\/post"}],"author":[{"embeddable":true,"href":"https:\/\/agora.xtec.cat\/escolatorrelameu\/wp-json\/wp\/v2\/users\/14"}],"replies":[{"embeddable":true,"href":"https:\/\/agora.xtec.cat\/escolatorrelameu\/wp-json\/wp\/v2\/comments?post=4022"}],"version-history":[{"count":3,"href":"https:\/\/agora.xtec.cat\/escolatorrelameu\/wp-json\/wp\/v2\/posts\/4022\/revisions"}],"predecessor-version":[{"id":4044,"href":"https:\/\/agora.xtec.cat\/escolatorrelameu\/wp-json\/wp\/v2\/posts\/4022\/revisions\/4044"}],"wp:featuredmedia":[{"embeddable":true,"href":"https:\/\/agora.xtec.cat\/escolatorrelameu\/wp-json\/wp\/v2\/media\/4020"}],"wp:attachment":[{"href":"https:\/\/agora.xtec.cat\/escolatorrelameu\/wp-json\/wp\/v2\/media?parent=4022"}],"wp:term":[{"taxonomy":"category","embeddable":true,"href":"https:\/\/agora.xtec.cat\/escolatorrelameu\/wp-json\/wp\/v2\/categories?post=4022"},{"taxonomy":"post_tag","embeddable":true,"href":"https:\/\/agora.xtec.cat\/escolatorrelameu\/wp-json\/wp\/v2\/tags?post=4022"}],"curies":[{"name":"wp","href":"https:\/\/api.w.org\/{rel}","templated":true}]}}