{"id":4016,"date":"2025-10-20T13:32:28","date_gmt":"2025-10-20T11:32:28","guid":{"rendered":"https:\/\/agora.xtec.cat\/escolatorrelameu\/?p=4016"},"modified":"2025-10-20T09:32:40","modified_gmt":"2025-10-20T07:32:40","slug":"residencia-dartistes","status":"publish","type":"post","link":"https:\/\/agora.xtec.cat\/escolatorrelameu\/general\/residencia-dartistes\/","title":{"rendered":"Resid\u00e8ncia d&#8217;artistes!"},"content":{"rendered":"<p>Divendres vam anar al teatre d&#8217;Alpicat a veure l&#8217;obra &#8220;El pr\u00edncep feli\u00e7&#8221; de la Baldufa Teatre. Aquesta obra est\u00e0 inspirada amb el conte hom\u00f2nim d&#8217;Oscar Wilde.<\/p>\n<p>La hist\u00f2ria ens explica les viv\u00e8ncies entre una oreneta i l&#8217;est\u00e0tua d&#8217;un pr\u00edncep. Parla de generositat i esperan\u00e7a, de necessitats i mem\u00f2ria.<\/p>\n<p>Despr\u00e9s de l&#8217;obra, vam tenir una conversa amb els actors. Ens van explicar que aquesta obra l&#8217;estan tornant a practicar, despr\u00e9s de molts anys d&#8217;estar empaquetada i guardada&#8230; Tamb\u00e9 ens van dir que aquesta obra havia viatjat a molts pa\u00efsos del m\u00f3n i que fins i tot l&#8217;havien fet amb subt\u00edtols. Ens va semblar estrany i curi\u00f3s que les obres de teatre es passessin de moda.<\/p>\n<p>Estem agra\u00efts de la nostra participaci\u00f3 als assaigs de les resid\u00e8ncies dels artistes.<\/p>\n<figure class=\"figure wp-caption aligncenter\"><img loading=\"lazy\" decoding=\"async\" class=\"size-full wp-image-4017\" src=\"https:\/\/agora.xtec.cat\/escolatorrelameu\/wp-content\/uploads\/usu2232\/2025\/10\/IMG20251017114714-1.jpg\" alt=\"\" width=\"800\" height=\"602\" srcset=\"https:\/\/agora.xtec.cat\/escolatorrelameu\/wp-content\/uploads\/usu2232\/2025\/10\/IMG20251017114714-1.jpg 800w, https:\/\/agora.xtec.cat\/escolatorrelameu\/wp-content\/uploads\/usu2232\/2025\/10\/IMG20251017114714-1-300x226.jpg 300w, https:\/\/agora.xtec.cat\/escolatorrelameu\/wp-content\/uploads\/usu2232\/2025\/10\/IMG20251017114714-1-768x578.jpg 768w, https:\/\/agora.xtec.cat\/escolatorrelameu\/wp-content\/uploads\/usu2232\/2025\/10\/IMG20251017114714-1-200x150.jpg 200w\" sizes=\"auto, (max-width: 800px) 100vw, 800px\" \/><figcaption class=\"wp-caption-text\">oplus_0<\/figcaption><\/figure>\n","protected":false},"excerpt":{"rendered":"<p>Divendres vam anar al teatre d&#8217;Alpicat a veure l&#8217;obra &#8220;El pr\u00edncep feli\u00e7&#8221; de la Baldufa Teatre. Aquesta obra est\u00e0 inspirada amb el conte hom\u00f2nim d&#8217;Oscar Wilde.<br \/>\nLa hist\u00f2ria ens explica les viv\u00e8ncies entre una oreneta i l&#8217;est\u00e0tua d&#8217;un pr\u00edncep. Parla de generositat i esperan\u00e7a, de necessitats&hellip;  <a href=\"https:\/\/agora.xtec.cat\/escolatorrelameu\/general\/residencia-dartistes\/\" title=\"Read Resid\u00e8ncia d&#8217;artistes!\">Llegeix m\u00e9s\u00bb<\/a><\/p>\n","protected":false},"author":14,"featured_media":4017,"comment_status":"open","ping_status":"open","sticky":false,"template":"","format":"standard","meta":{"_bbp_topic_count":0,"_bbp_reply_count":0,"_bbp_total_topic_count":0,"_bbp_total_reply_count":0,"_bbp_voice_count":0,"_bbp_anonymous_reply_count":0,"_bbp_topic_count_hidden":0,"_bbp_reply_count_hidden":0,"_bbp_forum_subforum_count":0,"footnotes":""},"categories":[1],"tags":[],"class_list":["post-4016","post","type-post","status-publish","format-standard","has-post-thumbnail","hentry","category-general"],"post_mailing_queue_ids":[],"_links":{"self":[{"href":"https:\/\/agora.xtec.cat\/escolatorrelameu\/wp-json\/wp\/v2\/posts\/4016","targetHints":{"allow":["GET"]}}],"collection":[{"href":"https:\/\/agora.xtec.cat\/escolatorrelameu\/wp-json\/wp\/v2\/posts"}],"about":[{"href":"https:\/\/agora.xtec.cat\/escolatorrelameu\/wp-json\/wp\/v2\/types\/post"}],"author":[{"embeddable":true,"href":"https:\/\/agora.xtec.cat\/escolatorrelameu\/wp-json\/wp\/v2\/users\/14"}],"replies":[{"embeddable":true,"href":"https:\/\/agora.xtec.cat\/escolatorrelameu\/wp-json\/wp\/v2\/comments?post=4016"}],"version-history":[{"count":1,"href":"https:\/\/agora.xtec.cat\/escolatorrelameu\/wp-json\/wp\/v2\/posts\/4016\/revisions"}],"predecessor-version":[{"id":4018,"href":"https:\/\/agora.xtec.cat\/escolatorrelameu\/wp-json\/wp\/v2\/posts\/4016\/revisions\/4018"}],"wp:featuredmedia":[{"embeddable":true,"href":"https:\/\/agora.xtec.cat\/escolatorrelameu\/wp-json\/wp\/v2\/media\/4017"}],"wp:attachment":[{"href":"https:\/\/agora.xtec.cat\/escolatorrelameu\/wp-json\/wp\/v2\/media?parent=4016"}],"wp:term":[{"taxonomy":"category","embeddable":true,"href":"https:\/\/agora.xtec.cat\/escolatorrelameu\/wp-json\/wp\/v2\/categories?post=4016"},{"taxonomy":"post_tag","embeddable":true,"href":"https:\/\/agora.xtec.cat\/escolatorrelameu\/wp-json\/wp\/v2\/tags?post=4016"}],"curies":[{"name":"wp","href":"https:\/\/api.w.org\/{rel}","templated":true}]}}