{"id":4010,"date":"2025-10-18T08:30:19","date_gmt":"2025-10-18T06:30:19","guid":{"rendered":"https:\/\/agora.xtec.cat\/escolatorrelameu\/?p=4010"},"modified":"2025-10-18T08:30:19","modified_gmt":"2025-10-18T06:30:19","slug":"lligams-2","status":"publish","type":"post","link":"https:\/\/agora.xtec.cat\/escolatorrelameu\/general\/lligams-2\/","title":{"rendered":"Lligams"},"content":{"rendered":"<p>La sortida que vam fer dijous t\u00e9 molta rellev\u00e0ncia. Serveix per retrobar-nos amb els lligams, per\u00f2 tamb\u00e9 \u00e9s una benvinguda als nous i un enfortiment de vincles amb tots els de l&#8217;escola.<\/p>\n<p>Per a nosaltres, anar al riu \u00e9s molt m\u00e9s que una sortida. \u00c9s record, \u00e9s ajuda, \u00e9s acompanyament. \u00c9s un ritual que ens convida a mirar-nos per dins i a recon\u00e8ixer tot el cam\u00ed recorregut. Els infants, que potser l\u2019any passat necessitaven donar la m\u00e0, avui guien els m\u00e9s petits. Els adults, que observem amb calma, veiem en ells la bellesa del creixement natural, aquell que no es for\u00e7a, sin\u00f3 que s\u2019acompanya.<\/p>\n<p>El cam\u00ed \u00e9s el mateix: el soroll de l\u2019aigua, les pedres que brillen amb el sol, envoltats de natura, amb ocells que piulen&#8230; Per\u00f2, com deia Maria Montessori, no som els mateixos. Cada curs que comen\u00e7a \u00e9s una nova oportunitat per tornar-hi, per tornar-nos a mirar, per ser conscients d\u2019aquest cam\u00ed i del nostre propi creixement i evoluci\u00f3.<\/p>\n<p>Vam comen\u00e7ar al Cementiri Vell, amb una din\u00e0mica per trobar-nos&#8230; despr\u00e9s vam fer mandales amb elements naturals. Vam passar per l&#8217;escola a recollir les motxilles, ens vam acomiadar dels Menuts i vam enfilar cap al riu&#8230; Llan\u00e7ar pedres al riu, c\u00f3rrer per les rampes, troballes. Un cop vam haver acabat de de dinar vam fer cabanes per grups de lligams i&#8230; vam desfer passes cap a Torrelameu.<img loading=\"lazy\" decoding=\"async\" class=\"aligncenter size-full wp-image-4014\" src=\"https:\/\/agora.xtec.cat\/escolatorrelameu\/wp-content\/uploads\/usu2232\/2025\/10\/fotos-lligams.jpg\" alt=\"\" width=\"1050\" height=\"1933\" srcset=\"https:\/\/agora.xtec.cat\/escolatorrelameu\/wp-content\/uploads\/usu2232\/2025\/10\/fotos-lligams.jpg 1050w, https:\/\/agora.xtec.cat\/escolatorrelameu\/wp-content\/uploads\/usu2232\/2025\/10\/fotos-lligams-163x300.jpg 163w, https:\/\/agora.xtec.cat\/escolatorrelameu\/wp-content\/uploads\/usu2232\/2025\/10\/fotos-lligams-556x1024.jpg 556w, https:\/\/agora.xtec.cat\/escolatorrelameu\/wp-content\/uploads\/usu2232\/2025\/10\/fotos-lligams-768x1414.jpg 768w, https:\/\/agora.xtec.cat\/escolatorrelameu\/wp-content\/uploads\/usu2232\/2025\/10\/fotos-lligams-834x1536.jpg 834w\" sizes=\"auto, (max-width: 1050px) 100vw, 1050px\" \/><\/p>\n","protected":false},"excerpt":{"rendered":"<p>La sortida que vam fer dijous t\u00e9 molta rellev\u00e0ncia. Serveix per retrobar-nos amb els lligams, per\u00f2 tamb\u00e9 \u00e9s una benvinguda als nous i un enfortiment de vincles amb tots els de l&#8217;escola.<br \/>\nPer a nosaltres, anar al riu \u00e9s molt m\u00e9s que una sortida. \u00c9s record,&hellip;  <a href=\"https:\/\/agora.xtec.cat\/escolatorrelameu\/general\/lligams-2\/\" title=\"Read Lligams\">Llegeix m\u00e9s\u00bb<\/a><\/p>\n","protected":false},"author":14,"featured_media":4013,"comment_status":"open","ping_status":"open","sticky":false,"template":"","format":"standard","meta":{"_bbp_topic_count":0,"_bbp_reply_count":0,"_bbp_total_topic_count":0,"_bbp_total_reply_count":0,"_bbp_voice_count":0,"_bbp_anonymous_reply_count":0,"_bbp_topic_count_hidden":0,"_bbp_reply_count_hidden":0,"_bbp_forum_subforum_count":0,"footnotes":""},"categories":[1],"tags":[],"class_list":["post-4010","post","type-post","status-publish","format-standard","has-post-thumbnail","hentry","category-general"],"post_mailing_queue_ids":[],"_links":{"self":[{"href":"https:\/\/agora.xtec.cat\/escolatorrelameu\/wp-json\/wp\/v2\/posts\/4010","targetHints":{"allow":["GET"]}}],"collection":[{"href":"https:\/\/agora.xtec.cat\/escolatorrelameu\/wp-json\/wp\/v2\/posts"}],"about":[{"href":"https:\/\/agora.xtec.cat\/escolatorrelameu\/wp-json\/wp\/v2\/types\/post"}],"author":[{"embeddable":true,"href":"https:\/\/agora.xtec.cat\/escolatorrelameu\/wp-json\/wp\/v2\/users\/14"}],"replies":[{"embeddable":true,"href":"https:\/\/agora.xtec.cat\/escolatorrelameu\/wp-json\/wp\/v2\/comments?post=4010"}],"version-history":[{"count":3,"href":"https:\/\/agora.xtec.cat\/escolatorrelameu\/wp-json\/wp\/v2\/posts\/4010\/revisions"}],"predecessor-version":[{"id":4015,"href":"https:\/\/agora.xtec.cat\/escolatorrelameu\/wp-json\/wp\/v2\/posts\/4010\/revisions\/4015"}],"wp:featuredmedia":[{"embeddable":true,"href":"https:\/\/agora.xtec.cat\/escolatorrelameu\/wp-json\/wp\/v2\/media\/4013"}],"wp:attachment":[{"href":"https:\/\/agora.xtec.cat\/escolatorrelameu\/wp-json\/wp\/v2\/media?parent=4010"}],"wp:term":[{"taxonomy":"category","embeddable":true,"href":"https:\/\/agora.xtec.cat\/escolatorrelameu\/wp-json\/wp\/v2\/categories?post=4010"},{"taxonomy":"post_tag","embeddable":true,"href":"https:\/\/agora.xtec.cat\/escolatorrelameu\/wp-json\/wp\/v2\/tags?post=4010"}],"curies":[{"name":"wp","href":"https:\/\/api.w.org\/{rel}","templated":true}]}}