{"id":3999,"date":"2025-10-07T17:48:57","date_gmt":"2025-10-07T15:48:57","guid":{"rendered":"https:\/\/agora.xtec.cat\/escolatorrelameu\/?p=3999"},"modified":"2025-10-07T17:48:57","modified_gmt":"2025-10-07T15:48:57","slug":"cinema-en-curs-recomencar-a-mirar-sentir-i-crear","status":"publish","type":"post","link":"https:\/\/agora.xtec.cat\/escolatorrelameu\/general\/cinema-en-curs-recomencar-a-mirar-sentir-i-crear\/","title":{"rendered":"Cinema en curs: recomen\u00e7ar a mirar, sentir i crear"},"content":{"rendered":"<p style=\"text-align: justify;\">Comencem de nou el projecte Cinema en curs, un viatge per aprendre cinema a trav\u00e9s del mateix cinema. No \u00e9s nom\u00e9s q\u00fcesti\u00f3 de t\u00e8cnica, sin\u00f3 de descobrir una nova manera de mirar, sentir i entendre el m\u00f3n. Aquest any, amb unes ganes diferents, amb les ganes de descobrir all\u00f2 nou dins d&#8217;all\u00f2 conegut.<\/p>\n<p style=\"text-align: justify;\">Per iniciar, hem creat les nostres pr\u00f2pies llibretes. Hem escollit, plegat, cosit i encolat cada full amb molta cura. Aquest ha estat el nostre primer acte de creaci\u00f3. Per encetar la llibreta, hem triat la imatge d&#8217;un cam\u00ed o carretera que simbolitza el nostre trajecte compartit de descobriments.<\/p>\n<p style=\"text-align: justify;\">Aquest \u00e9s el nostre punt de partida: un full en blanc, un primer full d&#8217;un conjunt,&#8230; que omplirem d&#8217;imatges, paraules i emocions, on aprendre cinema \u00e9s, sobretot, aprendre a mirar i a viure.<\/p>\n<p><img loading=\"lazy\" decoding=\"async\" class=\"aligncenter size-full wp-image-4000\" src=\"https:\/\/agora.xtec.cat\/escolatorrelameu\/wp-content\/uploads\/usu2232\/2025\/10\/Disseny-sense-titol-4.jpg\" alt=\"\" width=\"2000\" height=\"1238\" srcset=\"https:\/\/agora.xtec.cat\/escolatorrelameu\/wp-content\/uploads\/usu2232\/2025\/10\/Disseny-sense-titol-4.jpg 2000w, https:\/\/agora.xtec.cat\/escolatorrelameu\/wp-content\/uploads\/usu2232\/2025\/10\/Disseny-sense-titol-4-300x186.jpg 300w, https:\/\/agora.xtec.cat\/escolatorrelameu\/wp-content\/uploads\/usu2232\/2025\/10\/Disseny-sense-titol-4-1024x634.jpg 1024w, https:\/\/agora.xtec.cat\/escolatorrelameu\/wp-content\/uploads\/usu2232\/2025\/10\/Disseny-sense-titol-4-768x475.jpg 768w, https:\/\/agora.xtec.cat\/escolatorrelameu\/wp-content\/uploads\/usu2232\/2025\/10\/Disseny-sense-titol-4-1536x951.jpg 1536w\" sizes=\"auto, (max-width: 2000px) 100vw, 2000px\" \/><\/p>\n<p>Aquest \u00e9s el primer article del nostre itinerari&#8230; Podeu anar seguint el proc\u00e9s al <a href=\"http:\/\/Diari de tallers\">diari de tallers<\/a> de la web de cinema en curs.<\/p>\n","protected":false},"excerpt":{"rendered":"<p>Comencem de nou el projecte Cinema en curs, un viatge per aprendre cinema a trav\u00e9s del mateix cinema. No \u00e9s nom\u00e9s q\u00fcesti\u00f3 de t\u00e8cnica, sin\u00f3 de descobrir una nova manera de mirar, sentir i entendre el m\u00f3n. Aquest any, amb unes ganes diferents, amb les&hellip;  <a href=\"https:\/\/agora.xtec.cat\/escolatorrelameu\/general\/cinema-en-curs-recomencar-a-mirar-sentir-i-crear\/\" title=\"Read Cinema en curs: recomen\u00e7ar a mirar, sentir i crear\">Llegeix m\u00e9s\u00bb<\/a><\/p>\n","protected":false},"author":14,"featured_media":4001,"comment_status":"open","ping_status":"open","sticky":false,"template":"","format":"standard","meta":{"_bbp_topic_count":0,"_bbp_reply_count":0,"_bbp_total_topic_count":0,"_bbp_total_reply_count":0,"_bbp_voice_count":0,"_bbp_anonymous_reply_count":0,"_bbp_topic_count_hidden":0,"_bbp_reply_count_hidden":0,"_bbp_forum_subforum_count":0,"footnotes":""},"categories":[1],"tags":[],"class_list":["post-3999","post","type-post","status-publish","format-standard","has-post-thumbnail","hentry","category-general"],"post_mailing_queue_ids":[],"_links":{"self":[{"href":"https:\/\/agora.xtec.cat\/escolatorrelameu\/wp-json\/wp\/v2\/posts\/3999","targetHints":{"allow":["GET"]}}],"collection":[{"href":"https:\/\/agora.xtec.cat\/escolatorrelameu\/wp-json\/wp\/v2\/posts"}],"about":[{"href":"https:\/\/agora.xtec.cat\/escolatorrelameu\/wp-json\/wp\/v2\/types\/post"}],"author":[{"embeddable":true,"href":"https:\/\/agora.xtec.cat\/escolatorrelameu\/wp-json\/wp\/v2\/users\/14"}],"replies":[{"embeddable":true,"href":"https:\/\/agora.xtec.cat\/escolatorrelameu\/wp-json\/wp\/v2\/comments?post=3999"}],"version-history":[{"count":2,"href":"https:\/\/agora.xtec.cat\/escolatorrelameu\/wp-json\/wp\/v2\/posts\/3999\/revisions"}],"predecessor-version":[{"id":4003,"href":"https:\/\/agora.xtec.cat\/escolatorrelameu\/wp-json\/wp\/v2\/posts\/3999\/revisions\/4003"}],"wp:featuredmedia":[{"embeddable":true,"href":"https:\/\/agora.xtec.cat\/escolatorrelameu\/wp-json\/wp\/v2\/media\/4001"}],"wp:attachment":[{"href":"https:\/\/agora.xtec.cat\/escolatorrelameu\/wp-json\/wp\/v2\/media?parent=3999"}],"wp:term":[{"taxonomy":"category","embeddable":true,"href":"https:\/\/agora.xtec.cat\/escolatorrelameu\/wp-json\/wp\/v2\/categories?post=3999"},{"taxonomy":"post_tag","embeddable":true,"href":"https:\/\/agora.xtec.cat\/escolatorrelameu\/wp-json\/wp\/v2\/tags?post=3999"}],"curies":[{"name":"wp","href":"https:\/\/api.w.org\/{rel}","templated":true}]}}