{"id":3990,"date":"2025-10-06T09:00:30","date_gmt":"2025-10-06T07:00:30","guid":{"rendered":"https:\/\/agora.xtec.cat\/escolatorrelameu\/?p=3990"},"modified":"2025-12-02T22:44:56","modified_gmt":"2025-12-02T21:44:56","slug":"els-5-principis-de-la-restaurativa","status":"publish","type":"post","link":"https:\/\/agora.xtec.cat\/escolatorrelameu\/general\/els-5-principis-de-la-restaurativa\/","title":{"rendered":"Els 5 principis de la restaurativa"},"content":{"rendered":"<p style=\"text-align: justify;\">Aquestes primeres setmanes del curs, de forma pausada, volem reprendre el coneixement sobre els 5 principis de la Belinda Hopkins, en qu\u00e8 es basa l&#8217;Enfocament Restauratiu Global.<\/p>\n<p style=\"text-align: justify;\">Cada principi es treballar\u00e0 a partir de diferents suports, en funci\u00f3 de l&#8217;edat: contes, curtmetratges, activitats art\u00edstiques&#8230; Hem previst un rac\u00f3 a cada aula on anar deixant const\u00e0ncia de cada principi i una imatge que ens recordi qu\u00e8 significa. A mesura que anirem avan\u00e7ant en els principis, farem una entrada al blog per explicar-lo a les fam\u00edlies, per compartir com l&#8217;hem treballat a les aules i per mostrar-vos les imatges de record.<\/p>\n<p><img loading=\"lazy\" decoding=\"async\" class=\"aligncenter size-large wp-image-3992\" src=\"https:\/\/agora.xtec.cat\/escolatorrelameu\/wp-content\/uploads\/usu2232\/2025\/10\/els-5-1024x295.jpg\" alt=\"\" width=\"1024\" height=\"295\" srcset=\"https:\/\/agora.xtec.cat\/escolatorrelameu\/wp-content\/uploads\/usu2232\/2025\/10\/els-5-1024x295.jpg 1024w, https:\/\/agora.xtec.cat\/escolatorrelameu\/wp-content\/uploads\/usu2232\/2025\/10\/els-5-300x86.jpg 300w, https:\/\/agora.xtec.cat\/escolatorrelameu\/wp-content\/uploads\/usu2232\/2025\/10\/els-5-768x221.jpg 768w, https:\/\/agora.xtec.cat\/escolatorrelameu\/wp-content\/uploads\/usu2232\/2025\/10\/els-5.jpg 1275w\" sizes=\"auto, (max-width: 1024px) 100vw, 1024px\" \/><\/p>\n","protected":false},"excerpt":{"rendered":"<p>Aquestes primeres setmanes del curs, de forma pausada, volem reprendre el coneixement sobre els 5 principis de la Belinda Hopkins, en qu\u00e8 es basa l&#8217;Enfocament Restauratiu Global.<br \/>\nCada principi es treballar\u00e0 a partir de diferents suports, en funci\u00f3 de l&#8217;edat: contes, curtmetratges, activitats art\u00edstiques&#8230; Hem previst&hellip;  <a href=\"https:\/\/agora.xtec.cat\/escolatorrelameu\/general\/els-5-principis-de-la-restaurativa\/\" title=\"Read Els 5 principis de la restaurativa\">Llegeix m\u00e9s\u00bb<\/a><\/p>\n","protected":false},"author":1,"featured_media":3992,"comment_status":"open","ping_status":"open","sticky":false,"template":"","format":"standard","meta":{"_bbp_topic_count":0,"_bbp_reply_count":0,"_bbp_total_topic_count":0,"_bbp_total_reply_count":0,"_bbp_voice_count":0,"_bbp_anonymous_reply_count":0,"_bbp_topic_count_hidden":0,"_bbp_reply_count_hidden":0,"_bbp_forum_subforum_count":0,"footnotes":""},"categories":[1],"tags":[120],"class_list":["post-3990","post","type-post","status-publish","format-standard","has-post-thumbnail","hentry","category-general","tag-restaurativa"],"post_mailing_queue_ids":[],"_links":{"self":[{"href":"https:\/\/agora.xtec.cat\/escolatorrelameu\/wp-json\/wp\/v2\/posts\/3990","targetHints":{"allow":["GET"]}}],"collection":[{"href":"https:\/\/agora.xtec.cat\/escolatorrelameu\/wp-json\/wp\/v2\/posts"}],"about":[{"href":"https:\/\/agora.xtec.cat\/escolatorrelameu\/wp-json\/wp\/v2\/types\/post"}],"author":[{"embeddable":true,"href":"https:\/\/agora.xtec.cat\/escolatorrelameu\/wp-json\/wp\/v2\/users\/1"}],"replies":[{"embeddable":true,"href":"https:\/\/agora.xtec.cat\/escolatorrelameu\/wp-json\/wp\/v2\/comments?post=3990"}],"version-history":[{"count":3,"href":"https:\/\/agora.xtec.cat\/escolatorrelameu\/wp-json\/wp\/v2\/posts\/3990\/revisions"}],"predecessor-version":[{"id":4119,"href":"https:\/\/agora.xtec.cat\/escolatorrelameu\/wp-json\/wp\/v2\/posts\/3990\/revisions\/4119"}],"wp:featuredmedia":[{"embeddable":true,"href":"https:\/\/agora.xtec.cat\/escolatorrelameu\/wp-json\/wp\/v2\/media\/3992"}],"wp:attachment":[{"href":"https:\/\/agora.xtec.cat\/escolatorrelameu\/wp-json\/wp\/v2\/media?parent=3990"}],"wp:term":[{"taxonomy":"category","embeddable":true,"href":"https:\/\/agora.xtec.cat\/escolatorrelameu\/wp-json\/wp\/v2\/categories?post=3990"},{"taxonomy":"post_tag","embeddable":true,"href":"https:\/\/agora.xtec.cat\/escolatorrelameu\/wp-json\/wp\/v2\/tags?post=3990"}],"curies":[{"name":"wp","href":"https:\/\/api.w.org\/{rel}","templated":true}]}}