{"id":3988,"date":"2025-10-06T09:05:42","date_gmt":"2025-10-06T07:05:42","guid":{"rendered":"https:\/\/agora.xtec.cat\/escolatorrelameu\/?p=3988"},"modified":"2025-12-02T22:45:36","modified_gmt":"2025-12-02T21:45:36","slug":"principi-1","status":"publish","type":"post","link":"https:\/\/agora.xtec.cat\/escolatorrelameu\/general\/principi-1\/","title":{"rendered":"Principi 1"},"content":{"rendered":"<p style=\"text-align: center;\"><strong>Principi 1:<\/strong> <em>Tothom t\u00e9 una perspectiva \u00fanica i valuosa.<\/em><\/p>\n<p>Quan hi ha un incident a l&#8217;escola, hem de garantir que tothom pugui explicar la seva versi\u00f3 dels fets, de com ha sorgit la situaci\u00f3 conflictiva. Perqu\u00e8 cadasc\u00fa t\u00e9 el seu relat dels fets i \u00e9s igual de valu\u00f3s que el dels altres, per tant ha de ser respectat.<\/p>\n<p>En un conflicte sovint nom\u00e9s es dona veu a una de les parts, deixant de banda la perspectiva de l&#8217;altre. El <strong>principi 1<\/strong> planteja que tothom ha d&#8217;escoltar, per\u00f2 tamb\u00e9 ha de ser escoltat.<\/p>\n<p>Els malentesos, les interpretacions parcials, la poca predisposici\u00f3 a escoltar perqu\u00e8 creus que nom\u00e9s \u00e9s v\u00e0lida la teva versi\u00f3&#8230; son situacions que poden derivar en conflictes i que es poden resoldre posant en pr\u00e0ctica el <strong>principi 1<\/strong>. La pregunta que hi va associada \u00e9s ben senzilla: qu\u00e8 ha passat? I les adultes que acompanyem aquest di\u00e0leg hem d&#8217;ajudar a centrar el relat nom\u00e9s en all\u00f2 que ha passat.<\/p>\n<p>Quan som capa\u00e7os de cenyir-nos nom\u00e9s als fets i escoltar tots els punt de vista, estem fent el primer pas, important\u00edssim, per resoldre el conflicte.<\/p>\n<p>A les aules hem representat el <strong>principi 1<\/strong> amb les mirades \u00faniques i valuoses de tots els infants. Pr\u00e8viament, a trav\u00e9s del conte <a href=\"https:\/\/www.youtube.com\/watch?v=s2jAZbi34nQ\"><em>Set ratolins cecs<\/em><\/a> a Petits i Mitjans, s&#8217;ha reflexionat sobre el missatge del conte: nom\u00e9s amb una visi\u00f3 completa podem entendre la veritat&#8230; Arribem a les mateixes conclusions si nom\u00e9s veiem una part? I quan ho veiem tot?&#8230; Els Grans, van visionar diferents curtmetratges: <a href=\"https:\/\/www.youtube.com\/watch?v=EwFcL9opww8\">La Luna<\/a>, amb un missatge que ajuda a entendre que totes les perspectives son valuoses; <a href=\"https:\/\/share.google\/images\/ucuJpfxcJMfD6OGaJ\"><em><span style=\"font-weight: 400;\">Snack Attac<\/span><\/em><\/a><span style=\"font-weight: 400;\"><em>k<\/em>, que ens mostra qu\u00e8 passa quan hi ha un malent\u00e8s; i <a href=\"https:\/\/www.dailymotion.com\/video\/x2spu9c\"><em>Day &amp; Night<\/em><\/a>, un curt que ens explica qu\u00e8 els passa a la nit i al dia quan es troben per primer cop, ja que nom\u00e9s valoren all\u00f2 que passa amb ells, \u00e9s a dir, quan \u00e9s de nit o quan \u00e9s de dia&#8230;\u00a0 <\/span><\/p>\n<p><img loading=\"lazy\" decoding=\"async\" class=\"aligncenter size-large wp-image-3931\" src=\"https:\/\/agora.xtec.cat\/escolatorrelameu\/wp-content\/uploads\/usu2232\/2025\/09\/Ulls-de-tots-846x1024.jpg\" alt=\"\" width=\"846\" height=\"1024\" srcset=\"https:\/\/agora.xtec.cat\/escolatorrelameu\/wp-content\/uploads\/usu2232\/2025\/09\/Ulls-de-tots-846x1024.jpg 846w, https:\/\/agora.xtec.cat\/escolatorrelameu\/wp-content\/uploads\/usu2232\/2025\/09\/Ulls-de-tots-248x300.jpg 248w, https:\/\/agora.xtec.cat\/escolatorrelameu\/wp-content\/uploads\/usu2232\/2025\/09\/Ulls-de-tots-768x930.jpg 768w, https:\/\/agora.xtec.cat\/escolatorrelameu\/wp-content\/uploads\/usu2232\/2025\/09\/Ulls-de-tots.jpg 1213w\" sizes=\"auto, (max-width: 846px) 100vw, 846px\" \/><\/p>\n","protected":false},"excerpt":{"rendered":"<p>Principi 1: Tothom t\u00e9 una perspectiva \u00fanica i valuosa.<br \/>\nQuan hi ha un incident a l&#8217;escola, hem de garantir que tothom pugui explicar la seva versi\u00f3 dels fets, de com ha sorgit la situaci\u00f3 conflictiva. Perqu\u00e8 cadasc\u00fa t\u00e9 el seu relat dels fets i \u00e9s igual&hellip;  <a href=\"https:\/\/agora.xtec.cat\/escolatorrelameu\/general\/principi-1\/\" title=\"Read Principi 1\">Llegeix m\u00e9s\u00bb<\/a><\/p>\n","protected":false},"author":1,"featured_media":3932,"comment_status":"open","ping_status":"open","sticky":false,"template":"","format":"standard","meta":{"_bbp_topic_count":0,"_bbp_reply_count":0,"_bbp_total_topic_count":0,"_bbp_total_reply_count":0,"_bbp_voice_count":0,"_bbp_anonymous_reply_count":0,"_bbp_topic_count_hidden":0,"_bbp_reply_count_hidden":0,"_bbp_forum_subforum_count":0,"footnotes":""},"categories":[1],"tags":[120],"class_list":["post-3988","post","type-post","status-publish","format-standard","has-post-thumbnail","hentry","category-general","tag-restaurativa"],"post_mailing_queue_ids":[],"_links":{"self":[{"href":"https:\/\/agora.xtec.cat\/escolatorrelameu\/wp-json\/wp\/v2\/posts\/3988","targetHints":{"allow":["GET"]}}],"collection":[{"href":"https:\/\/agora.xtec.cat\/escolatorrelameu\/wp-json\/wp\/v2\/posts"}],"about":[{"href":"https:\/\/agora.xtec.cat\/escolatorrelameu\/wp-json\/wp\/v2\/types\/post"}],"author":[{"embeddable":true,"href":"https:\/\/agora.xtec.cat\/escolatorrelameu\/wp-json\/wp\/v2\/users\/1"}],"replies":[{"embeddable":true,"href":"https:\/\/agora.xtec.cat\/escolatorrelameu\/wp-json\/wp\/v2\/comments?post=3988"}],"version-history":[{"count":5,"href":"https:\/\/agora.xtec.cat\/escolatorrelameu\/wp-json\/wp\/v2\/posts\/3988\/revisions"}],"predecessor-version":[{"id":3997,"href":"https:\/\/agora.xtec.cat\/escolatorrelameu\/wp-json\/wp\/v2\/posts\/3988\/revisions\/3997"}],"wp:featuredmedia":[{"embeddable":true,"href":"https:\/\/agora.xtec.cat\/escolatorrelameu\/wp-json\/wp\/v2\/media\/3932"}],"wp:attachment":[{"href":"https:\/\/agora.xtec.cat\/escolatorrelameu\/wp-json\/wp\/v2\/media?parent=3988"}],"wp:term":[{"taxonomy":"category","embeddable":true,"href":"https:\/\/agora.xtec.cat\/escolatorrelameu\/wp-json\/wp\/v2\/categories?post=3988"},{"taxonomy":"post_tag","embeddable":true,"href":"https:\/\/agora.xtec.cat\/escolatorrelameu\/wp-json\/wp\/v2\/tags?post=3988"}],"curies":[{"name":"wp","href":"https:\/\/api.w.org\/{rel}","templated":true}]}}