{"id":3924,"date":"2025-09-24T13:27:10","date_gmt":"2025-09-24T11:27:10","guid":{"rendered":"https:\/\/agora.xtec.cat\/escolatorrelameu\/?p=3924"},"modified":"2025-09-25T09:25:30","modified_gmt":"2025-09-25T07:25:30","slug":"els-petits-hem-fet-la-primera-sortida","status":"publish","type":"post","link":"https:\/\/agora.xtec.cat\/escolatorrelameu\/general\/els-petits-hem-fet-la-primera-sortida\/","title":{"rendered":"Els Petits hem fet la primera sortida!"},"content":{"rendered":"<p>Avui hem fet la nostra primera sortida i ens hem endinsat al camp a recollir ametlles. Malgrat la fresqueta del mat\u00ed, hem recollit un grapat d&#8217;ametlles cadasc\u00fa.<\/p>\n<p><img loading=\"lazy\" decoding=\"async\" class=\"aligncenter wp-image-3925\" src=\"https:\/\/agora.xtec.cat\/escolatorrelameu\/wp-content\/uploads\/usu2232\/2025\/09\/Disseny-sense-titol.jpg\" alt=\"\" width=\"995\" height=\"1493\" srcset=\"https:\/\/agora.xtec.cat\/escolatorrelameu\/wp-content\/uploads\/usu2232\/2025\/09\/Disseny-sense-titol.jpg 1333w, https:\/\/agora.xtec.cat\/escolatorrelameu\/wp-content\/uploads\/usu2232\/2025\/09\/Disseny-sense-titol-200x300.jpg 200w, https:\/\/agora.xtec.cat\/escolatorrelameu\/wp-content\/uploads\/usu2232\/2025\/09\/Disseny-sense-titol-682x1024.jpg 682w, https:\/\/agora.xtec.cat\/escolatorrelameu\/wp-content\/uploads\/usu2232\/2025\/09\/Disseny-sense-titol-768x1152.jpg 768w, https:\/\/agora.xtec.cat\/escolatorrelameu\/wp-content\/uploads\/usu2232\/2025\/09\/Disseny-sense-titol-1024x1536.jpg 1024w\" sizes=\"auto, (max-width: 995px) 100vw, 995px\" \/><\/p>\n<p>Hem apr\u00e8s que no totes les ametlles s\u00f3n iguals! Hem descobert les que s\u00f3n m\u00e9s gustoses i, de cop, n&#8217;hem trobat una de molt amarga! Aix\u00f2 s\u00ed que ha estat una sorpresa!<\/p>\n","protected":false},"excerpt":{"rendered":"<p>Avui hem fet la nostra primera sortida i ens hem endinsat al camp a recollir ametlles. Malgrat la fresqueta del mat\u00ed, hem recollit un grapat d&#8217;ametlles cadasc\u00fa.<\/p>\n<p>Hem apr\u00e8s que no totes les ametlles s\u00f3n iguals! Hem descobert les que s\u00f3n m\u00e9s gustoses i, de cop,&hellip;  <a href=\"https:\/\/agora.xtec.cat\/escolatorrelameu\/general\/els-petits-hem-fet-la-primera-sortida\/\" title=\"Read Els Petits hem fet la primera sortida!\">Llegeix m\u00e9s\u00bb<\/a><\/p>\n","protected":false},"author":14,"featured_media":3925,"comment_status":"open","ping_status":"open","sticky":false,"template":"","format":"standard","meta":{"_bbp_topic_count":0,"_bbp_reply_count":0,"_bbp_total_topic_count":0,"_bbp_total_reply_count":0,"_bbp_voice_count":0,"_bbp_anonymous_reply_count":0,"_bbp_topic_count_hidden":0,"_bbp_reply_count_hidden":0,"_bbp_forum_subforum_count":0,"footnotes":""},"categories":[1],"tags":[64,66,16],"class_list":["post-3924","post","type-post","status-publish","format-standard","has-post-thumbnail","hentry","category-general","tag-comunitat-de-petits","tag-descoberta","tag-sortides"],"post_mailing_queue_ids":[],"_links":{"self":[{"href":"https:\/\/agora.xtec.cat\/escolatorrelameu\/wp-json\/wp\/v2\/posts\/3924","targetHints":{"allow":["GET"]}}],"collection":[{"href":"https:\/\/agora.xtec.cat\/escolatorrelameu\/wp-json\/wp\/v2\/posts"}],"about":[{"href":"https:\/\/agora.xtec.cat\/escolatorrelameu\/wp-json\/wp\/v2\/types\/post"}],"author":[{"embeddable":true,"href":"https:\/\/agora.xtec.cat\/escolatorrelameu\/wp-json\/wp\/v2\/users\/14"}],"replies":[{"embeddable":true,"href":"https:\/\/agora.xtec.cat\/escolatorrelameu\/wp-json\/wp\/v2\/comments?post=3924"}],"version-history":[{"count":5,"href":"https:\/\/agora.xtec.cat\/escolatorrelameu\/wp-json\/wp\/v2\/posts\/3924\/revisions"}],"predecessor-version":[{"id":3930,"href":"https:\/\/agora.xtec.cat\/escolatorrelameu\/wp-json\/wp\/v2\/posts\/3924\/revisions\/3930"}],"wp:featuredmedia":[{"embeddable":true,"href":"https:\/\/agora.xtec.cat\/escolatorrelameu\/wp-json\/wp\/v2\/media\/3925"}],"wp:attachment":[{"href":"https:\/\/agora.xtec.cat\/escolatorrelameu\/wp-json\/wp\/v2\/media?parent=3924"}],"wp:term":[{"taxonomy":"category","embeddable":true,"href":"https:\/\/agora.xtec.cat\/escolatorrelameu\/wp-json\/wp\/v2\/categories?post=3924"},{"taxonomy":"post_tag","embeddable":true,"href":"https:\/\/agora.xtec.cat\/escolatorrelameu\/wp-json\/wp\/v2\/tags?post=3924"}],"curies":[{"name":"wp","href":"https:\/\/api.w.org\/{rel}","templated":true}]}}