{"id":3902,"date":"2025-09-18T08:30:21","date_gmt":"2025-09-18T06:30:21","guid":{"rendered":"https:\/\/agora.xtec.cat\/escolatorrelameu\/?p=3902"},"modified":"2025-09-18T00:05:05","modified_gmt":"2025-09-17T22:05:05","slug":"el-poble-un-enllac-entre-joc-i-identitat","status":"publish","type":"post","link":"https:\/\/agora.xtec.cat\/escolatorrelameu\/general\/el-poble-un-enllac-entre-joc-i-identitat\/","title":{"rendered":"El poble: un enlla\u00e7 entre joc i identitat."},"content":{"rendered":"<p>Dimarts vam reprendre una pr\u00e0ctica que ja hav\u00edem fet en cursos anteriors: sortir de l\u2019escola i endinsar-nos en equipaments municipals, en aquest cas, al cementiri vell durant l&#8217;estona d&#8217;esbarjo. Aquests espais ens ofereixen noves maneres de jugar m\u00e9s enll\u00e0 del pati.<\/p>\n<p>Aprofitant aquest entorn, els nens i nenes van poder enfilar-se als arbres, fer equilibris entre les pedres, pedalar, practicar exercicis f\u00edsics&#8230; activitats que no solem fer habitualment. Per\u00f2 el que fa que aquest espai sigui especial \u00e9s que, a trav\u00e9s del joc, tamb\u00e9 ens connecta amb el nostre poble. El cementiri vell no nom\u00e9s ens serveix per a l\u2019entreteniment, sin\u00f3 que tamb\u00e9 ens recorda la hist\u00f2ria i la cultura que ens envolta, afavorint un fort sentiment de pertinen\u00e7a i identitat.<br \/>\n<img loading=\"lazy\" decoding=\"async\" class=\"aligncenter size-full wp-image-3903\" src=\"https:\/\/agora.xtec.cat\/escolatorrelameu\/wp-content\/uploads\/usu2232\/2025\/09\/Collage-cementiri-vell.jpg\" alt=\"\" width=\"1333\" height=\"2000\" srcset=\"https:\/\/agora.xtec.cat\/escolatorrelameu\/wp-content\/uploads\/usu2232\/2025\/09\/Collage-cementiri-vell.jpg 1333w, https:\/\/agora.xtec.cat\/escolatorrelameu\/wp-content\/uploads\/usu2232\/2025\/09\/Collage-cementiri-vell-200x300.jpg 200w, https:\/\/agora.xtec.cat\/escolatorrelameu\/wp-content\/uploads\/usu2232\/2025\/09\/Collage-cementiri-vell-682x1024.jpg 682w, https:\/\/agora.xtec.cat\/escolatorrelameu\/wp-content\/uploads\/usu2232\/2025\/09\/Collage-cementiri-vell-768x1152.jpg 768w, https:\/\/agora.xtec.cat\/escolatorrelameu\/wp-content\/uploads\/usu2232\/2025\/09\/Collage-cementiri-vell-1024x1536.jpg 1024w\" sizes=\"auto, (max-width: 1333px) 100vw, 1333px\" \/><\/p>\n<p>&nbsp;<\/p>\n","protected":false},"excerpt":{"rendered":"<p>Dimarts vam reprendre una pr\u00e0ctica que ja hav\u00edem fet en cursos anteriors: sortir de l\u2019escola i endinsar-nos en equipaments municipals, en aquest cas, al cementiri vell durant l&#8217;estona d&#8217;esbarjo. Aquests espais ens ofereixen noves maneres de jugar m\u00e9s enll\u00e0 del pati.<br \/>\nAprofitant aquest entorn, els nens&hellip;  <a href=\"https:\/\/agora.xtec.cat\/escolatorrelameu\/general\/el-poble-un-enllac-entre-joc-i-identitat\/\" title=\"Read El poble: un enlla\u00e7 entre joc i identitat.\">Llegeix m\u00e9s\u00bb<\/a><\/p>\n","protected":false},"author":14,"featured_media":3904,"comment_status":"open","ping_status":"open","sticky":false,"template":"","format":"standard","meta":{"_bbp_topic_count":0,"_bbp_reply_count":0,"_bbp_total_topic_count":0,"_bbp_total_reply_count":0,"_bbp_voice_count":0,"_bbp_anonymous_reply_count":0,"_bbp_topic_count_hidden":0,"_bbp_reply_count_hidden":0,"_bbp_forum_subforum_count":0,"footnotes":""},"categories":[1],"tags":[],"class_list":["post-3902","post","type-post","status-publish","format-standard","has-post-thumbnail","hentry","category-general"],"post_mailing_queue_ids":[],"_links":{"self":[{"href":"https:\/\/agora.xtec.cat\/escolatorrelameu\/wp-json\/wp\/v2\/posts\/3902","targetHints":{"allow":["GET"]}}],"collection":[{"href":"https:\/\/agora.xtec.cat\/escolatorrelameu\/wp-json\/wp\/v2\/posts"}],"about":[{"href":"https:\/\/agora.xtec.cat\/escolatorrelameu\/wp-json\/wp\/v2\/types\/post"}],"author":[{"embeddable":true,"href":"https:\/\/agora.xtec.cat\/escolatorrelameu\/wp-json\/wp\/v2\/users\/14"}],"replies":[{"embeddable":true,"href":"https:\/\/agora.xtec.cat\/escolatorrelameu\/wp-json\/wp\/v2\/comments?post=3902"}],"version-history":[{"count":2,"href":"https:\/\/agora.xtec.cat\/escolatorrelameu\/wp-json\/wp\/v2\/posts\/3902\/revisions"}],"predecessor-version":[{"id":3910,"href":"https:\/\/agora.xtec.cat\/escolatorrelameu\/wp-json\/wp\/v2\/posts\/3902\/revisions\/3910"}],"wp:featuredmedia":[{"embeddable":true,"href":"https:\/\/agora.xtec.cat\/escolatorrelameu\/wp-json\/wp\/v2\/media\/3904"}],"wp:attachment":[{"href":"https:\/\/agora.xtec.cat\/escolatorrelameu\/wp-json\/wp\/v2\/media?parent=3902"}],"wp:term":[{"taxonomy":"category","embeddable":true,"href":"https:\/\/agora.xtec.cat\/escolatorrelameu\/wp-json\/wp\/v2\/categories?post=3902"},{"taxonomy":"post_tag","embeddable":true,"href":"https:\/\/agora.xtec.cat\/escolatorrelameu\/wp-json\/wp\/v2\/tags?post=3902"}],"curies":[{"name":"wp","href":"https:\/\/api.w.org\/{rel}","templated":true}]}}