{"id":3868,"date":"2025-06-23T11:55:57","date_gmt":"2025-06-23T09:55:57","guid":{"rendered":"https:\/\/agora.xtec.cat\/escolatorrelameu\/?p=3868"},"modified":"2025-06-23T12:33:09","modified_gmt":"2025-06-23T10:33:09","slug":"dir-nos-adeu-2","status":"publish","type":"post","link":"https:\/\/agora.xtec.cat\/escolatorrelameu\/general\/dir-nos-adeu-2\/","title":{"rendered":"Dir-nos ad\u00e9u"},"content":{"rendered":"<p style=\"text-align: justify;\">Divendres, 20 de juny, van passar coses molt boniques a les aules. Ens vam dir ad\u00e9u, fins al setembre, d&#8217;una manera especial. A Grans, per\u00f2 tamb\u00e9 es respirava certa tristesa, perqu\u00e8 per al Kilian, la Martina, l&#8217;Aura i l&#8217;Efren, la seva vida escolar canvia, passen a l&#8217;institut. Un canvi sempre fa coseta, per aix\u00f2 v\u00e0rem ser for\u00e7a curoses en el moment del comiat.<\/p>\n<p><img loading=\"lazy\" decoding=\"async\" class=\"aligncenter size-full wp-image-3871\" src=\"https:\/\/agora.xtec.cat\/escolatorrelameu\/wp-content\/uploads\/usu2232\/2025\/06\/Comiat-sise.jpg\" alt=\"\" width=\"2000\" height=\"1200\" srcset=\"https:\/\/agora.xtec.cat\/escolatorrelameu\/wp-content\/uploads\/usu2232\/2025\/06\/Comiat-sise.jpg 2000w, https:\/\/agora.xtec.cat\/escolatorrelameu\/wp-content\/uploads\/usu2232\/2025\/06\/Comiat-sise-300x180.jpg 300w, https:\/\/agora.xtec.cat\/escolatorrelameu\/wp-content\/uploads\/usu2232\/2025\/06\/Comiat-sise-1024x614.jpg 1024w, https:\/\/agora.xtec.cat\/escolatorrelameu\/wp-content\/uploads\/usu2232\/2025\/06\/Comiat-sise-768x461.jpg 768w, https:\/\/agora.xtec.cat\/escolatorrelameu\/wp-content\/uploads\/usu2232\/2025\/06\/Comiat-sise-1536x922.jpg 1536w\" sizes=\"auto, (max-width: 2000px) 100vw, 2000px\" \/><\/p>\n<p>I despr\u00e9s, a l&#8217;aigua!!!<\/p>\n<p><img loading=\"lazy\" decoding=\"async\" class=\"aligncenter size-full wp-image-3870\" src=\"https:\/\/agora.xtec.cat\/escolatorrelameu\/wp-content\/uploads\/usu2232\/2025\/06\/piscina-i-inflable.jpg\" alt=\"\" width=\"2000\" height=\"1200\" srcset=\"https:\/\/agora.xtec.cat\/escolatorrelameu\/wp-content\/uploads\/usu2232\/2025\/06\/piscina-i-inflable.jpg 2000w, https:\/\/agora.xtec.cat\/escolatorrelameu\/wp-content\/uploads\/usu2232\/2025\/06\/piscina-i-inflable-300x180.jpg 300w, https:\/\/agora.xtec.cat\/escolatorrelameu\/wp-content\/uploads\/usu2232\/2025\/06\/piscina-i-inflable-1024x614.jpg 1024w, https:\/\/agora.xtec.cat\/escolatorrelameu\/wp-content\/uploads\/usu2232\/2025\/06\/piscina-i-inflable-768x461.jpg 768w, https:\/\/agora.xtec.cat\/escolatorrelameu\/wp-content\/uploads\/usu2232\/2025\/06\/piscina-i-inflable-1536x922.jpg 1536w\" sizes=\"auto, (max-width: 2000px) 100vw, 2000px\" \/><\/p>\n<p>Gr\u00e0cies a l&#8217;ajuntament per deixar-nos baixar al la piscina amb el servei de Socorrisme de l&#8217;Adri\u00e0! Gr\u00e0cies a l&#8217;AMPA per la proposta de l&#8217;infable aqu\u00e0tic, va ser una gran experi\u00e8ncia.<\/p>\n<p>Bona pausa estiuenca a tothom!!!<\/p>\n","protected":false},"excerpt":{"rendered":"<p>Divendres, 20 de juny, van passar coses molt boniques a les aules. Ens vam dir ad\u00e9u, fins al setembre, d&#8217;una manera especial. A Grans, per\u00f2 tamb\u00e9 es respirava certa tristesa, perqu\u00e8 per al Kilian, la Martina, l&#8217;Aura i l&#8217;Efren, la seva vida escolar canvia, passen&hellip;  <a href=\"https:\/\/agora.xtec.cat\/escolatorrelameu\/general\/dir-nos-adeu-2\/\" title=\"Read Dir-nos ad\u00e9u\">Llegeix m\u00e9s\u00bb<\/a><\/p>\n","protected":false},"author":14,"featured_media":3869,"comment_status":"open","ping_status":"open","sticky":false,"template":"","format":"standard","meta":{"_bbp_topic_count":0,"_bbp_reply_count":0,"_bbp_total_topic_count":0,"_bbp_total_reply_count":0,"_bbp_voice_count":0,"_bbp_anonymous_reply_count":0,"_bbp_topic_count_hidden":0,"_bbp_reply_count_hidden":0,"_bbp_forum_subforum_count":0,"footnotes":""},"categories":[1],"tags":[],"class_list":["post-3868","post","type-post","status-publish","format-standard","has-post-thumbnail","hentry","category-general"],"post_mailing_queue_ids":[],"_links":{"self":[{"href":"https:\/\/agora.xtec.cat\/escolatorrelameu\/wp-json\/wp\/v2\/posts\/3868","targetHints":{"allow":["GET"]}}],"collection":[{"href":"https:\/\/agora.xtec.cat\/escolatorrelameu\/wp-json\/wp\/v2\/posts"}],"about":[{"href":"https:\/\/agora.xtec.cat\/escolatorrelameu\/wp-json\/wp\/v2\/types\/post"}],"author":[{"embeddable":true,"href":"https:\/\/agora.xtec.cat\/escolatorrelameu\/wp-json\/wp\/v2\/users\/14"}],"replies":[{"embeddable":true,"href":"https:\/\/agora.xtec.cat\/escolatorrelameu\/wp-json\/wp\/v2\/comments?post=3868"}],"version-history":[{"count":2,"href":"https:\/\/agora.xtec.cat\/escolatorrelameu\/wp-json\/wp\/v2\/posts\/3868\/revisions"}],"predecessor-version":[{"id":3874,"href":"https:\/\/agora.xtec.cat\/escolatorrelameu\/wp-json\/wp\/v2\/posts\/3868\/revisions\/3874"}],"wp:featuredmedia":[{"embeddable":true,"href":"https:\/\/agora.xtec.cat\/escolatorrelameu\/wp-json\/wp\/v2\/media\/3869"}],"wp:attachment":[{"href":"https:\/\/agora.xtec.cat\/escolatorrelameu\/wp-json\/wp\/v2\/media?parent=3868"}],"wp:term":[{"taxonomy":"category","embeddable":true,"href":"https:\/\/agora.xtec.cat\/escolatorrelameu\/wp-json\/wp\/v2\/categories?post=3868"},{"taxonomy":"post_tag","embeddable":true,"href":"https:\/\/agora.xtec.cat\/escolatorrelameu\/wp-json\/wp\/v2\/tags?post=3868"}],"curies":[{"name":"wp","href":"https:\/\/api.w.org\/{rel}","templated":true}]}}