{"id":3858,"date":"2025-06-23T11:48:14","date_gmt":"2025-06-23T09:48:14","guid":{"rendered":"https:\/\/agora.xtec.cat\/escolatorrelameu\/?p=3858"},"modified":"2025-06-23T13:00:39","modified_gmt":"2025-06-23T11:00:39","slug":"vespre-amb-families-2","status":"publish","type":"post","link":"https:\/\/agora.xtec.cat\/escolatorrelameu\/general\/vespre-amb-families-2\/","title":{"rendered":"Vespre amb fam\u00edlies"},"content":{"rendered":"<p style=\"text-align: justify;\"><span style=\"font-weight: 400;\">El curs s\u2019acaba, fa calor i all\u00f2 que fem cada dia, les nostres rutines, canvien\u2026 Dormim menys, anem a la piscina, sopem m\u00e9s tard, les hores m\u00e9s caloroses les passem resguardades, mengem gelats, juguem m\u00e9s estona al carrer, a les places i als parcs,\u00a0 tothom t\u00e9 ganes d\u2019anar a la platja o a la muntanya, mengem les cireres vermelles i la fruita sucosa&#8230;<\/span><\/p>\n<p style=\"text-align: justify;\"><span style=\"font-weight: 400;\">L\u2019arribada de l\u2019estiu \u00e9s un moment important, perqu\u00e8 s\u2019acaba el curs i arriba la pausa estiuenca que ens convida a: jugar amb els amics i la fam\u00edlia; viure els temps de la collita; i a variar els temps de vida&#8230;<\/span><\/p>\n<p style=\"text-align: justify;\">El dijous vam celebrar l&#8217;arribada de l&#8217;estiu amb agra\u00efments a totes aquelles persones que formen l&#8217;escola: a les fam\u00edlies, a les adultes, a les aprenents, als nens i nenes, a l&#8217;ajuntament, l&#8217;equip de cinema en curs, als <span style=\"font-weight: 400;\">serveis educatius, a la gent del poble, a l&#8217;equip docent de la ZER, els padrins i padrines\u2026<\/span><\/p>\n<p><img loading=\"lazy\" decoding=\"async\" class=\"aligncenter size-full wp-image-3864\" src=\"https:\/\/agora.xtec.cat\/escolatorrelameu\/wp-content\/uploads\/usu2232\/2025\/06\/danses-general.jpg\" alt=\"\" width=\"600\" height=\"450\" srcset=\"https:\/\/agora.xtec.cat\/escolatorrelameu\/wp-content\/uploads\/usu2232\/2025\/06\/danses-general.jpg 600w, https:\/\/agora.xtec.cat\/escolatorrelameu\/wp-content\/uploads\/usu2232\/2025\/06\/danses-general-300x225.jpg 300w, https:\/\/agora.xtec.cat\/escolatorrelameu\/wp-content\/uploads\/usu2232\/2025\/06\/danses-general-200x150.jpg 200w\" sizes=\"auto, (max-width: 600px) 100vw, 600px\" \/><\/p>\n<p>I ho vam celebrar amb danses compartides!!<\/p>\n<p><b>La dansa \u00e9s riure<\/b><\/p>\n<p><em><span style=\"font-weight: 400;\">La dansa \u00e9s riure amb el cos.<\/span><span style=\"font-weight: 400;\"><br \/>\n<\/span><span style=\"font-weight: 400;\">\u00c9s la rialla que no surt per la boca,<\/span><span style=\"font-weight: 400;\"><br \/>\n<\/span><span style=\"font-weight: 400;\">sin\u00f3 pels peus, pels malucs, pels bra\u00e7os oberts al vent.<\/span><\/em><\/p>\n<p><em><span style=\"font-weight: 400;\">Per aix\u00f2, en temps d\u2019alegria, celebrem ballant.<\/span><span style=\"font-weight: 400;\"><br \/>\n<\/span><span style=\"font-weight: 400;\">\u00c9s la nostra mem\u00f2ria viva,<\/span><span style=\"font-weight: 400;\"><br \/>\n<\/span><span style=\"font-weight: 400;\">la nostra infantesa que no mor,<\/span><span style=\"font-weight: 400;\"><br \/>\n<\/span><span style=\"font-weight: 400;\">la nostra llibertat feta moviment.<\/span><\/em><\/p>\n<p><em><span style=\"font-weight: 400;\">La dansa \u00e9s riure.<\/span><span style=\"font-weight: 400;\"><br \/>\n<\/span><span style=\"font-weight: 400;\">I riure, quan surt de l\u2019\u00e0nima,<\/span><span style=\"font-weight: 400;\"><br \/>\n<\/span><span style=\"font-weight: 400;\">tamb\u00e9 \u00e9s una manera de ballar.<\/span><\/em><\/p>\n<p><em><span style=\"font-weight: 400;\">Us convidem a riure amb el cos, tots plegats\u2026<\/span><\/em><\/p>\n<p><img loading=\"lazy\" decoding=\"async\" class=\"aligncenter size-full wp-image-3863\" src=\"https:\/\/agora.xtec.cat\/escolatorrelameu\/wp-content\/uploads\/usu2232\/2025\/06\/Danses.jpg\" alt=\"\" width=\"2000\" height=\"1200\" srcset=\"https:\/\/agora.xtec.cat\/escolatorrelameu\/wp-content\/uploads\/usu2232\/2025\/06\/Danses.jpg 2000w, https:\/\/agora.xtec.cat\/escolatorrelameu\/wp-content\/uploads\/usu2232\/2025\/06\/Danses-300x180.jpg 300w, https:\/\/agora.xtec.cat\/escolatorrelameu\/wp-content\/uploads\/usu2232\/2025\/06\/Danses-1024x614.jpg 1024w, https:\/\/agora.xtec.cat\/escolatorrelameu\/wp-content\/uploads\/usu2232\/2025\/06\/Danses-768x461.jpg 768w, https:\/\/agora.xtec.cat\/escolatorrelameu\/wp-content\/uploads\/usu2232\/2025\/06\/Danses-1536x922.jpg 1536w\" sizes=\"auto, (max-width: 2000px) 100vw, 2000px\" \/><\/p>\n<p>I despr\u00e9s vam acabar amb un sopar compartit i un postre bon\u00edssim, convit de l&#8217;AMPA.<\/p>\n<p>&nbsp;<\/p>\n","protected":false},"excerpt":{"rendered":"<p>El curs s\u2019acaba, fa calor i all\u00f2 que fem cada dia, les nostres rutines, canvien\u2026 Dormim menys, anem a la piscina, sopem m\u00e9s tard, les hores m\u00e9s caloroses les passem resguardades, mengem gelats, juguem m\u00e9s estona al carrer, a les places i als parcs,\u00a0 tothom&hellip;  <a href=\"https:\/\/agora.xtec.cat\/escolatorrelameu\/general\/vespre-amb-families-2\/\" title=\"Read Vespre amb fam\u00edlies\">Llegeix m\u00e9s\u00bb<\/a><\/p>\n","protected":false},"author":14,"featured_media":3864,"comment_status":"open","ping_status":"open","sticky":false,"template":"","format":"standard","meta":{"_bbp_topic_count":0,"_bbp_reply_count":0,"_bbp_total_topic_count":0,"_bbp_total_reply_count":0,"_bbp_voice_count":0,"_bbp_anonymous_reply_count":0,"_bbp_topic_count_hidden":0,"_bbp_reply_count_hidden":0,"_bbp_forum_subforum_count":0,"footnotes":""},"categories":[1],"tags":[],"class_list":["post-3858","post","type-post","status-publish","format-standard","has-post-thumbnail","hentry","category-general"],"post_mailing_queue_ids":[],"_links":{"self":[{"href":"https:\/\/agora.xtec.cat\/escolatorrelameu\/wp-json\/wp\/v2\/posts\/3858","targetHints":{"allow":["GET"]}}],"collection":[{"href":"https:\/\/agora.xtec.cat\/escolatorrelameu\/wp-json\/wp\/v2\/posts"}],"about":[{"href":"https:\/\/agora.xtec.cat\/escolatorrelameu\/wp-json\/wp\/v2\/types\/post"}],"author":[{"embeddable":true,"href":"https:\/\/agora.xtec.cat\/escolatorrelameu\/wp-json\/wp\/v2\/users\/14"}],"replies":[{"embeddable":true,"href":"https:\/\/agora.xtec.cat\/escolatorrelameu\/wp-json\/wp\/v2\/comments?post=3858"}],"version-history":[{"count":4,"href":"https:\/\/agora.xtec.cat\/escolatorrelameu\/wp-json\/wp\/v2\/posts\/3858\/revisions"}],"predecessor-version":[{"id":3876,"href":"https:\/\/agora.xtec.cat\/escolatorrelameu\/wp-json\/wp\/v2\/posts\/3858\/revisions\/3876"}],"wp:featuredmedia":[{"embeddable":true,"href":"https:\/\/agora.xtec.cat\/escolatorrelameu\/wp-json\/wp\/v2\/media\/3864"}],"wp:attachment":[{"href":"https:\/\/agora.xtec.cat\/escolatorrelameu\/wp-json\/wp\/v2\/media?parent=3858"}],"wp:term":[{"taxonomy":"category","embeddable":true,"href":"https:\/\/agora.xtec.cat\/escolatorrelameu\/wp-json\/wp\/v2\/categories?post=3858"},{"taxonomy":"post_tag","embeddable":true,"href":"https:\/\/agora.xtec.cat\/escolatorrelameu\/wp-json\/wp\/v2\/tags?post=3858"}],"curies":[{"name":"wp","href":"https:\/\/api.w.org\/{rel}","templated":true}]}}