{"id":3849,"date":"2025-06-13T17:36:53","date_gmt":"2025-06-13T15:36:53","guid":{"rendered":"https:\/\/agora.xtec.cat\/escolatorrelameu\/?p=3849"},"modified":"2025-06-13T17:36:53","modified_gmt":"2025-06-13T15:36:53","slug":"comiat-de-6e-voleu-alt","status":"publish","type":"post","link":"https:\/\/agora.xtec.cat\/escolatorrelameu\/general\/comiat-de-6e-voleu-alt\/","title":{"rendered":"Comiat de 6\u00e8!! Voleu alt!!"},"content":{"rendered":"<p style=\"text-align: justify;\">El dimecres 11 de juny ens vam trobar per fer la festa de comiat dels nois i noies que el curs vinent passen a l\u2019institut. Una estona agradable, plena de rialles i records compartits va omplir el pati de l&#8217;escola. Els alumnes, amb una barreja d&#8217;emoci\u00f3 i nost\u00e0lgia, van acomiadar-se dels anys passats junts amb discursos emotius i abra\u00e7ades sinceres. Els mestres, orgullosos del cam\u00ed recorregut, van dedicar paraules d&#8217;\u00e0nim i esperan\u00e7a per al futur que espera a cadascun d&#8217;ells.<\/p>\n<p style=\"text-align: justify;\">Mentre la m\u00fasica sonava de fons, les fam\u00edlies es reunien en petits grups per compartir an\u00e8cdotes i somriures.<\/p>\n<p style=\"text-align: justify;\">Despr\u00e9s ens vam fer fotos, instant\u00e0nies per gravar aquest moment a les mem\u00f2ries com quelcom dol\u00e7 i bonic i amb l\u2019esperan\u00e7a de donar pas a noves aventures a l&#8217;institut.<\/p>\n<p><img loading=\"lazy\" decoding=\"async\" class=\"aligncenter size-full wp-image-3850\" src=\"https:\/\/agora.xtec.cat\/escolatorrelameu\/wp-content\/uploads\/usu2232\/2025\/06\/comait.jpg\" alt=\"\" width=\"1050\" height=\"2000\" srcset=\"https:\/\/agora.xtec.cat\/escolatorrelameu\/wp-content\/uploads\/usu2232\/2025\/06\/comait.jpg 1050w, https:\/\/agora.xtec.cat\/escolatorrelameu\/wp-content\/uploads\/usu2232\/2025\/06\/comait-158x300.jpg 158w, https:\/\/agora.xtec.cat\/escolatorrelameu\/wp-content\/uploads\/usu2232\/2025\/06\/comait-538x1024.jpg 538w, https:\/\/agora.xtec.cat\/escolatorrelameu\/wp-content\/uploads\/usu2232\/2025\/06\/comait-768x1463.jpg 768w, https:\/\/agora.xtec.cat\/escolatorrelameu\/wp-content\/uploads\/usu2232\/2025\/06\/comait-806x1536.jpg 806w\" sizes=\"auto, (max-width: 1050px) 100vw, 1050px\" \/><\/p>\n","protected":false},"excerpt":{"rendered":"<p>El dimecres 11 de juny ens vam trobar per fer la festa de comiat dels nois i noies que el curs vinent passen a l\u2019institut. Una estona agradable, plena de rialles i records compartits va omplir el pati de l&#8217;escola. Els alumnes, amb una barreja&hellip;  <a href=\"https:\/\/agora.xtec.cat\/escolatorrelameu\/general\/comiat-de-6e-voleu-alt\/\" title=\"Read Comiat de 6\u00e8!! Voleu alt!!\">Llegeix m\u00e9s\u00bb<\/a><\/p>\n","protected":false},"author":14,"featured_media":3851,"comment_status":"open","ping_status":"open","sticky":false,"template":"","format":"standard","meta":{"_bbp_topic_count":0,"_bbp_reply_count":0,"_bbp_total_topic_count":0,"_bbp_total_reply_count":0,"_bbp_voice_count":0,"_bbp_anonymous_reply_count":0,"_bbp_topic_count_hidden":0,"_bbp_reply_count_hidden":0,"_bbp_forum_subforum_count":0,"footnotes":""},"categories":[1],"tags":[],"class_list":["post-3849","post","type-post","status-publish","format-standard","has-post-thumbnail","hentry","category-general"],"post_mailing_queue_ids":[],"_links":{"self":[{"href":"https:\/\/agora.xtec.cat\/escolatorrelameu\/wp-json\/wp\/v2\/posts\/3849","targetHints":{"allow":["GET"]}}],"collection":[{"href":"https:\/\/agora.xtec.cat\/escolatorrelameu\/wp-json\/wp\/v2\/posts"}],"about":[{"href":"https:\/\/agora.xtec.cat\/escolatorrelameu\/wp-json\/wp\/v2\/types\/post"}],"author":[{"embeddable":true,"href":"https:\/\/agora.xtec.cat\/escolatorrelameu\/wp-json\/wp\/v2\/users\/14"}],"replies":[{"embeddable":true,"href":"https:\/\/agora.xtec.cat\/escolatorrelameu\/wp-json\/wp\/v2\/comments?post=3849"}],"version-history":[{"count":1,"href":"https:\/\/agora.xtec.cat\/escolatorrelameu\/wp-json\/wp\/v2\/posts\/3849\/revisions"}],"predecessor-version":[{"id":3852,"href":"https:\/\/agora.xtec.cat\/escolatorrelameu\/wp-json\/wp\/v2\/posts\/3849\/revisions\/3852"}],"wp:featuredmedia":[{"embeddable":true,"href":"https:\/\/agora.xtec.cat\/escolatorrelameu\/wp-json\/wp\/v2\/media\/3851"}],"wp:attachment":[{"href":"https:\/\/agora.xtec.cat\/escolatorrelameu\/wp-json\/wp\/v2\/media?parent=3849"}],"wp:term":[{"taxonomy":"category","embeddable":true,"href":"https:\/\/agora.xtec.cat\/escolatorrelameu\/wp-json\/wp\/v2\/categories?post=3849"},{"taxonomy":"post_tag","embeddable":true,"href":"https:\/\/agora.xtec.cat\/escolatorrelameu\/wp-json\/wp\/v2\/tags?post=3849"}],"curies":[{"name":"wp","href":"https:\/\/api.w.org\/{rel}","templated":true}]}}