{"id":3817,"date":"2025-06-06T08:30:58","date_gmt":"2025-06-06T06:30:58","guid":{"rendered":"https:\/\/agora.xtec.cat\/escolatorrelameu\/?p=3817"},"modified":"2025-06-05T22:57:11","modified_gmt":"2025-06-05T20:57:11","slug":"transports-a-barcelona","status":"publish","type":"post","link":"https:\/\/agora.xtec.cat\/escolatorrelameu\/general\/transports-a-barcelona\/","title":{"rendered":"Transports a Barcelona"},"content":{"rendered":"<p>El dimecres els Creixents i els de 1r tamb\u00e9 vam anar a Barcelona. Nom\u00e9s baixar de l&#8217;autocar, ja vam veure vaixells, catamarans, velers, iots, creuers, llanxes de policia, remolcadors, barques&#8230;<\/p>\n<p><img loading=\"lazy\" decoding=\"async\" class=\"aligncenter wp-image-3832 size-large\" src=\"https:\/\/agora.xtec.cat\/escolatorrelameu\/wp-content\/uploads\/usu2232\/2025\/06\/4-e1749156021550-1024x429.jpg\" alt=\"\" width=\"1024\" height=\"429\" srcset=\"https:\/\/agora.xtec.cat\/escolatorrelameu\/wp-content\/uploads\/usu2232\/2025\/06\/4-e1749156021550-1024x429.jpg 1024w, https:\/\/agora.xtec.cat\/escolatorrelameu\/wp-content\/uploads\/usu2232\/2025\/06\/4-e1749156021550-300x126.jpg 300w, https:\/\/agora.xtec.cat\/escolatorrelameu\/wp-content\/uploads\/usu2232\/2025\/06\/4-e1749156021550-768x322.jpg 768w, https:\/\/agora.xtec.cat\/escolatorrelameu\/wp-content\/uploads\/usu2232\/2025\/06\/4-e1749156021550.jpg 1377w\" sizes=\"auto, (max-width: 1024px) 100vw, 1024px\" \/><\/p>\n<p>Despr\u00e9s d&#8217;esmorzar, ens vam acostar a la platja. La ten\u00edem all\u00e0 mateix! Vam adonar-nos que a Barcelona hi ha un munt de bicicletes, i que n&#8217;hi ha que son de lloguer. Moltes son el\u00e8ctriques, com tamb\u00e9 molts dels autobusos!<\/p>\n<p><img loading=\"lazy\" decoding=\"async\" class=\"aligncenter wp-image-3835 size-large\" src=\"https:\/\/agora.xtec.cat\/escolatorrelameu\/wp-content\/uploads\/usu2232\/2025\/06\/4-1-e1749156080192-1024x439.jpg\" alt=\"\" width=\"1024\" height=\"439\" srcset=\"https:\/\/agora.xtec.cat\/escolatorrelameu\/wp-content\/uploads\/usu2232\/2025\/06\/4-1-e1749156080192-1024x439.jpg 1024w, https:\/\/agora.xtec.cat\/escolatorrelameu\/wp-content\/uploads\/usu2232\/2025\/06\/4-1-e1749156080192-300x129.jpg 300w, https:\/\/agora.xtec.cat\/escolatorrelameu\/wp-content\/uploads\/usu2232\/2025\/06\/4-1-e1749156080192-768x329.jpg 768w, https:\/\/agora.xtec.cat\/escolatorrelameu\/wp-content\/uploads\/usu2232\/2025\/06\/4-1-e1749156080192.jpg 1377w\" sizes=\"auto, (max-width: 1024px) 100vw, 1024px\" \/><\/p>\n<p>Despr\u00e9s vam fer cap al Museu d&#8217;Hist\u00f2ria de Catalunya, per fer l&#8217;activitat <em>Cap aqu\u00ed, cap all\u00e0<\/em>, un recorregut hist\u00f2ric per l&#8217;evoluci\u00f3 del transport. Amb unes caixes de fusta que s&#8217;anaven transformant vam poder fer carros, cavalls, trens, velers&#8230; Va ser molt divertit!<\/p>\n<p><img loading=\"lazy\" decoding=\"async\" class=\"aligncenter wp-image-3833 size-large\" src=\"https:\/\/agora.xtec.cat\/escolatorrelameu\/wp-content\/uploads\/usu2232\/2025\/06\/5-e1749156141346-855x1024.jpg\" alt=\"\" width=\"855\" height=\"1024\" srcset=\"https:\/\/agora.xtec.cat\/escolatorrelameu\/wp-content\/uploads\/usu2232\/2025\/06\/5-e1749156141346-855x1024.jpg 855w, https:\/\/agora.xtec.cat\/escolatorrelameu\/wp-content\/uploads\/usu2232\/2025\/06\/5-e1749156141346-250x300.jpg 250w, https:\/\/agora.xtec.cat\/escolatorrelameu\/wp-content\/uploads\/usu2232\/2025\/06\/5-e1749156141346-768x920.jpg 768w, https:\/\/agora.xtec.cat\/escolatorrelameu\/wp-content\/uploads\/usu2232\/2025\/06\/5-e1749156141346-1282x1536.jpg 1282w, https:\/\/agora.xtec.cat\/escolatorrelameu\/wp-content\/uploads\/usu2232\/2025\/06\/5-e1749156141346.jpg 1413w\" sizes=\"auto, (max-width: 855px) 100vw, 855px\" \/><\/p>\n<p>Despr\u00e9s de dinar van venir m\u00e9s sorpreses: la visita a la gegantina Estaci\u00f3 de Fran\u00e7a, el parc de la Ciutadella i, finalment, la tornada cap a Drassanes amb el metro (amb transbordament incl\u00f2s!). Per a molts dels infants van ser les primeres vegades de moltes coses: Barcelona, metro&#8230; Els ulls cap aqu\u00ed i cap all\u00e0, rialles, converses, il\u00b7lusi\u00f3&#8230; una excursi\u00f3 carregada d&#8217;aprenentatges i llarga, tant pel temps que vam passar plegats com pels 11 quil\u00f2metres recorreguts pels carrers de Barcelona. <img loading=\"lazy\" decoding=\"async\" class=\"aligncenter size-large wp-image-3837\" src=\"https:\/\/agora.xtec.cat\/escolatorrelameu\/wp-content\/uploads\/usu2232\/2025\/06\/metro-818x1024.jpg\" alt=\"\" width=\"818\" height=\"1024\" srcset=\"https:\/\/agora.xtec.cat\/escolatorrelameu\/wp-content\/uploads\/usu2232\/2025\/06\/metro-818x1024.jpg 818w, https:\/\/agora.xtec.cat\/escolatorrelameu\/wp-content\/uploads\/usu2232\/2025\/06\/metro-240x300.jpg 240w, https:\/\/agora.xtec.cat\/escolatorrelameu\/wp-content\/uploads\/usu2232\/2025\/06\/metro-768x961.jpg 768w, https:\/\/agora.xtec.cat\/escolatorrelameu\/wp-content\/uploads\/usu2232\/2025\/06\/metro-1227x1536.jpg 1227w, https:\/\/agora.xtec.cat\/escolatorrelameu\/wp-content\/uploads\/usu2232\/2025\/06\/metro-1636x2048.jpg 1636w, https:\/\/agora.xtec.cat\/escolatorrelameu\/wp-content\/uploads\/usu2232\/2025\/06\/metro.jpg 1697w\" sizes=\"auto, (max-width: 818px) 100vw, 818px\" \/><\/p>\n<p>&nbsp;<\/p>\n","protected":false},"excerpt":{"rendered":"<p>El dimecres els Creixents i els de 1r tamb\u00e9 vam anar a Barcelona. Nom\u00e9s baixar de l&#8217;autocar, ja vam veure vaixells, catamarans, velers, iots, creuers, llanxes de policia, remolcadors, barques&#8230;<\/p>\n<p>Despr\u00e9s d&#8217;esmorzar, ens vam acostar a la platja. La ten\u00edem all\u00e0 mateix! Vam adonar-nos que a&hellip;  <a href=\"https:\/\/agora.xtec.cat\/escolatorrelameu\/general\/transports-a-barcelona\/\" title=\"Read Transports a Barcelona\">Llegeix m\u00e9s\u00bb<\/a><\/p>\n","protected":false},"author":1,"featured_media":3839,"comment_status":"open","ping_status":"open","sticky":false,"template":"","format":"standard","meta":{"_bbp_topic_count":0,"_bbp_reply_count":0,"_bbp_total_topic_count":0,"_bbp_total_reply_count":0,"_bbp_voice_count":0,"_bbp_anonymous_reply_count":0,"_bbp_topic_count_hidden":0,"_bbp_reply_count_hidden":0,"_bbp_forum_subforum_count":0,"footnotes":""},"categories":[1],"tags":[],"class_list":["post-3817","post","type-post","status-publish","format-standard","has-post-thumbnail","hentry","category-general"],"post_mailing_queue_ids":[],"_links":{"self":[{"href":"https:\/\/agora.xtec.cat\/escolatorrelameu\/wp-json\/wp\/v2\/posts\/3817","targetHints":{"allow":["GET"]}}],"collection":[{"href":"https:\/\/agora.xtec.cat\/escolatorrelameu\/wp-json\/wp\/v2\/posts"}],"about":[{"href":"https:\/\/agora.xtec.cat\/escolatorrelameu\/wp-json\/wp\/v2\/types\/post"}],"author":[{"embeddable":true,"href":"https:\/\/agora.xtec.cat\/escolatorrelameu\/wp-json\/wp\/v2\/users\/1"}],"replies":[{"embeddable":true,"href":"https:\/\/agora.xtec.cat\/escolatorrelameu\/wp-json\/wp\/v2\/comments?post=3817"}],"version-history":[{"count":5,"href":"https:\/\/agora.xtec.cat\/escolatorrelameu\/wp-json\/wp\/v2\/posts\/3817\/revisions"}],"predecessor-version":[{"id":3838,"href":"https:\/\/agora.xtec.cat\/escolatorrelameu\/wp-json\/wp\/v2\/posts\/3817\/revisions\/3838"}],"wp:featuredmedia":[{"embeddable":true,"href":"https:\/\/agora.xtec.cat\/escolatorrelameu\/wp-json\/wp\/v2\/media\/3839"}],"wp:attachment":[{"href":"https:\/\/agora.xtec.cat\/escolatorrelameu\/wp-json\/wp\/v2\/media?parent=3817"}],"wp:term":[{"taxonomy":"category","embeddable":true,"href":"https:\/\/agora.xtec.cat\/escolatorrelameu\/wp-json\/wp\/v2\/categories?post=3817"},{"taxonomy":"post_tag","embeddable":true,"href":"https:\/\/agora.xtec.cat\/escolatorrelameu\/wp-json\/wp\/v2\/tags?post=3817"}],"curies":[{"name":"wp","href":"https:\/\/api.w.org\/{rel}","templated":true}]}}