{"id":3783,"date":"2025-05-23T19:38:31","date_gmt":"2025-05-23T17:38:31","guid":{"rendered":"https:\/\/agora.xtec.cat\/escolatorrelameu\/?p=3783"},"modified":"2025-05-23T16:05:50","modified_gmt":"2025-05-23T14:05:50","slug":"sortida-comiat","status":"publish","type":"post","link":"https:\/\/agora.xtec.cat\/escolatorrelameu\/general\/sortida-comiat\/","title":{"rendered":"Sortida &#8211; comiat"},"content":{"rendered":"<p style=\"text-align: justify;\">L&#8217;Elisabet diu &#8220;<em>Un dia complet! De les roselles, passant per la frescor de l&#8217;aigua i la germanor del dinar compartit. Un plaer acompanyar-vos.<\/em>&#8220;.<\/p>\n<p style=\"text-align: justify;\">L&#8217;Abou expressa la seva satisfacci\u00f3 amb &#8220;<em>M&#8217;ha agradat fer caiac, tot i que he caigut de cara. Ha estat guai i divertit<\/em>&#8220;. La Martina i el Kilian ho corroboren amb: &#8220;<em>M&#8217;ha encantat aquesta excursi\u00f3, fer caiac i anar als jocs d&#8217;aigua. Ha sigut la millor excursi\u00f3<\/em>&#8221; i &#8220;<em>M&#8217;ha semblat espectacular el paisatge que hi ha a Sant Lloren\u00e7 de Montgai. Tot i el cansament em sento satisfet<\/em>&#8220;.<\/p>\n<p><img loading=\"lazy\" decoding=\"async\" class=\"aligncenter size-full wp-image-3787\" src=\"https:\/\/agora.xtec.cat\/escolatorrelameu\/wp-content\/uploads\/usu2232\/2025\/05\/Caiac.jpg\" alt=\"\" width=\"2000\" height=\"1200\" srcset=\"https:\/\/agora.xtec.cat\/escolatorrelameu\/wp-content\/uploads\/usu2232\/2025\/05\/Caiac.jpg 2000w, https:\/\/agora.xtec.cat\/escolatorrelameu\/wp-content\/uploads\/usu2232\/2025\/05\/Caiac-300x180.jpg 300w, https:\/\/agora.xtec.cat\/escolatorrelameu\/wp-content\/uploads\/usu2232\/2025\/05\/Caiac-1024x614.jpg 1024w, https:\/\/agora.xtec.cat\/escolatorrelameu\/wp-content\/uploads\/usu2232\/2025\/05\/Caiac-768x461.jpg 768w, https:\/\/agora.xtec.cat\/escolatorrelameu\/wp-content\/uploads\/usu2232\/2025\/05\/Caiac-1536x922.jpg 1536w\" sizes=\"auto, (max-width: 2000px) 100vw, 2000px\" \/><\/p>\n<p style=\"text-align: justify;\">L&#8217;Aura i l&#8217;Efren, a m\u00e9s a m\u00e9s, parlen del dinar compartit: &#8220;<em>M&#8217;ho he passat molt b\u00e9 fent els jocs de caiac i el dinar variat i compartit<\/em>&#8220;, i &#8220;<em>M&#8217;imaginava que no seria gran cosa&#8230; M&#8217;ha sorpr\u00e8s aquesta sortida i fer les activitats amb el caiac. El menjar estava molt bo<\/em>&#8220;.<\/p>\n<p style=\"text-align: justify;\">La Blau, que \u00e9s l&#8217;aprenent que ens acompanya aquest any, deia &#8220;<em>He trobat molt interessant aquesta sortida, especialment, l&#8217;ambient de germanor i de confian\u00e7a. Les activitats fetes durant el trajecte en caiac crec que han estat adequades i molt divertides. A m\u00e9s, el dinar ha estat impressionant. Ens hem fet un tip de tant menjar que hi havia i del goig que feia!! Crec que tots i totes repetir\u00edem aquesta experi\u00e8ncia un altre cop, ja que hem gaudit tots plegats. Aquesta sortida ha estat un dels records que m&#8217;emportar\u00e9 per sempre d&#8217;aquesta escola i de cadascun d&#8217;ells i d&#8217;elles.<\/em>&#8220;.<\/p>\n<p><img loading=\"lazy\" decoding=\"async\" class=\"aligncenter size-full wp-image-3786\" src=\"https:\/\/agora.xtec.cat\/escolatorrelameu\/wp-content\/uploads\/usu2232\/2025\/05\/Bany.jpg\" alt=\"\" width=\"2000\" height=\"1200\" srcset=\"https:\/\/agora.xtec.cat\/escolatorrelameu\/wp-content\/uploads\/usu2232\/2025\/05\/Bany.jpg 2000w, https:\/\/agora.xtec.cat\/escolatorrelameu\/wp-content\/uploads\/usu2232\/2025\/05\/Bany-300x180.jpg 300w, https:\/\/agora.xtec.cat\/escolatorrelameu\/wp-content\/uploads\/usu2232\/2025\/05\/Bany-1024x614.jpg 1024w, https:\/\/agora.xtec.cat\/escolatorrelameu\/wp-content\/uploads\/usu2232\/2025\/05\/Bany-768x461.jpg 768w, https:\/\/agora.xtec.cat\/escolatorrelameu\/wp-content\/uploads\/usu2232\/2025\/05\/Bany-1536x922.jpg 1536w\" sizes=\"auto, (max-width: 2000px) 100vw, 2000px\" \/><\/p>\n<p style=\"text-align: justify;\">L&#8217;Iru comenta &#8220;<em>Sens dubte, l&#8217;element que avui predomina \u00e9s l&#8217;aigua, ja que hem fet caiac i jugat en un parc d&#8217;aigua. I vull recalcar el gran dinar que hem fet. Tot bon\u00edssim<\/em>&#8221; i la Marta corrobora que les vistes han sigut impressionant &#8220;<em>Ha estat molt divertit anar a Sant Lloren\u00e7 de Montgai perqu\u00e8 les vistes s\u00f3n espectaculars i el tren ha estat molt divertit. El caiac ha esta molt mullat. Les fonts d&#8217;aigua han estat molt mogudes i divertides<\/em>&#8220;.<\/p>\n<p style=\"text-align: justify;\">De cop, el Kilian diu molt emocionat &#8220;<em>La piscina de boles m&#8217;ha encantat<\/em>&#8220;.<\/p>\n<p style=\"text-align: justify;\">La Claudia, diu rient i satisfeta, i part d&#8217;una broma: &#8220;<em>Despr\u00e9s de tremolar tan, he aconseguit mantenir les meves dents intactes<\/em>&#8220;, i ja m\u00e9s seriosa &#8220;<em>Ho vull dir ben clar: m&#8217;ho he passat molt b\u00e9<\/em>&#8220;.<\/p>\n<p style=\"text-align: justify;\">La Maria conclou: &#8220;<em>Uauuuuuuuuu, quina sortida!!! M&#8217;ha encantat el tomb amb caiac pel pant\u00e0 de Sant Lloren\u00e7 de Montgai. Ho hem fet amb l&#8217;Albert que ens ha fet uns jocs molt divertits i interactius. Tots hem acabat molls!!! La temperatura ha estat ideal, ha fet caloreta, per\u00f2 sense passar-se. Despr\u00e9s, al c\u00e0mping hem jugat a jocs d&#8217;aigua. L&#8217;ambient entre tots ha estat molt bo, ple de complicitats i de moments especials compartits. El dinar ha estat bon\u00edssim. Crec que tot ha sigut perfecte!!!! Ho repetim?<\/em>&#8220;<\/p>\n<p style=\"text-align: justify;\">I tots responem, sense ni tan sols pensar-ho, &#8220;<em>Siiiiiiiiiii<\/em>&#8220;.<\/p>\n<p><img loading=\"lazy\" decoding=\"async\" class=\"aligncenter size-full wp-image-3785\" src=\"https:\/\/agora.xtec.cat\/escolatorrelameu\/wp-content\/uploads\/usu2232\/2025\/05\/moments.jpg\" alt=\"\" width=\"2000\" height=\"1200\" srcset=\"https:\/\/agora.xtec.cat\/escolatorrelameu\/wp-content\/uploads\/usu2232\/2025\/05\/moments.jpg 2000w, https:\/\/agora.xtec.cat\/escolatorrelameu\/wp-content\/uploads\/usu2232\/2025\/05\/moments-300x180.jpg 300w, https:\/\/agora.xtec.cat\/escolatorrelameu\/wp-content\/uploads\/usu2232\/2025\/05\/moments-1024x614.jpg 1024w, https:\/\/agora.xtec.cat\/escolatorrelameu\/wp-content\/uploads\/usu2232\/2025\/05\/moments-768x461.jpg 768w, https:\/\/agora.xtec.cat\/escolatorrelameu\/wp-content\/uploads\/usu2232\/2025\/05\/moments-1536x922.jpg 1536w\" sizes=\"auto, (max-width: 2000px) 100vw, 2000px\" \/><\/p>\n","protected":false},"excerpt":{"rendered":"<p>L&#8217;Elisabet diu &#8220;Un dia complet! De les roselles, passant per la frescor de l&#8217;aigua i la germanor del dinar compartit. Un plaer acompanyar-vos.&#8220;.<br \/>\nL&#8217;Abou expressa la seva satisfacci\u00f3 amb &#8220;M&#8217;ha agradat fer caiac, tot i que he caigut de cara. Ha estat guai i divertit&#8220;. La&hellip;  <a href=\"https:\/\/agora.xtec.cat\/escolatorrelameu\/general\/sortida-comiat\/\" title=\"Read Sortida &#8211; comiat\">Llegeix m\u00e9s\u00bb<\/a><\/p>\n","protected":false},"author":14,"featured_media":3784,"comment_status":"open","ping_status":"closed","sticky":false,"template":"","format":"standard","meta":{"_bbp_topic_count":0,"_bbp_reply_count":0,"_bbp_total_topic_count":0,"_bbp_total_reply_count":0,"_bbp_voice_count":0,"_bbp_anonymous_reply_count":0,"_bbp_topic_count_hidden":0,"_bbp_reply_count_hidden":0,"_bbp_forum_subforum_count":0,"footnotes":""},"categories":[1],"tags":[],"class_list":["post-3783","post","type-post","status-publish","format-standard","has-post-thumbnail","hentry","category-general"],"post_mailing_queue_ids":[],"_links":{"self":[{"href":"https:\/\/agora.xtec.cat\/escolatorrelameu\/wp-json\/wp\/v2\/posts\/3783","targetHints":{"allow":["GET"]}}],"collection":[{"href":"https:\/\/agora.xtec.cat\/escolatorrelameu\/wp-json\/wp\/v2\/posts"}],"about":[{"href":"https:\/\/agora.xtec.cat\/escolatorrelameu\/wp-json\/wp\/v2\/types\/post"}],"author":[{"embeddable":true,"href":"https:\/\/agora.xtec.cat\/escolatorrelameu\/wp-json\/wp\/v2\/users\/14"}],"replies":[{"embeddable":true,"href":"https:\/\/agora.xtec.cat\/escolatorrelameu\/wp-json\/wp\/v2\/comments?post=3783"}],"version-history":[{"count":2,"href":"https:\/\/agora.xtec.cat\/escolatorrelameu\/wp-json\/wp\/v2\/posts\/3783\/revisions"}],"predecessor-version":[{"id":3790,"href":"https:\/\/agora.xtec.cat\/escolatorrelameu\/wp-json\/wp\/v2\/posts\/3783\/revisions\/3790"}],"wp:featuredmedia":[{"embeddable":true,"href":"https:\/\/agora.xtec.cat\/escolatorrelameu\/wp-json\/wp\/v2\/media\/3784"}],"wp:attachment":[{"href":"https:\/\/agora.xtec.cat\/escolatorrelameu\/wp-json\/wp\/v2\/media?parent=3783"}],"wp:term":[{"taxonomy":"category","embeddable":true,"href":"https:\/\/agora.xtec.cat\/escolatorrelameu\/wp-json\/wp\/v2\/categories?post=3783"},{"taxonomy":"post_tag","embeddable":true,"href":"https:\/\/agora.xtec.cat\/escolatorrelameu\/wp-json\/wp\/v2\/tags?post=3783"}],"curies":[{"name":"wp","href":"https:\/\/api.w.org\/{rel}","templated":true}]}}