{"id":3777,"date":"2025-05-23T19:34:21","date_gmt":"2025-05-23T17:34:21","guid":{"rendered":"https:\/\/agora.xtec.cat\/escolatorrelameu\/?p=3777"},"modified":"2025-05-23T15:38:26","modified_gmt":"2025-05-23T13:38:26","slug":"primavera-amb-padrins-i-padrines","status":"publish","type":"post","link":"https:\/\/agora.xtec.cat\/escolatorrelameu\/general\/primavera-amb-padrins-i-padrines\/","title":{"rendered":"Primavera amb&#8230; padrins i padrines."},"content":{"rendered":"<p style=\"text-align: justify;\">Hem fet <strong>tardor<\/strong>, hem fet <strong>hivern<\/strong> i dimarts vam encetar &#8220;<strong>primavera amb padrins i padrines<\/strong>&#8220;&#8230; Per\u00f2 l&#8217;estaci\u00f3 en qu\u00e8 celebrem aquesta festa especial i bonica \u00e9s igual!!! El fet \u00e9s que donar espai i temps en una trobada tan intergeneracional ens permet crear un ambient dist\u00e8s, d&#8217;experi\u00e8ncia i saviesa, de complicitat i de compartir.<\/p>\n<p style=\"text-align: justify;\">Doncs dimarts, diem &#8220;per molts anys m\u00e9s&#8221; perqu\u00e8 aquest \u00e9s el desig pels dies especials, pels aniversaris i tamb\u00e9 pels dies bonics con el que hem viscut avui&#8230; &#8220;Per molts anys m\u00e9s que puguem celebrar una festa com la d&#8217;avui amb aquesta ess\u00e8ncia de companyonia i afecte que ens uneix&#8221;.<\/p>\n<p><img loading=\"lazy\" decoding=\"async\" class=\"aligncenter size-full wp-image-3779\" src=\"https:\/\/agora.xtec.cat\/escolatorrelameu\/wp-content\/uploads\/usu2232\/2025\/05\/Collage-Padrins-i-padrines.jpg\" alt=\"\" width=\"1050\" height=\"2000\" srcset=\"https:\/\/agora.xtec.cat\/escolatorrelameu\/wp-content\/uploads\/usu2232\/2025\/05\/Collage-Padrins-i-padrines.jpg 1050w, https:\/\/agora.xtec.cat\/escolatorrelameu\/wp-content\/uploads\/usu2232\/2025\/05\/Collage-Padrins-i-padrines-158x300.jpg 158w, https:\/\/agora.xtec.cat\/escolatorrelameu\/wp-content\/uploads\/usu2232\/2025\/05\/Collage-Padrins-i-padrines-538x1024.jpg 538w, https:\/\/agora.xtec.cat\/escolatorrelameu\/wp-content\/uploads\/usu2232\/2025\/05\/Collage-Padrins-i-padrines-768x1463.jpg 768w, https:\/\/agora.xtec.cat\/escolatorrelameu\/wp-content\/uploads\/usu2232\/2025\/05\/Collage-Padrins-i-padrines-806x1536.jpg 806w\" sizes=\"auto, (max-width: 1050px) 100vw, 1050px\" \/><\/p>\n","protected":false},"excerpt":{"rendered":"<p>Hem fet tardor, hem fet hivern i dimarts vam encetar &#8220;primavera amb padrins i padrines&#8220;&#8230; Per\u00f2 l&#8217;estaci\u00f3 en qu\u00e8 celebrem aquesta festa especial i bonica \u00e9s igual!!! El fet \u00e9s que donar espai i temps en una trobada tan intergeneracional ens permet crear un ambient&hellip;  <a href=\"https:\/\/agora.xtec.cat\/escolatorrelameu\/general\/primavera-amb-padrins-i-padrines\/\" title=\"Read Primavera amb&#8230; padrins i padrines.\">Llegeix m\u00e9s\u00bb<\/a><\/p>\n","protected":false},"author":14,"featured_media":3778,"comment_status":"open","ping_status":"closed","sticky":false,"template":"","format":"standard","meta":{"_bbp_topic_count":0,"_bbp_reply_count":0,"_bbp_total_topic_count":0,"_bbp_total_reply_count":0,"_bbp_voice_count":0,"_bbp_anonymous_reply_count":0,"_bbp_topic_count_hidden":0,"_bbp_reply_count_hidden":0,"_bbp_forum_subforum_count":0,"footnotes":""},"categories":[1],"tags":[],"class_list":["post-3777","post","type-post","status-publish","format-standard","has-post-thumbnail","hentry","category-general"],"post_mailing_queue_ids":[],"_links":{"self":[{"href":"https:\/\/agora.xtec.cat\/escolatorrelameu\/wp-json\/wp\/v2\/posts\/3777","targetHints":{"allow":["GET"]}}],"collection":[{"href":"https:\/\/agora.xtec.cat\/escolatorrelameu\/wp-json\/wp\/v2\/posts"}],"about":[{"href":"https:\/\/agora.xtec.cat\/escolatorrelameu\/wp-json\/wp\/v2\/types\/post"}],"author":[{"embeddable":true,"href":"https:\/\/agora.xtec.cat\/escolatorrelameu\/wp-json\/wp\/v2\/users\/14"}],"replies":[{"embeddable":true,"href":"https:\/\/agora.xtec.cat\/escolatorrelameu\/wp-json\/wp\/v2\/comments?post=3777"}],"version-history":[{"count":2,"href":"https:\/\/agora.xtec.cat\/escolatorrelameu\/wp-json\/wp\/v2\/posts\/3777\/revisions"}],"predecessor-version":[{"id":3782,"href":"https:\/\/agora.xtec.cat\/escolatorrelameu\/wp-json\/wp\/v2\/posts\/3777\/revisions\/3782"}],"wp:featuredmedia":[{"embeddable":true,"href":"https:\/\/agora.xtec.cat\/escolatorrelameu\/wp-json\/wp\/v2\/media\/3778"}],"wp:attachment":[{"href":"https:\/\/agora.xtec.cat\/escolatorrelameu\/wp-json\/wp\/v2\/media?parent=3777"}],"wp:term":[{"taxonomy":"category","embeddable":true,"href":"https:\/\/agora.xtec.cat\/escolatorrelameu\/wp-json\/wp\/v2\/categories?post=3777"},{"taxonomy":"post_tag","embeddable":true,"href":"https:\/\/agora.xtec.cat\/escolatorrelameu\/wp-json\/wp\/v2\/tags?post=3777"}],"curies":[{"name":"wp","href":"https:\/\/api.w.org\/{rel}","templated":true}]}}