{"id":3763,"date":"2025-05-16T11:24:31","date_gmt":"2025-05-16T09:24:31","guid":{"rendered":"https:\/\/agora.xtec.cat\/escolatorrelameu\/?p=3763"},"modified":"2025-05-16T11:24:31","modified_gmt":"2025-05-16T09:24:31","slug":"trobada-amb-lalcalde","status":"publish","type":"post","link":"https:\/\/agora.xtec.cat\/escolatorrelameu\/general\/trobada-amb-lalcalde\/","title":{"rendered":"Trobada amb l&#8217;alcalde"},"content":{"rendered":"<p>Con\u00e8ixer com funciona l&#8217;ajuntament, quins s\u00f3n els nostres drets i deures com a ciutadans, com redactar una queixa i com documentar-la, com preparar una proposta i preveure tot el que es necessita,&#8230; han sigut part de les activitats que hem fet aquests dies. Avui hem anat a l&#8217;ajuntament i&#8230;<\/p>\n<p>L&#8217;Efren, l&#8217;Abou i l&#8217;Andrei han presentat un queixa. En aquesta hi constava les dades identificatives dels tres, l&#8217;explicaci\u00f3 de la queixa i la vinculaci\u00f3 amb la llei, acabant amb les signatures i l&#8217;ac\u00fas de rebuda.<\/p>\n<p><img loading=\"lazy\" decoding=\"async\" class=\"size-full wp-image-3765\" src=\"https:\/\/agora.xtec.cat\/escolatorrelameu\/wp-content\/uploads\/usu2232\/2025\/05\/IMG20250515101027.jpg\" alt=\"\" width=\"600\" height=\"337\" srcset=\"https:\/\/agora.xtec.cat\/escolatorrelameu\/wp-content\/uploads\/usu2232\/2025\/05\/IMG20250515101027.jpg 600w, https:\/\/agora.xtec.cat\/escolatorrelameu\/wp-content\/uploads\/usu2232\/2025\/05\/IMG20250515101027-300x169.jpg 300w\" sizes=\"auto, (max-width: 600px) 100vw, 600px\" \/><\/p>\n<p>La Martina, el Kilian i la Marta han presentat la seva proposta de fer una festa de l&#8217;escuma. Ells tamb\u00e9 han presentat el cartell que farien servir per difondre l&#8217;esdeveniment.<\/p>\n<p><img loading=\"lazy\" decoding=\"async\" class=\"size-full wp-image-3767\" src=\"https:\/\/agora.xtec.cat\/escolatorrelameu\/wp-content\/uploads\/usu2232\/2025\/05\/IMG20250515101657.jpg\" alt=\"\" width=\"600\" height=\"337\" srcset=\"https:\/\/agora.xtec.cat\/escolatorrelameu\/wp-content\/uploads\/usu2232\/2025\/05\/IMG20250515101657.jpg 600w, https:\/\/agora.xtec.cat\/escolatorrelameu\/wp-content\/uploads\/usu2232\/2025\/05\/IMG20250515101657-300x169.jpg 300w\" sizes=\"auto, (max-width: 600px) 100vw, 600px\" \/><\/p>\n<p>L&#8217;Aura, el Kilian i l&#8217;Iru han presentat la proposta d&#8217;una festa de tancament del curs i comen\u00e7ament de l&#8217;estiu. Proposaven comen\u00e7ar amb un discurs de l&#8217;alcalde i diferents entreteniments com festa de l&#8217;escuma, espectacle de m\u00e0gia, berenar, sopar i disc-jockey per acabar.<\/p>\n<p><img loading=\"lazy\" decoding=\"async\" class=\"size-full wp-image-3766\" src=\"https:\/\/agora.xtec.cat\/escolatorrelameu\/wp-content\/uploads\/usu2232\/2025\/05\/IMG20250515102022.jpg\" alt=\"\" width=\"600\" height=\"337\" srcset=\"https:\/\/agora.xtec.cat\/escolatorrelameu\/wp-content\/uploads\/usu2232\/2025\/05\/IMG20250515102022.jpg 600w, https:\/\/agora.xtec.cat\/escolatorrelameu\/wp-content\/uploads\/usu2232\/2025\/05\/IMG20250515102022-300x169.jpg 300w\" sizes=\"auto, (max-width: 600px) 100vw, 600px\" \/><\/p>\n<p>En Carles, l&#8217;alcalde, ens ha assegurat que far\u00e0 el possible per a que aquestes propostes surtin a la llum i tamb\u00e9 ha demanat la participaci\u00f3 d&#8217;ells i elles. Per altra banda, ha recordat les dates de les pr\u00f2ximes festes, el festival Marrameu, i la reobertura de les piscines.<\/p>\n<p><img loading=\"lazy\" decoding=\"async\" class=\"aligncenter size-full wp-image-3769\" src=\"https:\/\/agora.xtec.cat\/escolatorrelameu\/wp-content\/uploads\/usu2232\/2025\/05\/9.jpg\" alt=\"\" width=\"2000\" height=\"1200\" srcset=\"https:\/\/agora.xtec.cat\/escolatorrelameu\/wp-content\/uploads\/usu2232\/2025\/05\/9.jpg 2000w, https:\/\/agora.xtec.cat\/escolatorrelameu\/wp-content\/uploads\/usu2232\/2025\/05\/9-300x180.jpg 300w, https:\/\/agora.xtec.cat\/escolatorrelameu\/wp-content\/uploads\/usu2232\/2025\/05\/9-1024x614.jpg 1024w, https:\/\/agora.xtec.cat\/escolatorrelameu\/wp-content\/uploads\/usu2232\/2025\/05\/9-768x461.jpg 768w, https:\/\/agora.xtec.cat\/escolatorrelameu\/wp-content\/uploads\/usu2232\/2025\/05\/9-1536x922.jpg 1536w\" sizes=\"auto, (max-width: 2000px) 100vw, 2000px\" \/><\/p>\n<p>Moltes gr\u00e0cies per regalar-nos aquesta estona, Carles. Durant aquests dies de preparaci\u00f3 i d&#8217;exposici\u00f3 de les propostes i queixa ens hem sentit engrescats i fer-ho real, trobar-nos amb tu, ens ha perm\u00e8s viure un moment for\u00e7a significatiu.<\/p>\n<p><img loading=\"lazy\" decoding=\"async\" class=\"aligncenter size-full wp-image-3770\" src=\"https:\/\/agora.xtec.cat\/escolatorrelameu\/wp-content\/uploads\/usu2232\/2025\/05\/8.jpg\" alt=\"\" width=\"2000\" height=\"1200\" srcset=\"https:\/\/agora.xtec.cat\/escolatorrelameu\/wp-content\/uploads\/usu2232\/2025\/05\/8.jpg 2000w, https:\/\/agora.xtec.cat\/escolatorrelameu\/wp-content\/uploads\/usu2232\/2025\/05\/8-300x180.jpg 300w, https:\/\/agora.xtec.cat\/escolatorrelameu\/wp-content\/uploads\/usu2232\/2025\/05\/8-1024x614.jpg 1024w, https:\/\/agora.xtec.cat\/escolatorrelameu\/wp-content\/uploads\/usu2232\/2025\/05\/8-768x461.jpg 768w, https:\/\/agora.xtec.cat\/escolatorrelameu\/wp-content\/uploads\/usu2232\/2025\/05\/8-1536x922.jpg 1536w\" sizes=\"auto, (max-width: 2000px) 100vw, 2000px\" \/><\/p>\n","protected":false},"excerpt":{"rendered":"<p>Con\u00e8ixer com funciona l&#8217;ajuntament, quins s\u00f3n els nostres drets i deures com a ciutadans, com redactar una queixa i com documentar-la, com preparar una proposta i preveure tot el que es necessita,&#8230; han sigut part de les activitats que hem fet aquests dies. Avui hem&hellip;  <a href=\"https:\/\/agora.xtec.cat\/escolatorrelameu\/general\/trobada-amb-lalcalde\/\" title=\"Read Trobada amb l&#8217;alcalde\">Llegeix m\u00e9s\u00bb<\/a><\/p>\n","protected":false},"author":14,"featured_media":3768,"comment_status":"open","ping_status":"closed","sticky":false,"template":"","format":"standard","meta":{"_bbp_topic_count":0,"_bbp_reply_count":0,"_bbp_total_topic_count":0,"_bbp_total_reply_count":0,"_bbp_voice_count":0,"_bbp_anonymous_reply_count":0,"_bbp_topic_count_hidden":0,"_bbp_reply_count_hidden":0,"_bbp_forum_subforum_count":0,"footnotes":""},"categories":[1],"tags":[],"class_list":["post-3763","post","type-post","status-publish","format-standard","has-post-thumbnail","hentry","category-general"],"post_mailing_queue_ids":[],"_links":{"self":[{"href":"https:\/\/agora.xtec.cat\/escolatorrelameu\/wp-json\/wp\/v2\/posts\/3763","targetHints":{"allow":["GET"]}}],"collection":[{"href":"https:\/\/agora.xtec.cat\/escolatorrelameu\/wp-json\/wp\/v2\/posts"}],"about":[{"href":"https:\/\/agora.xtec.cat\/escolatorrelameu\/wp-json\/wp\/v2\/types\/post"}],"author":[{"embeddable":true,"href":"https:\/\/agora.xtec.cat\/escolatorrelameu\/wp-json\/wp\/v2\/users\/14"}],"replies":[{"embeddable":true,"href":"https:\/\/agora.xtec.cat\/escolatorrelameu\/wp-json\/wp\/v2\/comments?post=3763"}],"version-history":[{"count":2,"href":"https:\/\/agora.xtec.cat\/escolatorrelameu\/wp-json\/wp\/v2\/posts\/3763\/revisions"}],"predecessor-version":[{"id":3771,"href":"https:\/\/agora.xtec.cat\/escolatorrelameu\/wp-json\/wp\/v2\/posts\/3763\/revisions\/3771"}],"wp:featuredmedia":[{"embeddable":true,"href":"https:\/\/agora.xtec.cat\/escolatorrelameu\/wp-json\/wp\/v2\/media\/3768"}],"wp:attachment":[{"href":"https:\/\/agora.xtec.cat\/escolatorrelameu\/wp-json\/wp\/v2\/media?parent=3763"}],"wp:term":[{"taxonomy":"category","embeddable":true,"href":"https:\/\/agora.xtec.cat\/escolatorrelameu\/wp-json\/wp\/v2\/categories?post=3763"},{"taxonomy":"post_tag","embeddable":true,"href":"https:\/\/agora.xtec.cat\/escolatorrelameu\/wp-json\/wp\/v2\/tags?post=3763"}],"curies":[{"name":"wp","href":"https:\/\/api.w.org\/{rel}","templated":true}]}}