{"id":3760,"date":"2025-05-11T16:06:14","date_gmt":"2025-05-11T14:06:14","guid":{"rendered":"https:\/\/agora.xtec.cat\/escolatorrelameu\/?p=3760"},"modified":"2025-05-11T16:06:14","modified_gmt":"2025-05-11T14:06:14","slug":"colors-del-mon","status":"publish","type":"post","link":"https:\/\/agora.xtec.cat\/escolatorrelameu\/general\/colors-del-mon\/","title":{"rendered":"Colors del m\u00f3n"},"content":{"rendered":"<p>El dimecres 30 d&#8217;abril el Petits vam anar a Lleida a veure una exposici\u00f3 al CaixaForum: Colors del m\u00f3n. Per preparar la sortida i el seu contingut, a l&#8217;escola vam parlar de qu\u00e8 hi podr\u00edem trobar. La gran majoria van fer hip\u00f2tesis sobre els objectes que hi veur\u00edem: vehicles, animals&#8230; Vam despleglar la caixa de colors de Montessori i per parelles vam escollir una de les s\u00e8ries de colors per sortir a &#8220;ca\u00e7ar&#8221; colors per Torrelameu&#8230;<\/p>\n<p><img loading=\"lazy\" decoding=\"async\" class=\"aligncenter size-full wp-image-3759\" src=\"https:\/\/agora.xtec.cat\/escolatorrelameu\/wp-content\/uploads\/usu2232\/2025\/05\/4-1.jpg\" alt=\"\" width=\"1359\" height=\"282\" srcset=\"https:\/\/agora.xtec.cat\/escolatorrelameu\/wp-content\/uploads\/usu2232\/2025\/05\/4-1.jpg 1359w, https:\/\/agora.xtec.cat\/escolatorrelameu\/wp-content\/uploads\/usu2232\/2025\/05\/4-1-300x62.jpg 300w, https:\/\/agora.xtec.cat\/escolatorrelameu\/wp-content\/uploads\/usu2232\/2025\/05\/4-1-1024x212.jpg 1024w, https:\/\/agora.xtec.cat\/escolatorrelameu\/wp-content\/uploads\/usu2232\/2025\/05\/4-1-768x159.jpg 768w\" sizes=\"auto, (max-width: 1359px) 100vw, 1359px\" \/><\/p>\n<p>Dimecres vam agafar l&#8217;autob\u00fas de l\u00ednia per anar a Lleida, per a molts era el primer cop. L&#8217;estaci\u00f3 ens va sorprendre per la seva grand\u00e0ria! Vam esmorzar davant de la Casa dels Gegants, per\u00f2 hi havia un munt de visites i vam decidir que hi anir\u00edem despr\u00e9s. Aix\u00ed que vam anar cap a l&#8217;espai infantil Rovell\u00f3 (que ten\u00edem nom\u00e9s per a nosaltres!) per fer temps per entrar a l&#8217;exposici\u00f3.<\/p>\n<p><img loading=\"lazy\" decoding=\"async\" class=\"aligncenter size-full wp-image-3756\" src=\"https:\/\/agora.xtec.cat\/escolatorrelameu\/wp-content\/uploads\/usu2232\/2025\/05\/1-1.jpg\" alt=\"\" width=\"950\" height=\"750\" srcset=\"https:\/\/agora.xtec.cat\/escolatorrelameu\/wp-content\/uploads\/usu2232\/2025\/05\/1-1.jpg 950w, https:\/\/agora.xtec.cat\/escolatorrelameu\/wp-content\/uploads\/usu2232\/2025\/05\/1-1-300x237.jpg 300w, https:\/\/agora.xtec.cat\/escolatorrelameu\/wp-content\/uploads\/usu2232\/2025\/05\/1-1-768x606.jpg 768w\" sizes=\"auto, (max-width: 950px) 100vw, 950px\" \/>Quan vam entrar al CaixaForum ens vam adonar que d&#8217;objectes no n&#8217;hi hauria cap. Era una exposici\u00f3 de fotografies d&#8217;arreu del m\u00f3n, ordenades crom\u00e0ticament. Ens van explicar curiositats d&#8217;alguna de les imatges i despr\u00e9s vam donar un tomb triant quines ens agradaven m\u00e9s!<\/p>\n<p><img loading=\"lazy\" decoding=\"async\" class=\"aligncenter size-full wp-image-3757\" src=\"https:\/\/agora.xtec.cat\/escolatorrelameu\/wp-content\/uploads\/usu2232\/2025\/05\/2-2.jpg\" alt=\"\" width=\"1108\" height=\"930\" srcset=\"https:\/\/agora.xtec.cat\/escolatorrelameu\/wp-content\/uploads\/usu2232\/2025\/05\/2-2.jpg 1108w, https:\/\/agora.xtec.cat\/escolatorrelameu\/wp-content\/uploads\/usu2232\/2025\/05\/2-2-300x252.jpg 300w, https:\/\/agora.xtec.cat\/escolatorrelameu\/wp-content\/uploads\/usu2232\/2025\/05\/2-2-1024x859.jpg 1024w, https:\/\/agora.xtec.cat\/escolatorrelameu\/wp-content\/uploads\/usu2232\/2025\/05\/2-2-768x645.jpg 768w\" sizes=\"auto, (max-width: 1108px) 100vw, 1108px\" \/><\/p>\n<p>Per acabar, vam anar a la Casa dels Gegants a con\u00e8ixer-los. Hav\u00edem de buscar el seu nom i algun detall de la seva vestimenta. Vam parlar de com es porten els gegants, per a qu\u00e8 serveix la reixeta dels vestits, de qu\u00e8 estan fetes les joies&#8230; Per a molts, va ser tot un descobriment!<\/p>\n<p><img loading=\"lazy\" decoding=\"async\" class=\"aligncenter size-full wp-image-3758\" src=\"https:\/\/agora.xtec.cat\/escolatorrelameu\/wp-content\/uploads\/usu2232\/2025\/05\/3-2.jpg\" alt=\"\" width=\"1109\" height=\"926\" srcset=\"https:\/\/agora.xtec.cat\/escolatorrelameu\/wp-content\/uploads\/usu2232\/2025\/05\/3-2.jpg 1109w, https:\/\/agora.xtec.cat\/escolatorrelameu\/wp-content\/uploads\/usu2232\/2025\/05\/3-2-300x250.jpg 300w, https:\/\/agora.xtec.cat\/escolatorrelameu\/wp-content\/uploads\/usu2232\/2025\/05\/3-2-1024x855.jpg 1024w, https:\/\/agora.xtec.cat\/escolatorrelameu\/wp-content\/uploads\/usu2232\/2025\/05\/3-2-768x641.jpg 768w\" sizes=\"auto, (max-width: 1109px) 100vw, 1109px\" \/><\/p>\n","protected":false},"excerpt":{"rendered":"<p>El dimecres 30 d&#8217;abril el Petits vam anar a Lleida a veure una exposici\u00f3 al CaixaForum: Colors del m\u00f3n. Per preparar la sortida i el seu contingut, a l&#8217;escola vam parlar de qu\u00e8 hi podr\u00edem trobar. La gran majoria van fer hip\u00f2tesis sobre els objectes&hellip;  <a href=\"https:\/\/agora.xtec.cat\/escolatorrelameu\/general\/colors-del-mon\/\" title=\"Read Colors del m\u00f3n\">Llegeix m\u00e9s\u00bb<\/a><\/p>\n","protected":false},"author":14,"featured_media":3755,"comment_status":"open","ping_status":"closed","sticky":false,"template":"","format":"standard","meta":{"_bbp_topic_count":0,"_bbp_reply_count":0,"_bbp_total_topic_count":0,"_bbp_total_reply_count":0,"_bbp_voice_count":0,"_bbp_anonymous_reply_count":0,"_bbp_topic_count_hidden":0,"_bbp_reply_count_hidden":0,"_bbp_forum_subforum_count":0,"footnotes":""},"categories":[1],"tags":[],"class_list":["post-3760","post","type-post","status-publish","format-standard","has-post-thumbnail","hentry","category-general"],"post_mailing_queue_ids":[],"_links":{"self":[{"href":"https:\/\/agora.xtec.cat\/escolatorrelameu\/wp-json\/wp\/v2\/posts\/3760","targetHints":{"allow":["GET"]}}],"collection":[{"href":"https:\/\/agora.xtec.cat\/escolatorrelameu\/wp-json\/wp\/v2\/posts"}],"about":[{"href":"https:\/\/agora.xtec.cat\/escolatorrelameu\/wp-json\/wp\/v2\/types\/post"}],"author":[{"embeddable":true,"href":"https:\/\/agora.xtec.cat\/escolatorrelameu\/wp-json\/wp\/v2\/users\/14"}],"replies":[{"embeddable":true,"href":"https:\/\/agora.xtec.cat\/escolatorrelameu\/wp-json\/wp\/v2\/comments?post=3760"}],"version-history":[{"count":1,"href":"https:\/\/agora.xtec.cat\/escolatorrelameu\/wp-json\/wp\/v2\/posts\/3760\/revisions"}],"predecessor-version":[{"id":3761,"href":"https:\/\/agora.xtec.cat\/escolatorrelameu\/wp-json\/wp\/v2\/posts\/3760\/revisions\/3761"}],"wp:featuredmedia":[{"embeddable":true,"href":"https:\/\/agora.xtec.cat\/escolatorrelameu\/wp-json\/wp\/v2\/media\/3755"}],"wp:attachment":[{"href":"https:\/\/agora.xtec.cat\/escolatorrelameu\/wp-json\/wp\/v2\/media?parent=3760"}],"wp:term":[{"taxonomy":"category","embeddable":true,"href":"https:\/\/agora.xtec.cat\/escolatorrelameu\/wp-json\/wp\/v2\/categories?post=3760"},{"taxonomy":"post_tag","embeddable":true,"href":"https:\/\/agora.xtec.cat\/escolatorrelameu\/wp-json\/wp\/v2\/tags?post=3760"}],"curies":[{"name":"wp","href":"https:\/\/api.w.org\/{rel}","templated":true}]}}