{"id":3749,"date":"2025-05-10T10:30:21","date_gmt":"2025-05-10T08:30:21","guid":{"rendered":"https:\/\/agora.xtec.cat\/escolatorrelameu\/?p=3749"},"modified":"2025-05-11T08:44:46","modified_gmt":"2025-05-11T06:44:46","slug":"projeccio-de-dir-adeu-a-la-1a-mostra-de-curtmetratges-dalpicat","status":"publish","type":"post","link":"https:\/\/agora.xtec.cat\/escolatorrelameu\/general\/projeccio-de-dir-adeu-a-la-1a-mostra-de-curtmetratges-dalpicat\/","title":{"rendered":"Projecci\u00f3 de &#8220;Dir ad\u00e9u&#8221; a la 1a Mostra de Curtmetratges d&#8217;Alpicat"},"content":{"rendered":"<p>Fam\u00edlies!<\/p>\n<p>Us informem que el <strong>divendres 16 de maig, <\/strong>a les<strong> 19:00 hores (entrada gratu\u00efta) <\/strong>es fa la <strong>1a Mostra de Curtmetratges d&#8217;Alpicat<\/strong> i que l&#8217;escola de Torrelameu hi participar\u00e0 amb <em><strong>Dir ad\u00e9u, <\/strong><\/em>el curt que van fer l&#8217;any passat el grup de Grans.<span style=\"font-family: inherit; font-size: 1em;\">\u00a0<\/span><\/p>\n<p><img loading=\"lazy\" decoding=\"async\" class=\"aligncenter wp-image-3752\" src=\"https:\/\/agora.xtec.cat\/escolatorrelameu\/wp-content\/uploads\/usu2232\/2025\/05\/Cartell-mostra-2025-scaled.jpg\" alt=\"\" width=\"404\" height=\"571\" srcset=\"https:\/\/agora.xtec.cat\/escolatorrelameu\/wp-content\/uploads\/usu2232\/2025\/05\/Cartell-mostra-2025-scaled.jpg 1810w, https:\/\/agora.xtec.cat\/escolatorrelameu\/wp-content\/uploads\/usu2232\/2025\/05\/Cartell-mostra-2025-212x300.jpg 212w, https:\/\/agora.xtec.cat\/escolatorrelameu\/wp-content\/uploads\/usu2232\/2025\/05\/Cartell-mostra-2025-724x1024.jpg 724w, https:\/\/agora.xtec.cat\/escolatorrelameu\/wp-content\/uploads\/usu2232\/2025\/05\/Cartell-mostra-2025-768x1086.jpg 768w, https:\/\/agora.xtec.cat\/escolatorrelameu\/wp-content\/uploads\/usu2232\/2025\/05\/Cartell-mostra-2025-1086x1536.jpg 1086w, https:\/\/agora.xtec.cat\/escolatorrelameu\/wp-content\/uploads\/usu2232\/2025\/05\/Cartell-mostra-2025-1448x2048.jpg 1448w\" sizes=\"auto, (max-width: 404px) 100vw, 404px\" \/><\/p>\n<p>La Mostra es fa al teatre de la Uni\u00f3, a Alpicat.<\/p>\n<p>Si hi voleu anar, ja ho sabeu! Esperem que sigui tot un \u00e8xit.<\/p>\n","protected":false},"excerpt":{"rendered":"<p>Fam\u00edlies!<br \/>\nUs informem que el divendres 16 de maig, a les 19:00 hores (entrada gratu\u00efta) es fa la 1a Mostra de Curtmetratges d&#8217;Alpicat i que l&#8217;escola de Torrelameu hi participar\u00e0 amb Dir ad\u00e9u, el curt que van fer l&#8217;any passat el grup de Grans.\u00a0<\/p>\n<p>La Mostra es&hellip;  <a href=\"https:\/\/agora.xtec.cat\/escolatorrelameu\/general\/projeccio-de-dir-adeu-a-la-1a-mostra-de-curtmetratges-dalpicat\/\" title=\"Read Projecci\u00f3 de &#8220;Dir ad\u00e9u&#8221; a la 1a Mostra de Curtmetratges d&#8217;Alpicat\">Llegeix m\u00e9s\u00bb<\/a><\/p>\n","protected":false},"author":14,"featured_media":3752,"comment_status":"open","ping_status":"closed","sticky":false,"template":"","format":"standard","meta":{"_bbp_topic_count":0,"_bbp_reply_count":0,"_bbp_total_topic_count":0,"_bbp_total_reply_count":0,"_bbp_voice_count":0,"_bbp_anonymous_reply_count":0,"_bbp_topic_count_hidden":0,"_bbp_reply_count_hidden":0,"_bbp_forum_subforum_count":0,"footnotes":""},"categories":[1],"tags":[],"class_list":["post-3749","post","type-post","status-publish","format-standard","has-post-thumbnail","hentry","category-general"],"post_mailing_queue_ids":[],"_links":{"self":[{"href":"https:\/\/agora.xtec.cat\/escolatorrelameu\/wp-json\/wp\/v2\/posts\/3749","targetHints":{"allow":["GET"]}}],"collection":[{"href":"https:\/\/agora.xtec.cat\/escolatorrelameu\/wp-json\/wp\/v2\/posts"}],"about":[{"href":"https:\/\/agora.xtec.cat\/escolatorrelameu\/wp-json\/wp\/v2\/types\/post"}],"author":[{"embeddable":true,"href":"https:\/\/agora.xtec.cat\/escolatorrelameu\/wp-json\/wp\/v2\/users\/14"}],"replies":[{"embeddable":true,"href":"https:\/\/agora.xtec.cat\/escolatorrelameu\/wp-json\/wp\/v2\/comments?post=3749"}],"version-history":[{"count":4,"href":"https:\/\/agora.xtec.cat\/escolatorrelameu\/wp-json\/wp\/v2\/posts\/3749\/revisions"}],"predecessor-version":[{"id":3754,"href":"https:\/\/agora.xtec.cat\/escolatorrelameu\/wp-json\/wp\/v2\/posts\/3749\/revisions\/3754"}],"wp:featuredmedia":[{"embeddable":true,"href":"https:\/\/agora.xtec.cat\/escolatorrelameu\/wp-json\/wp\/v2\/media\/3752"}],"wp:attachment":[{"href":"https:\/\/agora.xtec.cat\/escolatorrelameu\/wp-json\/wp\/v2\/media?parent=3749"}],"wp:term":[{"taxonomy":"category","embeddable":true,"href":"https:\/\/agora.xtec.cat\/escolatorrelameu\/wp-json\/wp\/v2\/categories?post=3749"},{"taxonomy":"post_tag","embeddable":true,"href":"https:\/\/agora.xtec.cat\/escolatorrelameu\/wp-json\/wp\/v2\/tags?post=3749"}],"curies":[{"name":"wp","href":"https:\/\/api.w.org\/{rel}","templated":true}]}}