{"id":3701,"date":"2025-04-29T17:13:50","date_gmt":"2025-04-29T15:13:50","guid":{"rendered":"https:\/\/agora.xtec.cat\/escolatorrelameu\/?p=3701"},"modified":"2025-04-29T13:24:00","modified_gmt":"2025-04-29T11:24:00","slug":"la-diada-de-sant-jordi-i-la-llegenda","status":"publish","type":"post","link":"https:\/\/agora.xtec.cat\/escolatorrelameu\/general\/la-diada-de-sant-jordi-i-la-llegenda\/","title":{"rendered":"La diada de Sant Jordi i la llegenda"},"content":{"rendered":"<p>Els mites i les llegendes s\u00f3n part de la nostra cultura, ens doten de saber i d&#8217;experi\u00e8ncia, ens aporten maneres de fer, ens justifiquen alguns neguits i inquietuds, ofereixen imaginaci\u00f3&#8230;<\/p>\n<p>Amb Grans hem treballat amb la llegenda de Sant Jordi. Hem triat una versi\u00f3 i n&#8217;hem fet una lectura, modificant petites coses. Assignant els personatges vam haver de consensuar. La memoritzaci\u00f3 del paper va suposar esfor\u00e7 i const\u00e0ncia. La creaci\u00f3 de l&#8217;atrezzo va activar les idees i la creativitat per fer-ho viable.<\/p>\n<p><img loading=\"lazy\" decoding=\"async\" class=\"aligncenter size-full wp-image-3710\" src=\"https:\/\/agora.xtec.cat\/escolatorrelameu\/wp-content\/uploads\/usu2232\/2025\/04\/Teatre.jpg\" alt=\"\" width=\"2000\" height=\"1600\" srcset=\"https:\/\/agora.xtec.cat\/escolatorrelameu\/wp-content\/uploads\/usu2232\/2025\/04\/Teatre.jpg 2000w, https:\/\/agora.xtec.cat\/escolatorrelameu\/wp-content\/uploads\/usu2232\/2025\/04\/Teatre-300x240.jpg 300w, https:\/\/agora.xtec.cat\/escolatorrelameu\/wp-content\/uploads\/usu2232\/2025\/04\/Teatre-1024x819.jpg 1024w, https:\/\/agora.xtec.cat\/escolatorrelameu\/wp-content\/uploads\/usu2232\/2025\/04\/Teatre-768x614.jpg 768w, https:\/\/agora.xtec.cat\/escolatorrelameu\/wp-content\/uploads\/usu2232\/2025\/04\/Teatre-1536x1229.jpg 1536w\" sizes=\"auto, (max-width: 2000px) 100vw, 2000px\" \/><\/p>\n<p>Tot plegat un proc\u00e9s compartit entre tots i totes, amb un resultat ben divertit. Els espectadors van estar agra\u00efts i els hi va agradar molt.<\/p>\n","protected":false},"excerpt":{"rendered":"<p>Els mites i les llegendes s\u00f3n part de la nostra cultura, ens doten de saber i d&#8217;experi\u00e8ncia, ens aporten maneres de fer, ens justifiquen alguns neguits i inquietuds, ofereixen imaginaci\u00f3&#8230;<br \/>\nAmb Grans hem treballat amb la llegenda de Sant Jordi. Hem triat una versi\u00f3 i n&#8217;hem&hellip;  <a href=\"https:\/\/agora.xtec.cat\/escolatorrelameu\/general\/la-diada-de-sant-jordi-i-la-llegenda\/\" title=\"Read La diada de Sant Jordi i la llegenda\">Llegeix m\u00e9s\u00bb<\/a><\/p>\n","protected":false},"author":14,"featured_media":3708,"comment_status":"open","ping_status":"closed","sticky":false,"template":"","format":"standard","meta":{"_bbp_topic_count":0,"_bbp_reply_count":0,"_bbp_total_topic_count":0,"_bbp_total_reply_count":0,"_bbp_voice_count":0,"_bbp_anonymous_reply_count":0,"_bbp_topic_count_hidden":0,"_bbp_reply_count_hidden":0,"_bbp_forum_subforum_count":0,"footnotes":""},"categories":[1],"tags":[],"class_list":["post-3701","post","type-post","status-publish","format-standard","has-post-thumbnail","hentry","category-general"],"post_mailing_queue_ids":[],"_links":{"self":[{"href":"https:\/\/agora.xtec.cat\/escolatorrelameu\/wp-json\/wp\/v2\/posts\/3701","targetHints":{"allow":["GET"]}}],"collection":[{"href":"https:\/\/agora.xtec.cat\/escolatorrelameu\/wp-json\/wp\/v2\/posts"}],"about":[{"href":"https:\/\/agora.xtec.cat\/escolatorrelameu\/wp-json\/wp\/v2\/types\/post"}],"author":[{"embeddable":true,"href":"https:\/\/agora.xtec.cat\/escolatorrelameu\/wp-json\/wp\/v2\/users\/14"}],"replies":[{"embeddable":true,"href":"https:\/\/agora.xtec.cat\/escolatorrelameu\/wp-json\/wp\/v2\/comments?post=3701"}],"version-history":[{"count":2,"href":"https:\/\/agora.xtec.cat\/escolatorrelameu\/wp-json\/wp\/v2\/posts\/3701\/revisions"}],"predecessor-version":[{"id":3715,"href":"https:\/\/agora.xtec.cat\/escolatorrelameu\/wp-json\/wp\/v2\/posts\/3701\/revisions\/3715"}],"wp:featuredmedia":[{"embeddable":true,"href":"https:\/\/agora.xtec.cat\/escolatorrelameu\/wp-json\/wp\/v2\/media\/3708"}],"wp:attachment":[{"href":"https:\/\/agora.xtec.cat\/escolatorrelameu\/wp-json\/wp\/v2\/media?parent=3701"}],"wp:term":[{"taxonomy":"category","embeddable":true,"href":"https:\/\/agora.xtec.cat\/escolatorrelameu\/wp-json\/wp\/v2\/categories?post=3701"},{"taxonomy":"post_tag","embeddable":true,"href":"https:\/\/agora.xtec.cat\/escolatorrelameu\/wp-json\/wp\/v2\/tags?post=3701"}],"curies":[{"name":"wp","href":"https:\/\/api.w.org\/{rel}","templated":true}]}}