{"id":3699,"date":"2025-04-29T17:09:39","date_gmt":"2025-04-29T15:09:39","guid":{"rendered":"https:\/\/agora.xtec.cat\/escolatorrelameu\/?p=3699"},"modified":"2025-04-29T13:26:35","modified_gmt":"2025-04-29T11:26:35","slug":"la-diada-de-sant-jordi-i-lectura-amb-lligams","status":"publish","type":"post","link":"https:\/\/agora.xtec.cat\/escolatorrelameu\/general\/la-diada-de-sant-jordi-i-lectura-amb-lligams\/","title":{"rendered":"La diada de Sant Jordi i lectura amb lligams"},"content":{"rendered":"<p style=\"text-align: justify;\"><strong>Sant Jordi \u00e9s un dia de celebraci\u00f3.<\/strong><\/p>\n<p><strong><span style=\"color: #ff0000;\">Celebrem que som catalans.<\/span><\/strong><\/p>\n<p><strong><span style=\"color: #ff0000;\">Celebrem la lectura i la cultura.<\/span><\/strong><\/p>\n<p><strong><span style=\"color: #ff0000;\">Celebrem els carrers.<\/span><\/strong><\/p>\n<p><strong><span style=\"color: #ff0000;\">Celebrem la retrobada, les paraules i els somriures.<\/span><\/strong><\/p>\n<p><strong><span style=\"color: #ff0000;\">Celebrem la primavera i el bon temps.<\/span><\/strong><\/p>\n<p><strong><span style=\"color: #ff0000;\">Celebrem l&#8217;afecte i l&#8217;amor.<\/span><\/strong><\/p>\n<p><strong><span style=\"color: #ff0000;\">Celebrem la pertinen\u00e7a i la cohesi\u00f3.<\/span><\/strong><\/p>\n<p>A l&#8217;escola, hem comen\u00e7at el dia amb la lectura amb lligams. Si hi hagu\u00e9ssim de posar una paraula en aquest moment, seria CONNEXI\u00d3, perqu\u00e8 es veu una uni\u00f3 entre ells, tan els Petits com els Grans es mostren contents d&#8217;aquestes estones compartides.<\/p>\n<p><img loading=\"lazy\" decoding=\"async\" class=\"aligncenter size-full wp-image-3714\" src=\"https:\/\/agora.xtec.cat\/escolatorrelameu\/wp-content\/uploads\/usu2232\/2025\/04\/Lligams.jpg\" alt=\"\" width=\"2000\" height=\"1600\" srcset=\"https:\/\/agora.xtec.cat\/escolatorrelameu\/wp-content\/uploads\/usu2232\/2025\/04\/Lligams.jpg 2000w, https:\/\/agora.xtec.cat\/escolatorrelameu\/wp-content\/uploads\/usu2232\/2025\/04\/Lligams-300x240.jpg 300w, https:\/\/agora.xtec.cat\/escolatorrelameu\/wp-content\/uploads\/usu2232\/2025\/04\/Lligams-1024x819.jpg 1024w, https:\/\/agora.xtec.cat\/escolatorrelameu\/wp-content\/uploads\/usu2232\/2025\/04\/Lligams-768x614.jpg 768w, https:\/\/agora.xtec.cat\/escolatorrelameu\/wp-content\/uploads\/usu2232\/2025\/04\/Lligams-1536x1229.jpg 1536w\" sizes=\"auto, (max-width: 2000px) 100vw, 2000px\" \/><\/p>\n","protected":false},"excerpt":{"rendered":"<p>Sant Jordi \u00e9s un dia de celebraci\u00f3.<br \/>\nCelebrem que som catalans.<br \/>\nCelebrem la lectura i la cultura.<br \/>\nCelebrem els carrers.<br \/>\nCelebrem la retrobada, les paraules i els somriures.<br \/>\nCelebrem la primavera i el bon temps.<br \/>\nCelebrem l&#8217;afecte i l&#8217;amor.<br \/>\nCelebrem la pertinen\u00e7a i la cohesi\u00f3.<br \/>\nA l&#8217;escola, hem comen\u00e7at el dia amb la&hellip;  <a href=\"https:\/\/agora.xtec.cat\/escolatorrelameu\/general\/la-diada-de-sant-jordi-i-lectura-amb-lligams\/\" title=\"Read La diada de Sant Jordi i lectura amb lligams\">Llegeix m\u00e9s\u00bb<\/a><\/p>\n","protected":false},"author":14,"featured_media":3709,"comment_status":"open","ping_status":"closed","sticky":false,"template":"","format":"standard","meta":{"_bbp_topic_count":0,"_bbp_reply_count":0,"_bbp_total_topic_count":0,"_bbp_total_reply_count":0,"_bbp_voice_count":0,"_bbp_anonymous_reply_count":0,"_bbp_topic_count_hidden":0,"_bbp_reply_count_hidden":0,"_bbp_forum_subforum_count":0,"footnotes":""},"categories":[1],"tags":[],"class_list":["post-3699","post","type-post","status-publish","format-standard","has-post-thumbnail","hentry","category-general"],"post_mailing_queue_ids":[],"_links":{"self":[{"href":"https:\/\/agora.xtec.cat\/escolatorrelameu\/wp-json\/wp\/v2\/posts\/3699","targetHints":{"allow":["GET"]}}],"collection":[{"href":"https:\/\/agora.xtec.cat\/escolatorrelameu\/wp-json\/wp\/v2\/posts"}],"about":[{"href":"https:\/\/agora.xtec.cat\/escolatorrelameu\/wp-json\/wp\/v2\/types\/post"}],"author":[{"embeddable":true,"href":"https:\/\/agora.xtec.cat\/escolatorrelameu\/wp-json\/wp\/v2\/users\/14"}],"replies":[{"embeddable":true,"href":"https:\/\/agora.xtec.cat\/escolatorrelameu\/wp-json\/wp\/v2\/comments?post=3699"}],"version-history":[{"count":2,"href":"https:\/\/agora.xtec.cat\/escolatorrelameu\/wp-json\/wp\/v2\/posts\/3699\/revisions"}],"predecessor-version":[{"id":3717,"href":"https:\/\/agora.xtec.cat\/escolatorrelameu\/wp-json\/wp\/v2\/posts\/3699\/revisions\/3717"}],"wp:featuredmedia":[{"embeddable":true,"href":"https:\/\/agora.xtec.cat\/escolatorrelameu\/wp-json\/wp\/v2\/media\/3709"}],"wp:attachment":[{"href":"https:\/\/agora.xtec.cat\/escolatorrelameu\/wp-json\/wp\/v2\/media?parent=3699"}],"wp:term":[{"taxonomy":"category","embeddable":true,"href":"https:\/\/agora.xtec.cat\/escolatorrelameu\/wp-json\/wp\/v2\/categories?post=3699"},{"taxonomy":"post_tag","embeddable":true,"href":"https:\/\/agora.xtec.cat\/escolatorrelameu\/wp-json\/wp\/v2\/tags?post=3699"}],"curies":[{"name":"wp","href":"https:\/\/api.w.org\/{rel}","templated":true}]}}