{"id":3653,"date":"2025-04-17T09:05:08","date_gmt":"2025-04-17T07:05:08","guid":{"rendered":"https:\/\/agora.xtec.cat\/escolatorrelameu\/?p=3653"},"modified":"2025-04-17T02:08:49","modified_gmt":"2025-04-17T00:08:49","slug":"ens-fem-el-sopar","status":"publish","type":"post","link":"https:\/\/agora.xtec.cat\/escolatorrelameu\/general\/ens-fem-el-sopar\/","title":{"rendered":"Ens fem el sopar!"},"content":{"rendered":"<p>Dijous al mat\u00ed, nom\u00e9s arribar a l&#8217;escola, ja comencem a preparar el sopar.<\/p>\n<p>Els Grans s\u00f3n el encarregats d&#8217;arrebossar i fregir el pollastre, com tamb\u00e9 de fer les versions vegetarianes del sopar. Primer passen la carn per l&#8217;ou batut i el pa ratllat i despr\u00e9s cap a la paella.<\/p>\n<p><img loading=\"lazy\" decoding=\"async\" class=\"aligncenter size-full wp-image-3646\" src=\"https:\/\/agora.xtec.cat\/escolatorrelameu\/wp-content\/uploads\/usu2232\/2025\/04\/carn.jpg\" alt=\"\" width=\"1233\" height=\"472\" srcset=\"https:\/\/agora.xtec.cat\/escolatorrelameu\/wp-content\/uploads\/usu2232\/2025\/04\/carn.jpg 1233w, https:\/\/agora.xtec.cat\/escolatorrelameu\/wp-content\/uploads\/usu2232\/2025\/04\/carn-300x115.jpg 300w, https:\/\/agora.xtec.cat\/escolatorrelameu\/wp-content\/uploads\/usu2232\/2025\/04\/carn-1024x392.jpg 1024w, https:\/\/agora.xtec.cat\/escolatorrelameu\/wp-content\/uploads\/usu2232\/2025\/04\/carn-768x294.jpg 768w\" sizes=\"auto, (max-width: 1233px) 100vw, 1233px\" \/><\/p>\n<p>Els Petits s\u00f3n els responsables de preparar el munt de maduixes que s&#8217;havien de tallar!<\/p>\n<p><img loading=\"lazy\" decoding=\"async\" class=\"aligncenter size-full wp-image-3647\" src=\"https:\/\/agora.xtec.cat\/escolatorrelameu\/wp-content\/uploads\/usu2232\/2025\/04\/maduixes.jpg\" alt=\"\" width=\"664\" height=\"796\" srcset=\"https:\/\/agora.xtec.cat\/escolatorrelameu\/wp-content\/uploads\/usu2232\/2025\/04\/maduixes.jpg 664w, https:\/\/agora.xtec.cat\/escolatorrelameu\/wp-content\/uploads\/usu2232\/2025\/04\/maduixes-250x300.jpg 250w\" sizes=\"auto, (max-width: 664px) 100vw, 664px\" \/>Quan vam arribar de Penelles, mentre uns posaven les m\u00e0rfegues i els sacs de dormir a les aules, els Mitjans preparaven l&#8217;amanida i els Creixents paraven la taula. Ens vam organitzar tan b\u00e9 que fins i tot vam tenir temps de jugar una mica al pati o parlar amb la S\u00edlvia que ens va venir a veure!<img loading=\"lazy\" decoding=\"async\" class=\"aligncenter size-full wp-image-3657\" src=\"https:\/\/agora.xtec.cat\/escolatorrelameu\/wp-content\/uploads\/usu2232\/2025\/04\/sopar.jpg\" alt=\"\" width=\"1253\" height=\"1054\" srcset=\"https:\/\/agora.xtec.cat\/escolatorrelameu\/wp-content\/uploads\/usu2232\/2025\/04\/sopar.jpg 1253w, https:\/\/agora.xtec.cat\/escolatorrelameu\/wp-content\/uploads\/usu2232\/2025\/04\/sopar-300x252.jpg 300w, https:\/\/agora.xtec.cat\/escolatorrelameu\/wp-content\/uploads\/usu2232\/2025\/04\/sopar-1024x861.jpg 1024w, https:\/\/agora.xtec.cat\/escolatorrelameu\/wp-content\/uploads\/usu2232\/2025\/04\/sopar-768x646.jpg 768w\" sizes=\"auto, (max-width: 1253px) 100vw, 1253px\" \/><\/p>\n<p>&nbsp;<\/p>\n","protected":false},"excerpt":{"rendered":"<p>Dijous al mat\u00ed, nom\u00e9s arribar a l&#8217;escola, ja comencem a preparar el sopar.<br \/>\nEls Grans s\u00f3n el encarregats d&#8217;arrebossar i fregir el pollastre, com tamb\u00e9 de fer les versions vegetarianes del sopar. Primer passen la carn per l&#8217;ou batut i el pa ratllat i despr\u00e9s cap&hellip;  <a href=\"https:\/\/agora.xtec.cat\/escolatorrelameu\/general\/ens-fem-el-sopar\/\" title=\"Read Ens fem el sopar!\">Llegeix m\u00e9s\u00bb<\/a><\/p>\n","protected":false},"author":14,"featured_media":3656,"comment_status":"open","ping_status":"closed","sticky":false,"template":"","format":"standard","meta":{"_bbp_topic_count":0,"_bbp_reply_count":0,"_bbp_total_topic_count":0,"_bbp_total_reply_count":0,"_bbp_voice_count":0,"_bbp_anonymous_reply_count":0,"_bbp_topic_count_hidden":0,"_bbp_reply_count_hidden":0,"_bbp_forum_subforum_count":0,"footnotes":""},"categories":[1],"tags":[],"class_list":["post-3653","post","type-post","status-publish","format-standard","has-post-thumbnail","hentry","category-general"],"post_mailing_queue_ids":[],"_links":{"self":[{"href":"https:\/\/agora.xtec.cat\/escolatorrelameu\/wp-json\/wp\/v2\/posts\/3653","targetHints":{"allow":["GET"]}}],"collection":[{"href":"https:\/\/agora.xtec.cat\/escolatorrelameu\/wp-json\/wp\/v2\/posts"}],"about":[{"href":"https:\/\/agora.xtec.cat\/escolatorrelameu\/wp-json\/wp\/v2\/types\/post"}],"author":[{"embeddable":true,"href":"https:\/\/agora.xtec.cat\/escolatorrelameu\/wp-json\/wp\/v2\/users\/14"}],"replies":[{"embeddable":true,"href":"https:\/\/agora.xtec.cat\/escolatorrelameu\/wp-json\/wp\/v2\/comments?post=3653"}],"version-history":[{"count":4,"href":"https:\/\/agora.xtec.cat\/escolatorrelameu\/wp-json\/wp\/v2\/posts\/3653\/revisions"}],"predecessor-version":[{"id":3659,"href":"https:\/\/agora.xtec.cat\/escolatorrelameu\/wp-json\/wp\/v2\/posts\/3653\/revisions\/3659"}],"wp:featuredmedia":[{"embeddable":true,"href":"https:\/\/agora.xtec.cat\/escolatorrelameu\/wp-json\/wp\/v2\/media\/3656"}],"wp:attachment":[{"href":"https:\/\/agora.xtec.cat\/escolatorrelameu\/wp-json\/wp\/v2\/media?parent=3653"}],"wp:term":[{"taxonomy":"category","embeddable":true,"href":"https:\/\/agora.xtec.cat\/escolatorrelameu\/wp-json\/wp\/v2\/categories?post=3653"},{"taxonomy":"post_tag","embeddable":true,"href":"https:\/\/agora.xtec.cat\/escolatorrelameu\/wp-json\/wp\/v2\/tags?post=3653"}],"curies":[{"name":"wp","href":"https:\/\/api.w.org\/{rel}","templated":true}]}}