{"id":3629,"date":"2025-03-29T09:54:22","date_gmt":"2025-03-29T08:54:22","guid":{"rendered":"https:\/\/agora.xtec.cat\/escolatorrelameu\/?p=3629"},"modified":"2025-03-29T09:54:22","modified_gmt":"2025-03-29T08:54:22","slug":"fantasmes-de-guerra","status":"publish","type":"post","link":"https:\/\/agora.xtec.cat\/escolatorrelameu\/general\/fantasmes-de-guerra\/","title":{"rendered":"Fantasmes de guerra"},"content":{"rendered":"<p style=\"text-align: justify;\">Qu\u00e8 \u00e9s un proc\u00e9s creatiu d&#8217;una obra de teatre? Aix\u00ed comen\u00e7\u00e0vem a parlar del que anir\u00edem a veure aquest divendres, i ho ten\u00edem clar\u00edssim &#8220;\u00e9s quelcom que no est\u00e0 acabat&#8221;, &#8220;volen fer proves i saber com funcionen les llums, el so&#8230;&#8221;.<\/p>\n<p style=\"text-align: justify;\">El Jordi ens ha donat l&#8217;oportunitat d&#8217;assistir en un assaig obert del proc\u00e9s creatiu de l&#8217;obra Fantasmes de Guerra de la Companyia de Comediants de la Baldufa que porten fent teatre m\u00e9s de vint-i-cinc anys.<\/p>\n<p style=\"text-align: justify;\">A l&#8217;arribar al teatre d&#8217;Alpicat, el Jordi ens ha fet una visita r\u00e0pida per les bambolines i hem pogut veure les cametes i els elements de darrera el tel\u00f3.<\/p>\n<p style=\"text-align: justify;\"><img loading=\"lazy\" decoding=\"async\" class=\"aligncenter size-full wp-image-3631\" src=\"https:\/\/agora.xtec.cat\/escolatorrelameu\/wp-content\/uploads\/usu2232\/2025\/03\/Disseny-sense-titol-4.jpg\" alt=\"\" width=\"2000\" height=\"1600\" srcset=\"https:\/\/agora.xtec.cat\/escolatorrelameu\/wp-content\/uploads\/usu2232\/2025\/03\/Disseny-sense-titol-4.jpg 2000w, https:\/\/agora.xtec.cat\/escolatorrelameu\/wp-content\/uploads\/usu2232\/2025\/03\/Disseny-sense-titol-4-300x240.jpg 300w, https:\/\/agora.xtec.cat\/escolatorrelameu\/wp-content\/uploads\/usu2232\/2025\/03\/Disseny-sense-titol-4-1024x819.jpg 1024w, https:\/\/agora.xtec.cat\/escolatorrelameu\/wp-content\/uploads\/usu2232\/2025\/03\/Disseny-sense-titol-4-768x614.jpg 768w, https:\/\/agora.xtec.cat\/escolatorrelameu\/wp-content\/uploads\/usu2232\/2025\/03\/Disseny-sense-titol-4-1536x1229.jpg 1536w\" sizes=\"auto, (max-width: 2000px) 100vw, 2000px\" \/><\/p>\n<p style=\"text-align: justify;\">Despr\u00e9s, juntament amb els companys de l&#8217;escola i de l&#8217;institut d&#8217;Alpicat, hem pogut sentir les paraules de preparaci\u00f3 de l&#8217;Emiliano (un dels components de la Baldufa) i la Luc\u00eda (la directora).<\/p>\n<p style=\"text-align: justify;\"><img loading=\"lazy\" decoding=\"async\" class=\"aligncenter size-full wp-image-3632\" src=\"https:\/\/agora.xtec.cat\/escolatorrelameu\/wp-content\/uploads\/usu2232\/2025\/03\/IMG_6978.jpg\" alt=\"\" width=\"800\" height=\"600\" srcset=\"https:\/\/agora.xtec.cat\/escolatorrelameu\/wp-content\/uploads\/usu2232\/2025\/03\/IMG_6978.jpg 800w, https:\/\/agora.xtec.cat\/escolatorrelameu\/wp-content\/uploads\/usu2232\/2025\/03\/IMG_6978-300x225.jpg 300w, https:\/\/agora.xtec.cat\/escolatorrelameu\/wp-content\/uploads\/usu2232\/2025\/03\/IMG_6978-768x576.jpg 768w, https:\/\/agora.xtec.cat\/escolatorrelameu\/wp-content\/uploads\/usu2232\/2025\/03\/IMG_6978-200x150.jpg 200w\" sizes=\"auto, (max-width: 800px) 100vw, 800px\" \/><\/p>\n<p style=\"text-align: justify;\">I de cop, des de darrera, un timbal i un acordi\u00f3 venien tocant la can\u00e7\u00f3 d&#8217;En Napole\u00f3&#8230; Aix\u00ed hem entrat en un escenari que narrava la hist\u00f2ria de tres amics que es fan grans i que han d&#8217;anar a la guerra. La trama passa des del moment que s\u00f3n petits i juguen al carrer fins al moment de despr\u00e9s de la mort, representats amb tres fantasmes.<\/p>\n<p style=\"text-align: justify;\">Despr\u00e9s hem fet una mica de conversa, per\u00f2 la feina ens quedava per la tarda, fer el retorn per escrit i enviar-ho al correu electr\u00f2nic.<\/p>\n<p style=\"text-align: justify;\"><img loading=\"lazy\" decoding=\"async\" class=\"aligncenter size-full wp-image-3633\" src=\"https:\/\/agora.xtec.cat\/escolatorrelameu\/wp-content\/uploads\/usu2232\/2025\/03\/IMG_6986.jpg\" alt=\"\" width=\"563\" height=\"584\" srcset=\"https:\/\/agora.xtec.cat\/escolatorrelameu\/wp-content\/uploads\/usu2232\/2025\/03\/IMG_6986.jpg 563w, https:\/\/agora.xtec.cat\/escolatorrelameu\/wp-content\/uploads\/usu2232\/2025\/03\/IMG_6986-289x300.jpg 289w\" sizes=\"auto, (max-width: 563px) 100vw, 563px\" \/><\/p>\n<p style=\"text-align: justify;\">Per l&#8217;escola, tan pels adults com pels infants, \u00e9s un esdeveniment for\u00e7a especial. Volem donar les gr\u00e0cies a les persones que han pensat que nosaltres pod\u00edem ser-hi, al Jordi i tamb\u00e9 als de la Baldufa, i pod\u00edem aportar la nostra veu expressant sentiments, all\u00f2 que ens ha agradat i all\u00f2 que canviar\u00edem.<\/p>\n","protected":false},"excerpt":{"rendered":"<p>Qu\u00e8 \u00e9s un proc\u00e9s creatiu d&#8217;una obra de teatre? Aix\u00ed comen\u00e7\u00e0vem a parlar del que anir\u00edem a veure aquest divendres, i ho ten\u00edem clar\u00edssim &#8220;\u00e9s quelcom que no est\u00e0 acabat&#8221;, &#8220;volen fer proves i saber com funcionen les llums, el so&#8230;&#8221;.<br \/>\nEl Jordi ens ha donat&hellip;  <a href=\"https:\/\/agora.xtec.cat\/escolatorrelameu\/general\/fantasmes-de-guerra\/\" title=\"Read Fantasmes de guerra\">Llegeix m\u00e9s\u00bb<\/a><\/p>\n","protected":false},"author":14,"featured_media":3633,"comment_status":"open","ping_status":"closed","sticky":false,"template":"","format":"standard","meta":{"_bbp_topic_count":0,"_bbp_reply_count":0,"_bbp_total_topic_count":0,"_bbp_total_reply_count":0,"_bbp_voice_count":0,"_bbp_anonymous_reply_count":0,"_bbp_topic_count_hidden":0,"_bbp_reply_count_hidden":0,"_bbp_forum_subforum_count":0,"footnotes":""},"categories":[1],"tags":[],"class_list":["post-3629","post","type-post","status-publish","format-standard","has-post-thumbnail","hentry","category-general"],"post_mailing_queue_ids":[],"_links":{"self":[{"href":"https:\/\/agora.xtec.cat\/escolatorrelameu\/wp-json\/wp\/v2\/posts\/3629","targetHints":{"allow":["GET"]}}],"collection":[{"href":"https:\/\/agora.xtec.cat\/escolatorrelameu\/wp-json\/wp\/v2\/posts"}],"about":[{"href":"https:\/\/agora.xtec.cat\/escolatorrelameu\/wp-json\/wp\/v2\/types\/post"}],"author":[{"embeddable":true,"href":"https:\/\/agora.xtec.cat\/escolatorrelameu\/wp-json\/wp\/v2\/users\/14"}],"replies":[{"embeddable":true,"href":"https:\/\/agora.xtec.cat\/escolatorrelameu\/wp-json\/wp\/v2\/comments?post=3629"}],"version-history":[{"count":3,"href":"https:\/\/agora.xtec.cat\/escolatorrelameu\/wp-json\/wp\/v2\/posts\/3629\/revisions"}],"predecessor-version":[{"id":3635,"href":"https:\/\/agora.xtec.cat\/escolatorrelameu\/wp-json\/wp\/v2\/posts\/3629\/revisions\/3635"}],"wp:featuredmedia":[{"embeddable":true,"href":"https:\/\/agora.xtec.cat\/escolatorrelameu\/wp-json\/wp\/v2\/media\/3633"}],"wp:attachment":[{"href":"https:\/\/agora.xtec.cat\/escolatorrelameu\/wp-json\/wp\/v2\/media?parent=3629"}],"wp:term":[{"taxonomy":"category","embeddable":true,"href":"https:\/\/agora.xtec.cat\/escolatorrelameu\/wp-json\/wp\/v2\/categories?post=3629"},{"taxonomy":"post_tag","embeddable":true,"href":"https:\/\/agora.xtec.cat\/escolatorrelameu\/wp-json\/wp\/v2\/tags?post=3629"}],"curies":[{"name":"wp","href":"https:\/\/api.w.org\/{rel}","templated":true}]}}