{"id":3606,"date":"2025-03-21T12:26:24","date_gmt":"2025-03-21T11:26:24","guid":{"rendered":"https:\/\/agora.xtec.cat\/escolatorrelameu\/?p=3606"},"modified":"2025-03-21T12:26:24","modified_gmt":"2025-03-21T11:26:24","slug":"torrelameu-es-petit-pero-hi-ha-molt-per-descobrir","status":"publish","type":"post","link":"https:\/\/agora.xtec.cat\/escolatorrelameu\/general\/torrelameu-es-petit-pero-hi-ha-molt-per-descobrir\/","title":{"rendered":"Torrelameu \u00e9s petit per\u00f2 hi ha molt per descobrir"},"content":{"rendered":"<p>El grup de creixents est\u00e0 fent un projecte sobre Torrelameu i amb aquesta proposta pretenem aprofundir en el coneixement del poble i en el refor\u00e7 del sentiment de pertinen\u00e7a. A partir de recorreguts pel poble i pels voltants descobrim els elements caracter\u00edstics que conformen el poble, els documentem i els analitzem per comprendre el seu valor i inter\u00e8s.<\/p>\n<p>Per ara, hem situat Torrelameu al mapa, hem entrevistat l&#8217;alcalde i la secret\u00e0ria de l&#8217;ajuntament, hem fotografiat espais i llocs coneguts i altres que no coneix\u00edem, hem visitat c\u00e0meres de fruita, el CREBA i la Unitat Quir\u00fargica Docent.<\/p>\n<p><img loading=\"lazy\" decoding=\"async\" class=\"aligncenter size-full wp-image-3607\" src=\"https:\/\/agora.xtec.cat\/escolatorrelameu\/wp-content\/uploads\/usu2232\/2025\/03\/fotos-canva.png\" alt=\"\" width=\"928\" height=\"1313\" srcset=\"https:\/\/agora.xtec.cat\/escolatorrelameu\/wp-content\/uploads\/usu2232\/2025\/03\/fotos-canva.png 928w, https:\/\/agora.xtec.cat\/escolatorrelameu\/wp-content\/uploads\/usu2232\/2025\/03\/fotos-canva-212x300.png 212w, https:\/\/agora.xtec.cat\/escolatorrelameu\/wp-content\/uploads\/usu2232\/2025\/03\/fotos-canva-724x1024.png 724w, https:\/\/agora.xtec.cat\/escolatorrelameu\/wp-content\/uploads\/usu2232\/2025\/03\/fotos-canva-768x1087.png 768w\" sizes=\"auto, (max-width: 928px) 100vw, 928px\" \/><\/p>\n<p><img loading=\"lazy\" decoding=\"async\" class=\"aligncenter size-full wp-image-3608\" src=\"https:\/\/agora.xtec.cat\/escolatorrelameu\/wp-content\/uploads\/usu2232\/2025\/03\/Copia-de-fotos-poble2.png\" alt=\"\" width=\"928\" height=\"1313\" srcset=\"https:\/\/agora.xtec.cat\/escolatorrelameu\/wp-content\/uploads\/usu2232\/2025\/03\/Copia-de-fotos-poble2.png 928w, https:\/\/agora.xtec.cat\/escolatorrelameu\/wp-content\/uploads\/usu2232\/2025\/03\/Copia-de-fotos-poble2-212x300.png 212w, https:\/\/agora.xtec.cat\/escolatorrelameu\/wp-content\/uploads\/usu2232\/2025\/03\/Copia-de-fotos-poble2-724x1024.png 724w, https:\/\/agora.xtec.cat\/escolatorrelameu\/wp-content\/uploads\/usu2232\/2025\/03\/Copia-de-fotos-poble2-768x1087.png 768w\" sizes=\"auto, (max-width: 928px) 100vw, 928px\" \/><\/p>\n<p>Con\u00e8ixer i saber el significat dels s\u00edmbols de l&#8217;escut de Torrelameu ens ha servit per fer una mica d&#8217;hist\u00f2ria i per crear l&#8217;escut de l&#8217;aula.<\/p>\n<p><img loading=\"lazy\" decoding=\"async\" class=\"wp-image-3614 alignleft\" src=\"https:\/\/agora.xtec.cat\/escolatorrelameu\/wp-content\/uploads\/usu2232\/2025\/03\/escuts.jpg\" alt=\"\" width=\"886\" height=\"620\" srcset=\"https:\/\/agora.xtec.cat\/escolatorrelameu\/wp-content\/uploads\/usu2232\/2025\/03\/escuts.jpg 1750w, https:\/\/agora.xtec.cat\/escolatorrelameu\/wp-content\/uploads\/usu2232\/2025\/03\/escuts-300x210.jpg 300w, https:\/\/agora.xtec.cat\/escolatorrelameu\/wp-content\/uploads\/usu2232\/2025\/03\/escuts-1024x717.jpg 1024w, https:\/\/agora.xtec.cat\/escolatorrelameu\/wp-content\/uploads\/usu2232\/2025\/03\/escuts-768x538.jpg 768w, https:\/\/agora.xtec.cat\/escolatorrelameu\/wp-content\/uploads\/usu2232\/2025\/03\/escuts-1536x1075.jpg 1536w\" sizes=\"auto, (max-width: 886px) 100vw, 886px\" \/><\/p>\n<p>&nbsp;<\/p>\n<p>&nbsp;<\/p>\n<p>&nbsp;<\/p>\n<p>&nbsp;<\/p>\n<p>&nbsp;<\/p>\n<p>&nbsp;<\/p>\n<p>&nbsp;<\/p>\n<p>&nbsp;<\/p>\n<p>&nbsp;<\/p>\n<p>&nbsp;<\/p>\n<p>&nbsp;<\/p>\n<p>&nbsp;<\/p>\n<p>&nbsp;<\/p>\n<p>&nbsp;<\/p>\n<p>&nbsp;<\/p>\n<p>Encara queda molt per fer,\u00a0 trobar dues &#8220;nories&#8221; m\u00e9s, entrevistar el segler del poble o classificar els elements fotografiats.<\/p>\n<p>&nbsp;<\/p>\n","protected":false},"excerpt":{"rendered":"<p>El grup de creixents est\u00e0 fent un projecte sobre Torrelameu i amb aquesta proposta pretenem aprofundir en el coneixement del poble i en el refor\u00e7 del sentiment de pertinen\u00e7a. A partir de recorreguts pel poble i pels voltants descobrim els elements caracter\u00edstics que conformen el&hellip;  <a href=\"https:\/\/agora.xtec.cat\/escolatorrelameu\/general\/torrelameu-es-petit-pero-hi-ha-molt-per-descobrir\/\" title=\"Read Torrelameu \u00e9s petit per\u00f2 hi ha molt per descobrir\">Llegeix m\u00e9s\u00bb<\/a><\/p>\n","protected":false},"author":14,"featured_media":3587,"comment_status":"open","ping_status":"closed","sticky":false,"template":"","format":"standard","meta":{"_bbp_topic_count":0,"_bbp_reply_count":0,"_bbp_total_topic_count":0,"_bbp_total_reply_count":0,"_bbp_voice_count":0,"_bbp_anonymous_reply_count":0,"_bbp_topic_count_hidden":0,"_bbp_reply_count_hidden":0,"_bbp_forum_subforum_count":0,"footnotes":""},"categories":[1],"tags":[],"class_list":["post-3606","post","type-post","status-publish","format-standard","has-post-thumbnail","hentry","category-general"],"post_mailing_queue_ids":[],"_links":{"self":[{"href":"https:\/\/agora.xtec.cat\/escolatorrelameu\/wp-json\/wp\/v2\/posts\/3606","targetHints":{"allow":["GET"]}}],"collection":[{"href":"https:\/\/agora.xtec.cat\/escolatorrelameu\/wp-json\/wp\/v2\/posts"}],"about":[{"href":"https:\/\/agora.xtec.cat\/escolatorrelameu\/wp-json\/wp\/v2\/types\/post"}],"author":[{"embeddable":true,"href":"https:\/\/agora.xtec.cat\/escolatorrelameu\/wp-json\/wp\/v2\/users\/14"}],"replies":[{"embeddable":true,"href":"https:\/\/agora.xtec.cat\/escolatorrelameu\/wp-json\/wp\/v2\/comments?post=3606"}],"version-history":[{"count":4,"href":"https:\/\/agora.xtec.cat\/escolatorrelameu\/wp-json\/wp\/v2\/posts\/3606\/revisions"}],"predecessor-version":[{"id":3616,"href":"https:\/\/agora.xtec.cat\/escolatorrelameu\/wp-json\/wp\/v2\/posts\/3606\/revisions\/3616"}],"wp:featuredmedia":[{"embeddable":true,"href":"https:\/\/agora.xtec.cat\/escolatorrelameu\/wp-json\/wp\/v2\/media\/3587"}],"wp:attachment":[{"href":"https:\/\/agora.xtec.cat\/escolatorrelameu\/wp-json\/wp\/v2\/media?parent=3606"}],"wp:term":[{"taxonomy":"category","embeddable":true,"href":"https:\/\/agora.xtec.cat\/escolatorrelameu\/wp-json\/wp\/v2\/categories?post=3606"},{"taxonomy":"post_tag","embeddable":true,"href":"https:\/\/agora.xtec.cat\/escolatorrelameu\/wp-json\/wp\/v2\/tags?post=3606"}],"curies":[{"name":"wp","href":"https:\/\/api.w.org\/{rel}","templated":true}]}}