{"id":3567,"date":"2025-03-10T09:25:46","date_gmt":"2025-03-10T08:25:46","guid":{"rendered":"https:\/\/agora.xtec.cat\/escolatorrelameu\/?p=3567"},"modified":"2025-03-29T09:55:33","modified_gmt":"2025-03-29T08:55:33","slug":"projeccio-a-la-mercantil","status":"publish","type":"post","link":"https:\/\/agora.xtec.cat\/escolatorrelameu\/general\/projeccio-a-la-mercantil\/","title":{"rendered":"Projecci\u00f3 a la Mercantil"},"content":{"rendered":"<p style=\"text-align: justify;\">El dijous, 6 de mar\u00e7 varem anar a Balaguer, a la sala de la Mercantil. \u00c9s el segon any que ens obren les portes per poder acollir una projecci\u00f3 des de Cinema en curs. Hem iniciat el treball amb la Laia Colell, reflexionant sobre els inicis del cinema. Hem parlat dels Germans Lumiere, dels cinemat\u00f2graf i de les primeres pel\u00b7l\u00edcules que es van rodar. Ens va explicar que els espectadors de les primeres pel\u00b7l\u00edcules projectades, van quedar molt impressionats i que fins i tot van sortir corrents al veure com apareixia un tren i venia cap a la pantalla&#8230; Creien que sortiria de darrera la pantalla.<\/p>\n<p style=\"text-align: justify;\">Les cinc primeres pel\u00b7l\u00edcules van ser ben curtes, per\u00f2 molt interessants des del nostre punt de vista cinematogr\u00e0fic, eren aquests primers documents gravats pels Germans Lumiere, amb cinemat\u00f2graf i amb 16 fotogrames per segon.<\/p>\n<p style=\"text-align: justify;\">Amb &#8220;Irudi mintzatuen hiztegi poetikoa&#8221; amb basc i subtitulada amb castell\u00e0, vam descobrir petites expressions basques que donen mem\u00f2ria a una situaci\u00f3 i que s\u00f3n expressions molt locals que s&#8217;estan perdent. Els cineastes amb aquesta projecci\u00f3 donen valor i ho documenten per a que no es perdi. Anaven acompanyades amb imatges molt po\u00e8tiques i suggeridores.<\/p>\n<p style=\"text-align: justify;\">I amb la darrera pel.licula &#8220;Petit Lumiere&#8221; vam poder sentir for\u00e7a coses: neguit, curiositat, alerta, simpatia&#8230; Les imatges eren molt triades i sovint et transportaven a llocs que no imaginaves.<\/p>\n<p style=\"text-align: justify;\"><img loading=\"lazy\" decoding=\"async\" class=\"size-full wp-image-3570\" src=\"https:\/\/agora.xtec.cat\/escolatorrelameu\/wp-content\/uploads\/usu2232\/2025\/03\/IMG20250306111748_01.jpg\" alt=\"\" width=\"755\" height=\"560\" srcset=\"https:\/\/agora.xtec.cat\/escolatorrelameu\/wp-content\/uploads\/usu2232\/2025\/03\/IMG20250306111748_01.jpg 755w, https:\/\/agora.xtec.cat\/escolatorrelameu\/wp-content\/uploads\/usu2232\/2025\/03\/IMG20250306111748_01-300x223.jpg 300w\" sizes=\"auto, (max-width: 755px) 100vw, 755px\" \/><\/p>\n<p style=\"text-align: justify;\">De la conversa i dels petits escrits que se n&#8217;han fet, s&#8217;han dit coses tan interessants com:<\/p>\n<p style=\"text-align: justify;\">A nivell general: &#8220;<em>Jo m&#8217;ho he passat molt b\u00e9 a l&#8217;hora de comentar i mirar les pel\u00b7l\u00edcules&#8221;, &#8220;la concentraci\u00f3 i la reflexi\u00f3 van ser xules&#8221;. &#8220;Ha estat tot molt ben preparat<\/em>&#8220;. Alg\u00fa altre ha afegit &#8220;Va ser una experi\u00e8ncia molt bonica&#8221;.<\/p>\n<p style=\"text-align: justify;\">Concretant amb la pel\u00b7l\u00edcula de Petit Lumiere. &#8220;<em>La que m\u00e9s m&#8217;ha agradat \u00e9s la de Petit Lumiere&#8221;, &#8220;sobretot les preguntes que es feia la nena petita&#8221;, &#8220;jo abans tamb\u00e9 em preguntava aquestes coses&#8221;, &#8220;em va sorprendre com hi havia dues persones barallant-se, i un intentava separar-los; per\u00f2 passaven adults per la vora i no els hi deien res&#8221;, &#8220;quan pegaven a la nena em vaig posar tensa, s\u00f3n imatges dures&#8221;.\u00a0<\/em><\/p>\n<p style=\"text-align: justify;\">Rememorant els inicis amb els Lumiere, hi ha hagut qui ha comentat: &#8220;<em>De les pel\u00b7l\u00edcules dels Germans Lumiere, m&#8217;ha impressionat que els vehicles semblava que sortissin de la pantalla<\/em>&#8220;.<\/p>\n<p style=\"text-align: justify;\">Transportant-nos al nord de la pen\u00ednsula amb els cineastes bascos, en diem: &#8220;<em>De la pel\u00b7l\u00edcula Irudi mintzatuen hiztegi poetikoa m&#8217;ha agradat sobretot el primer pla&#8221;, &#8220;en aquesta pel\u00b7l\u00edcula he sentit la sensaci\u00f3 de gana, perqu\u00e8 apareixia una dona menjant una poma<\/em>&#8220;.<\/p>\n<p style=\"text-align: justify;\">Tot plegat, gr\u00e0cies a la Laia Colell per crear aquest debat i reflexi\u00f3 i compartir aquests documents tan valuosos per la hist\u00f2ria del cinema i tamb\u00e9 per inspirar-nos amb la nostra pel\u00b7l\u00edcula. I gr\u00e0cies a la Mercantil, i especialment a la Simila, per permetre&#8217;ns un espai per poder projectar les pel\u00b7l\u00edcules i la bona acollida que ens han fet.<\/p>\n<p><img loading=\"lazy\" decoding=\"async\" class=\"size-full wp-image-3569\" src=\"https:\/\/agora.xtec.cat\/escolatorrelameu\/wp-content\/uploads\/usu2232\/2025\/03\/IMG20250306111346_01-scaled-e1741424997360.jpg\" alt=\"\" width=\"1920\" height=\"1288\" srcset=\"https:\/\/agora.xtec.cat\/escolatorrelameu\/wp-content\/uploads\/usu2232\/2025\/03\/IMG20250306111346_01-scaled-e1741424997360.jpg 1920w, https:\/\/agora.xtec.cat\/escolatorrelameu\/wp-content\/uploads\/usu2232\/2025\/03\/IMG20250306111346_01-scaled-e1741424997360-300x201.jpg 300w, https:\/\/agora.xtec.cat\/escolatorrelameu\/wp-content\/uploads\/usu2232\/2025\/03\/IMG20250306111346_01-scaled-e1741424997360-1024x687.jpg 1024w, https:\/\/agora.xtec.cat\/escolatorrelameu\/wp-content\/uploads\/usu2232\/2025\/03\/IMG20250306111346_01-scaled-e1741424997360-768x515.jpg 768w, https:\/\/agora.xtec.cat\/escolatorrelameu\/wp-content\/uploads\/usu2232\/2025\/03\/IMG20250306111346_01-scaled-e1741424997360-1536x1030.jpg 1536w\" sizes=\"auto, (max-width: 1920px) 100vw, 1920px\" \/><\/p>\n","protected":false},"excerpt":{"rendered":"<p>El dijous, 6 de mar\u00e7 varem anar a Balaguer, a la sala de la Mercantil. \u00c9s el segon any que ens obren les portes per poder acollir una projecci\u00f3 des de Cinema en curs. Hem iniciat el treball amb la Laia Colell, reflexionant sobre els&hellip;  <a href=\"https:\/\/agora.xtec.cat\/escolatorrelameu\/general\/projeccio-a-la-mercantil\/\" title=\"Read Projecci\u00f3 a la Mercantil\">Llegeix m\u00e9s\u00bb<\/a><\/p>\n","protected":false},"author":14,"featured_media":3570,"comment_status":"open","ping_status":"closed","sticky":false,"template":"","format":"standard","meta":{"_bbp_topic_count":0,"_bbp_reply_count":0,"_bbp_total_topic_count":0,"_bbp_total_reply_count":0,"_bbp_voice_count":0,"_bbp_anonymous_reply_count":0,"_bbp_topic_count_hidden":0,"_bbp_reply_count_hidden":0,"_bbp_forum_subforum_count":0,"footnotes":""},"categories":[1],"tags":[],"class_list":["post-3567","post","type-post","status-publish","format-standard","has-post-thumbnail","hentry","category-general"],"post_mailing_queue_ids":[],"_links":{"self":[{"href":"https:\/\/agora.xtec.cat\/escolatorrelameu\/wp-json\/wp\/v2\/posts\/3567","targetHints":{"allow":["GET"]}}],"collection":[{"href":"https:\/\/agora.xtec.cat\/escolatorrelameu\/wp-json\/wp\/v2\/posts"}],"about":[{"href":"https:\/\/agora.xtec.cat\/escolatorrelameu\/wp-json\/wp\/v2\/types\/post"}],"author":[{"embeddable":true,"href":"https:\/\/agora.xtec.cat\/escolatorrelameu\/wp-json\/wp\/v2\/users\/14"}],"replies":[{"embeddable":true,"href":"https:\/\/agora.xtec.cat\/escolatorrelameu\/wp-json\/wp\/v2\/comments?post=3567"}],"version-history":[{"count":2,"href":"https:\/\/agora.xtec.cat\/escolatorrelameu\/wp-json\/wp\/v2\/posts\/3567\/revisions"}],"predecessor-version":[{"id":3571,"href":"https:\/\/agora.xtec.cat\/escolatorrelameu\/wp-json\/wp\/v2\/posts\/3567\/revisions\/3571"}],"wp:featuredmedia":[{"embeddable":true,"href":"https:\/\/agora.xtec.cat\/escolatorrelameu\/wp-json\/wp\/v2\/media\/3570"}],"wp:attachment":[{"href":"https:\/\/agora.xtec.cat\/escolatorrelameu\/wp-json\/wp\/v2\/media?parent=3567"}],"wp:term":[{"taxonomy":"category","embeddable":true,"href":"https:\/\/agora.xtec.cat\/escolatorrelameu\/wp-json\/wp\/v2\/categories?post=3567"},{"taxonomy":"post_tag","embeddable":true,"href":"https:\/\/agora.xtec.cat\/escolatorrelameu\/wp-json\/wp\/v2\/tags?post=3567"}],"curies":[{"name":"wp","href":"https:\/\/api.w.org\/{rel}","templated":true}]}}