{"id":3565,"date":"2025-02-20T16:00:15","date_gmt":"2025-02-20T15:00:15","guid":{"rendered":"https:\/\/agora.xtec.cat\/escolatorrelameu\/?p=3565"},"modified":"2025-03-08T16:20:18","modified_gmt":"2025-03-08T15:20:18","slug":"tercera-assemblea-de-curs","status":"publish","type":"post","link":"https:\/\/agora.xtec.cat\/escolatorrelameu\/general\/tercera-assemblea-de-curs\/","title":{"rendered":"Tercera assemblea de curs"},"content":{"rendered":"<p><img loading=\"lazy\" decoding=\"async\" class=\"aligncenter size-full wp-image-3573\" src=\"https:\/\/agora.xtec.cat\/escolatorrelameu\/wp-content\/uploads\/usu2232\/2025\/03\/Collage-3a-assemblea.jpg\" alt=\"\" width=\"2000\" height=\"1000\" srcset=\"https:\/\/agora.xtec.cat\/escolatorrelameu\/wp-content\/uploads\/usu2232\/2025\/03\/Collage-3a-assemblea.jpg 2000w, https:\/\/agora.xtec.cat\/escolatorrelameu\/wp-content\/uploads\/usu2232\/2025\/03\/Collage-3a-assemblea-300x150.jpg 300w, https:\/\/agora.xtec.cat\/escolatorrelameu\/wp-content\/uploads\/usu2232\/2025\/03\/Collage-3a-assemblea-1024x512.jpg 1024w, https:\/\/agora.xtec.cat\/escolatorrelameu\/wp-content\/uploads\/usu2232\/2025\/03\/Collage-3a-assemblea-768x384.jpg 768w, https:\/\/agora.xtec.cat\/escolatorrelameu\/wp-content\/uploads\/usu2232\/2025\/03\/Collage-3a-assemblea-1536x768.jpg 1536w\" sizes=\"auto, (max-width: 2000px) 100vw, 2000px\" \/><\/p>\n<p>La tercera assemblea del curs la v\u00e0rem fer el 18 de febrer.<\/p>\n<p>Els Grans van exposar els percentatges de paper llen\u00e7ats durant aquest per\u00edode i van fer propostes de millora per reduir les quantitats. Tamb\u00e9 van presentar els comptes de la fruita i van fer el percentatge de la quantitat de diners que s&#8217;havia gastat per fer receptes.<\/p>\n<p>Despr\u00e9s es van parlar d&#8217;aspectes de funcionament i de conviv\u00e8ncia d&#8217;escola i per finalitzar es va parlar de la Ludoteca i el seu funcionament.<\/p>\n<p>Una bona sessi\u00f3 tancada puntualment i amb for\u00e7a acords presos.<\/p>\n","protected":false},"excerpt":{"rendered":"<p>La tercera assemblea del curs la v\u00e0rem fer el 18 de febrer.<br \/>\nEls Grans van exposar els percentatges de paper llen\u00e7ats durant aquest per\u00edode i van fer propostes de millora per reduir les quantitats. Tamb\u00e9 van presentar els comptes de la fruita i van fer el&hellip;  <a href=\"https:\/\/agora.xtec.cat\/escolatorrelameu\/general\/tercera-assemblea-de-curs\/\" title=\"Read Tercera assemblea de curs\">Llegeix m\u00e9s\u00bb<\/a><\/p>\n","protected":false},"author":14,"featured_media":3574,"comment_status":"open","ping_status":"closed","sticky":false,"template":"","format":"standard","meta":{"_bbp_topic_count":0,"_bbp_reply_count":0,"_bbp_total_topic_count":0,"_bbp_total_reply_count":0,"_bbp_voice_count":0,"_bbp_anonymous_reply_count":0,"_bbp_topic_count_hidden":0,"_bbp_reply_count_hidden":0,"_bbp_forum_subforum_count":0,"footnotes":""},"categories":[1],"tags":[],"class_list":["post-3565","post","type-post","status-publish","format-standard","has-post-thumbnail","hentry","category-general"],"post_mailing_queue_ids":[],"_links":{"self":[{"href":"https:\/\/agora.xtec.cat\/escolatorrelameu\/wp-json\/wp\/v2\/posts\/3565","targetHints":{"allow":["GET"]}}],"collection":[{"href":"https:\/\/agora.xtec.cat\/escolatorrelameu\/wp-json\/wp\/v2\/posts"}],"about":[{"href":"https:\/\/agora.xtec.cat\/escolatorrelameu\/wp-json\/wp\/v2\/types\/post"}],"author":[{"embeddable":true,"href":"https:\/\/agora.xtec.cat\/escolatorrelameu\/wp-json\/wp\/v2\/users\/14"}],"replies":[{"embeddable":true,"href":"https:\/\/agora.xtec.cat\/escolatorrelameu\/wp-json\/wp\/v2\/comments?post=3565"}],"version-history":[{"count":2,"href":"https:\/\/agora.xtec.cat\/escolatorrelameu\/wp-json\/wp\/v2\/posts\/3565\/revisions"}],"predecessor-version":[{"id":3575,"href":"https:\/\/agora.xtec.cat\/escolatorrelameu\/wp-json\/wp\/v2\/posts\/3565\/revisions\/3575"}],"wp:featuredmedia":[{"embeddable":true,"href":"https:\/\/agora.xtec.cat\/escolatorrelameu\/wp-json\/wp\/v2\/media\/3574"}],"wp:attachment":[{"href":"https:\/\/agora.xtec.cat\/escolatorrelameu\/wp-json\/wp\/v2\/media?parent=3565"}],"wp:term":[{"taxonomy":"category","embeddable":true,"href":"https:\/\/agora.xtec.cat\/escolatorrelameu\/wp-json\/wp\/v2\/categories?post=3565"},{"taxonomy":"post_tag","embeddable":true,"href":"https:\/\/agora.xtec.cat\/escolatorrelameu\/wp-json\/wp\/v2\/tags?post=3565"}],"curies":[{"name":"wp","href":"https:\/\/api.w.org\/{rel}","templated":true}]}}