{"id":3562,"date":"2025-03-08T15:20:50","date_gmt":"2025-03-08T14:20:50","guid":{"rendered":"https:\/\/agora.xtec.cat\/escolatorrelameu\/?p=3562"},"modified":"2025-03-08T15:20:50","modified_gmt":"2025-03-08T14:20:50","slug":"trobada-esportiva-de-grans","status":"publish","type":"post","link":"https:\/\/agora.xtec.cat\/escolatorrelameu\/general\/trobada-esportiva-de-grans\/","title":{"rendered":"Trobada esportiva de Grans"},"content":{"rendered":"<p style=\"text-align: justify;\">El dimarts dia 4 de mar\u00e7 v\u00e0rem anar a Balaguer a fer la trobada esportiva.<\/p>\n<p style=\"text-align: justify;\">\u00c9s un dia de compartir i d&#8217;esport, es coneix gent nova i s&#8217;amplien horitzons.<\/p>\n<p style=\"text-align: justify;\">Els organitzadors s\u00f3n els mestres d&#8217;educaci\u00f3 f\u00edsica de les diferents escoles i ZER&#8217;s que hi participen, fan un gran esfor\u00e7 en organitzar, orientar i acompanyar tan a mestres com a alumnes per tal que tothom tingui el seu lloc i sapigui on ha d&#8217;estar a cada moment.<\/p>\n<p><img loading=\"lazy\" decoding=\"async\" class=\"aligncenter size-full wp-image-3563\" src=\"https:\/\/agora.xtec.cat\/escolatorrelameu\/wp-content\/uploads\/usu2232\/2025\/03\/IMG-20250304-WA0014-e1741422997298.jpg\" alt=\"\" width=\"2048\" height=\"952\" srcset=\"https:\/\/agora.xtec.cat\/escolatorrelameu\/wp-content\/uploads\/usu2232\/2025\/03\/IMG-20250304-WA0014-e1741422997298.jpg 2048w, https:\/\/agora.xtec.cat\/escolatorrelameu\/wp-content\/uploads\/usu2232\/2025\/03\/IMG-20250304-WA0014-e1741422997298-300x139.jpg 300w, https:\/\/agora.xtec.cat\/escolatorrelameu\/wp-content\/uploads\/usu2232\/2025\/03\/IMG-20250304-WA0014-e1741422997298-1024x476.jpg 1024w, https:\/\/agora.xtec.cat\/escolatorrelameu\/wp-content\/uploads\/usu2232\/2025\/03\/IMG-20250304-WA0014-e1741422997298-768x357.jpg 768w, https:\/\/agora.xtec.cat\/escolatorrelameu\/wp-content\/uploads\/usu2232\/2025\/03\/IMG-20250304-WA0014-e1741422997298-1536x714.jpg 1536w\" sizes=\"auto, (max-width: 2048px) 100vw, 2048px\" \/><\/p>\n","protected":false},"excerpt":{"rendered":"<p>El dimarts dia 4 de mar\u00e7 v\u00e0rem anar a Balaguer a fer la trobada esportiva.<br \/>\n\u00c9s un dia de compartir i d&#8217;esport, es coneix gent nova i s&#8217;amplien horitzons.<br \/>\nEls organitzadors s\u00f3n els mestres d&#8217;educaci\u00f3 f\u00edsica de les diferents escoles i ZER&#8217;s que hi participen, fan un&hellip;  <a href=\"https:\/\/agora.xtec.cat\/escolatorrelameu\/general\/trobada-esportiva-de-grans\/\" title=\"Read Trobada esportiva de Grans\">Llegeix m\u00e9s\u00bb<\/a><\/p>\n","protected":false},"author":14,"featured_media":3563,"comment_status":"open","ping_status":"closed","sticky":false,"template":"","format":"standard","meta":{"_bbp_topic_count":0,"_bbp_reply_count":0,"_bbp_total_topic_count":0,"_bbp_total_reply_count":0,"_bbp_voice_count":0,"_bbp_anonymous_reply_count":0,"_bbp_topic_count_hidden":0,"_bbp_reply_count_hidden":0,"_bbp_forum_subforum_count":0,"footnotes":""},"categories":[1],"tags":[],"class_list":["post-3562","post","type-post","status-publish","format-standard","has-post-thumbnail","hentry","category-general"],"post_mailing_queue_ids":[],"_links":{"self":[{"href":"https:\/\/agora.xtec.cat\/escolatorrelameu\/wp-json\/wp\/v2\/posts\/3562","targetHints":{"allow":["GET"]}}],"collection":[{"href":"https:\/\/agora.xtec.cat\/escolatorrelameu\/wp-json\/wp\/v2\/posts"}],"about":[{"href":"https:\/\/agora.xtec.cat\/escolatorrelameu\/wp-json\/wp\/v2\/types\/post"}],"author":[{"embeddable":true,"href":"https:\/\/agora.xtec.cat\/escolatorrelameu\/wp-json\/wp\/v2\/users\/14"}],"replies":[{"embeddable":true,"href":"https:\/\/agora.xtec.cat\/escolatorrelameu\/wp-json\/wp\/v2\/comments?post=3562"}],"version-history":[{"count":2,"href":"https:\/\/agora.xtec.cat\/escolatorrelameu\/wp-json\/wp\/v2\/posts\/3562\/revisions"}],"predecessor-version":[{"id":3572,"href":"https:\/\/agora.xtec.cat\/escolatorrelameu\/wp-json\/wp\/v2\/posts\/3562\/revisions\/3572"}],"wp:featuredmedia":[{"embeddable":true,"href":"https:\/\/agora.xtec.cat\/escolatorrelameu\/wp-json\/wp\/v2\/media\/3563"}],"wp:attachment":[{"href":"https:\/\/agora.xtec.cat\/escolatorrelameu\/wp-json\/wp\/v2\/media?parent=3562"}],"wp:term":[{"taxonomy":"category","embeddable":true,"href":"https:\/\/agora.xtec.cat\/escolatorrelameu\/wp-json\/wp\/v2\/categories?post=3562"},{"taxonomy":"post_tag","embeddable":true,"href":"https:\/\/agora.xtec.cat\/escolatorrelameu\/wp-json\/wp\/v2\/tags?post=3562"}],"curies":[{"name":"wp","href":"https:\/\/api.w.org\/{rel}","templated":true}]}}