{"id":3548,"date":"2025-03-10T17:53:03","date_gmt":"2025-03-10T16:53:03","guid":{"rendered":"https:\/\/agora.xtec.cat\/escolatorrelameu\/?p=3548"},"modified":"2025-03-11T11:39:26","modified_gmt":"2025-03-11T10:39:26","slug":"analisi-i-construccio-de-frases","status":"publish","type":"post","link":"https:\/\/agora.xtec.cat\/escolatorrelameu\/general\/analisi-i-construccio-de-frases\/","title":{"rendered":"An\u00e0lisi i construcci\u00f3 de frases"},"content":{"rendered":"<p style=\"text-align: justify;\">Cada cop m\u00e9s, sentim que la llengua catalana est\u00e0 en crisi&#8230; \u00c9s ben cert que els catalans no ens estimem gaire la nostra llengua i amb el pretext que el m\u00e9s important \u00e9s la comunicaci\u00f3 permetem que se&#8217;ns adrecin en castell\u00e0 com qui es canvia de camisa. El respecte cap a les nostres tradicions i or\u00edgens cada vegada \u00e9s m\u00e9s dif\u00f3s i les noves tecnologies no ajuden a crear sentiment de pertinen\u00e7a, sin\u00f3 que m\u00e9s aviat defensen el pensament \u00fanic i la globalitzaci\u00f3.<\/p>\n<p style=\"text-align: justify;\">Sovint parlem que la llengua nom\u00e9s ens t\u00e9 a nosaltres, a les persones que dia a dia parlem, reflexionem i pensem amb catal\u00e0. Les pel\u00b7l\u00edcules, les can\u00e7ons, les s\u00e8ries, els tuits, les hist\u00f2ries, els estats de les xarxes socials cada vegada tendeixen m\u00e9s a fer-ho en castell\u00e0 per arribar a m\u00e9s gent, i aix\u00ed, \u00e9s un peix que es mossega la cua.<\/p>\n<p style=\"text-align: justify;\">La nostra feina no nom\u00e9s \u00e9s parlar catal\u00e0, sin\u00f3 tamb\u00e9 fer-ho correctament, sense faltes d&#8217;ortografia i amb concordan\u00e7a. L&#8217;aprenentatge de la llengua tamb\u00e9 passa per la seva an\u00e0lisi. La sintaxi \u00e9s una disciplina de la gram\u00e0tica que ens ajuda a fer l&#8217;an\u00e0lisi de les paraules i la seva disposici\u00f3 per a expressar significats, aix\u00ed \u00e9s una eina per ajudar-nos a posar significat a les nostres paraules.<\/p>\n<p style=\"text-align: justify;\">Amb el material d&#8217;an\u00e0lisi i construcci\u00f3 de frases pretenem millorar les compet\u00e8ncies ling\u00fc\u00edstiques i entendre com funciona la llengua.<\/p>\n<p><img loading=\"lazy\" decoding=\"async\" class=\"aligncenter size-full wp-image-3576\" src=\"https:\/\/agora.xtec.cat\/escolatorrelameu\/wp-content\/uploads\/usu2232\/2025\/03\/Collage-construccio-i-analisi-de-frases.jpg\" alt=\"\" width=\"2000\" height=\"1000\" srcset=\"https:\/\/agora.xtec.cat\/escolatorrelameu\/wp-content\/uploads\/usu2232\/2025\/03\/Collage-construccio-i-analisi-de-frases.jpg 2000w, https:\/\/agora.xtec.cat\/escolatorrelameu\/wp-content\/uploads\/usu2232\/2025\/03\/Collage-construccio-i-analisi-de-frases-300x150.jpg 300w, https:\/\/agora.xtec.cat\/escolatorrelameu\/wp-content\/uploads\/usu2232\/2025\/03\/Collage-construccio-i-analisi-de-frases-1024x512.jpg 1024w, https:\/\/agora.xtec.cat\/escolatorrelameu\/wp-content\/uploads\/usu2232\/2025\/03\/Collage-construccio-i-analisi-de-frases-768x384.jpg 768w, https:\/\/agora.xtec.cat\/escolatorrelameu\/wp-content\/uploads\/usu2232\/2025\/03\/Collage-construccio-i-analisi-de-frases-1536x768.jpg 1536w\" sizes=\"auto, (max-width: 2000px) 100vw, 2000px\" \/><\/p>\n","protected":false},"excerpt":{"rendered":"<p>Cada cop m\u00e9s, sentim que la llengua catalana est\u00e0 en crisi&#8230; \u00c9s ben cert que els catalans no ens estimem gaire la nostra llengua i amb el pretext que el m\u00e9s important \u00e9s la comunicaci\u00f3 permetem que se&#8217;ns adrecin en castell\u00e0 com qui es canvia&hellip;  <a href=\"https:\/\/agora.xtec.cat\/escolatorrelameu\/general\/analisi-i-construccio-de-frases\/\" title=\"Read An\u00e0lisi i construcci\u00f3 de frases\">Llegeix m\u00e9s\u00bb<\/a><\/p>\n","protected":false},"author":14,"featured_media":3577,"comment_status":"open","ping_status":"closed","sticky":false,"template":"","format":"standard","meta":{"_bbp_topic_count":0,"_bbp_reply_count":0,"_bbp_total_topic_count":0,"_bbp_total_reply_count":0,"_bbp_voice_count":0,"_bbp_anonymous_reply_count":0,"_bbp_topic_count_hidden":0,"_bbp_reply_count_hidden":0,"_bbp_forum_subforum_count":0,"footnotes":""},"categories":[1],"tags":[],"class_list":["post-3548","post","type-post","status-publish","format-standard","has-post-thumbnail","hentry","category-general"],"post_mailing_queue_ids":[],"_links":{"self":[{"href":"https:\/\/agora.xtec.cat\/escolatorrelameu\/wp-json\/wp\/v2\/posts\/3548","targetHints":{"allow":["GET"]}}],"collection":[{"href":"https:\/\/agora.xtec.cat\/escolatorrelameu\/wp-json\/wp\/v2\/posts"}],"about":[{"href":"https:\/\/agora.xtec.cat\/escolatorrelameu\/wp-json\/wp\/v2\/types\/post"}],"author":[{"embeddable":true,"href":"https:\/\/agora.xtec.cat\/escolatorrelameu\/wp-json\/wp\/v2\/users\/14"}],"replies":[{"embeddable":true,"href":"https:\/\/agora.xtec.cat\/escolatorrelameu\/wp-json\/wp\/v2\/comments?post=3548"}],"version-history":[{"count":6,"href":"https:\/\/agora.xtec.cat\/escolatorrelameu\/wp-json\/wp\/v2\/posts\/3548\/revisions"}],"predecessor-version":[{"id":3583,"href":"https:\/\/agora.xtec.cat\/escolatorrelameu\/wp-json\/wp\/v2\/posts\/3548\/revisions\/3583"}],"wp:featuredmedia":[{"embeddable":true,"href":"https:\/\/agora.xtec.cat\/escolatorrelameu\/wp-json\/wp\/v2\/media\/3577"}],"wp:attachment":[{"href":"https:\/\/agora.xtec.cat\/escolatorrelameu\/wp-json\/wp\/v2\/media?parent=3548"}],"wp:term":[{"taxonomy":"category","embeddable":true,"href":"https:\/\/agora.xtec.cat\/escolatorrelameu\/wp-json\/wp\/v2\/categories?post=3548"},{"taxonomy":"post_tag","embeddable":true,"href":"https:\/\/agora.xtec.cat\/escolatorrelameu\/wp-json\/wp\/v2\/tags?post=3548"}],"curies":[{"name":"wp","href":"https:\/\/api.w.org\/{rel}","templated":true}]}}