{"id":3544,"date":"2025-02-09T16:13:58","date_gmt":"2025-02-09T15:13:58","guid":{"rendered":"https:\/\/agora.xtec.cat\/escolatorrelameu\/?p=3544"},"modified":"2025-02-09T16:13:58","modified_gmt":"2025-02-09T15:13:58","slug":"cuina-daprofitament","status":"publish","type":"post","link":"https:\/\/agora.xtec.cat\/escolatorrelameu\/general\/cuina-daprofitament\/","title":{"rendered":"Cuina d&#8217;aprofitament"},"content":{"rendered":"<p style=\"text-align: justify;\">A l&#8217;escola cuinem molt!! Fem receptes des de les aules i cada dia ens preparem l&#8217;esmorzar a base de fruita. A l&#8217;hora de cuinar \u00e9s important valorar all\u00f2 que es llen\u00e7a i no desaprofitar els ingredients. Aprendre a treure el m\u00e0xim partit als aliments \u00e9s una de les bases de la cuina d&#8217;aprofitament. Aquesta tend\u00e8ncia ha anat creixent els darrers anys. La cuina d&#8217;aprofitament consisteix a aprofitar aquells ingredients que no hem utilitzat al preparar una recepta o reutilitzar el menjar que no ens hem pogut acabar.<\/p>\n<p style=\"text-align: justify;\">Val a dir, que a l&#8217;escola, les restes de fruita, verdura i closques d&#8217;ou, tamb\u00e9, van a parar a les gallines que forma part de la seva dieta i potencien uns ous m\u00e9s forts i formosos.<\/p>\n<p style=\"text-align: justify;\">De la fruita que va sobrar el divendres, els Grans n&#8217;han fet una dol\u00e7a melmelada per sucar-hi pa.<\/p>\n<p><img loading=\"lazy\" decoding=\"async\" class=\"aligncenter size-full wp-image-3546\" src=\"https:\/\/agora.xtec.cat\/escolatorrelameu\/wp-content\/uploads\/usu2232\/2025\/02\/IMG20250207115431_01.jpg\" alt=\"\" width=\"500\" height=\"371\" srcset=\"https:\/\/agora.xtec.cat\/escolatorrelameu\/wp-content\/uploads\/usu2232\/2025\/02\/IMG20250207115431_01.jpg 500w, https:\/\/agora.xtec.cat\/escolatorrelameu\/wp-content\/uploads\/usu2232\/2025\/02\/IMG20250207115431_01-300x223.jpg 300w\" sizes=\"auto, (max-width: 500px) 100vw, 500px\" \/><\/p>\n","protected":false},"excerpt":{"rendered":"<p>A l&#8217;escola cuinem molt!! Fem receptes des de les aules i cada dia ens preparem l&#8217;esmorzar a base de fruita. A l&#8217;hora de cuinar \u00e9s important valorar all\u00f2 que es llen\u00e7a i no desaprofitar els ingredients. Aprendre a treure el m\u00e0xim partit als aliments \u00e9s&hellip;  <a href=\"https:\/\/agora.xtec.cat\/escolatorrelameu\/general\/cuina-daprofitament\/\" title=\"Read Cuina d&#8217;aprofitament\">Llegeix m\u00e9s\u00bb<\/a><\/p>\n","protected":false},"author":14,"featured_media":3545,"comment_status":"open","ping_status":"closed","sticky":false,"template":"","format":"standard","meta":{"_bbp_topic_count":0,"_bbp_reply_count":0,"_bbp_total_topic_count":0,"_bbp_total_reply_count":0,"_bbp_voice_count":0,"_bbp_anonymous_reply_count":0,"_bbp_topic_count_hidden":0,"_bbp_reply_count_hidden":0,"_bbp_forum_subforum_count":0,"footnotes":""},"categories":[1],"tags":[],"class_list":["post-3544","post","type-post","status-publish","format-standard","has-post-thumbnail","hentry","category-general"],"post_mailing_queue_ids":[],"_links":{"self":[{"href":"https:\/\/agora.xtec.cat\/escolatorrelameu\/wp-json\/wp\/v2\/posts\/3544","targetHints":{"allow":["GET"]}}],"collection":[{"href":"https:\/\/agora.xtec.cat\/escolatorrelameu\/wp-json\/wp\/v2\/posts"}],"about":[{"href":"https:\/\/agora.xtec.cat\/escolatorrelameu\/wp-json\/wp\/v2\/types\/post"}],"author":[{"embeddable":true,"href":"https:\/\/agora.xtec.cat\/escolatorrelameu\/wp-json\/wp\/v2\/users\/14"}],"replies":[{"embeddable":true,"href":"https:\/\/agora.xtec.cat\/escolatorrelameu\/wp-json\/wp\/v2\/comments?post=3544"}],"version-history":[{"count":1,"href":"https:\/\/agora.xtec.cat\/escolatorrelameu\/wp-json\/wp\/v2\/posts\/3544\/revisions"}],"predecessor-version":[{"id":3547,"href":"https:\/\/agora.xtec.cat\/escolatorrelameu\/wp-json\/wp\/v2\/posts\/3544\/revisions\/3547"}],"wp:featuredmedia":[{"embeddable":true,"href":"https:\/\/agora.xtec.cat\/escolatorrelameu\/wp-json\/wp\/v2\/media\/3545"}],"wp:attachment":[{"href":"https:\/\/agora.xtec.cat\/escolatorrelameu\/wp-json\/wp\/v2\/media?parent=3544"}],"wp:term":[{"taxonomy":"category","embeddable":true,"href":"https:\/\/agora.xtec.cat\/escolatorrelameu\/wp-json\/wp\/v2\/categories?post=3544"},{"taxonomy":"post_tag","embeddable":true,"href":"https:\/\/agora.xtec.cat\/escolatorrelameu\/wp-json\/wp\/v2\/tags?post=3544"}],"curies":[{"name":"wp","href":"https:\/\/api.w.org\/{rel}","templated":true}]}}