{"id":3505,"date":"2024-12-22T18:22:41","date_gmt":"2024-12-22T17:22:41","guid":{"rendered":"https:\/\/agora.xtec.cat\/escolatorrelameu\/?p=3505"},"modified":"2024-12-28T19:30:25","modified_gmt":"2024-12-28T18:30:25","slug":"presentacio-del-film-dir-adeu-a-la-mercantil-de-balaguer","status":"publish","type":"post","link":"https:\/\/agora.xtec.cat\/escolatorrelameu\/general\/presentacio-del-film-dir-adeu-a-la-mercantil-de-balaguer\/","title":{"rendered":"Presentaci\u00f3 del film &#8220;Dir ad\u00e9u&#8221; a la Mercantil de Balaguer"},"content":{"rendered":"<p style=\"text-align: justify;\">Ahir, a la Sala Mercantil de Balaguer i dins dels actes de l&#8217;En Off Film Festival dedicat als curtmetratges, vam presentar el nostre curt del curs 2023-2024, <em>Dir ad\u00e9u<\/em> sota el paraig\u00fces de<span style=\"font-weight: 400;\"> Cinema en curs, un projecte de pedagogia del cinema i amb el cinema a escoles i instituts.\u00a0<\/span><\/p>\n<p><img loading=\"lazy\" decoding=\"async\" class=\"aligncenter size-full wp-image-3507\" src=\"https:\/\/agora.xtec.cat\/escolatorrelameu\/wp-content\/uploads\/usu2232\/2024\/12\/IMG-20241222-WA0001.jpg\" alt=\"\" width=\"1600\" height=\"1200\" srcset=\"https:\/\/agora.xtec.cat\/escolatorrelameu\/wp-content\/uploads\/usu2232\/2024\/12\/IMG-20241222-WA0001.jpg 1600w, https:\/\/agora.xtec.cat\/escolatorrelameu\/wp-content\/uploads\/usu2232\/2024\/12\/IMG-20241222-WA0001-300x225.jpg 300w, https:\/\/agora.xtec.cat\/escolatorrelameu\/wp-content\/uploads\/usu2232\/2024\/12\/IMG-20241222-WA0001-1024x768.jpg 1024w, https:\/\/agora.xtec.cat\/escolatorrelameu\/wp-content\/uploads\/usu2232\/2024\/12\/IMG-20241222-WA0001-768x576.jpg 768w, https:\/\/agora.xtec.cat\/escolatorrelameu\/wp-content\/uploads\/usu2232\/2024\/12\/IMG-20241222-WA0001-1536x1152.jpg 1536w, https:\/\/agora.xtec.cat\/escolatorrelameu\/wp-content\/uploads\/usu2232\/2024\/12\/IMG-20241222-WA0001-200x150.jpg 200w\" sizes=\"auto, (max-width: 1600px) 100vw, 1600px\" \/><\/p>\n<p style=\"text-align: justify;\">Tres dels dotze cineastes, l&#8217;Efren, l&#8217;Aura i la Martina van explicar qu\u00e8 representa aquest projecte per nosaltres i com l&#8217;estem desenvolupant. Deien &#8220;<em><span style=\"font-family: inherit; font-size: 1em;\">aprenem com ens sentim i com podem expressar-ho amb llenguatge cinematogr\u00e0fic; <\/span><span style=\"font-family: inherit; font-size: 1em;\">aprenem a veure pel\u00b7l\u00edcules d\u2019una manera diferent: el so, les imatges, la llum, els paisatges, els retrats\u2026 tot ho veiem des d\u2019una altra perspectiva; t<\/span><span style=\"font-family: inherit; font-size: 1em;\">amb\u00e9 que podem aportar moltes idees, a estar amb silenci, tenir paci\u00e8ncia, que no tot surt a la primera, per\u00f2 amb esfor\u00e7 aconseguim l&#8217;objectiu, a m\u00e9s treballem amb equip; c<\/span><span style=\"font-family: inherit; font-size: 1em;\">oneixem cineastes i analitzem com expressen l\u2019alegria, la tristesa, la r\u00e0bia, l\u2019euf\u00f2ria, el f\u00e0stic, l\u2019angoixa\u2026; i a<\/span><\/em><span style=\"font-family: inherit; font-size: 1em;\"><em>prenem a ser sonoristes, claquetistes, guionistes, actors i actrius, c\u00e0meres, cineastes\u2026 entre altres.&#8221;<\/em><\/span><\/p>\n<p style=\"text-align: justify;\">Van acabar agraint a totes les persones que havien format part del proc\u00e9s: &#8220;<em><span style=\"font-weight: 400;\">Agra\u00efm a A Bao A Qu, a l&#8217;escola de Torrelameu, a la Nely Reguera, la nostra cineasta, a l&#8217;ajuntament de Torrelameu, a la Maria i a les mestres de l\u2019escola, i a totes les persones que ens han ajudat i especialment al Ramon.\u00a0<\/span><\/em><span style=\"font-weight: 400;\"><em>I tamb\u00e9 agra\u00efm a la Mercantil l\u2019oportunitat d\u2019explicar-nos i donar-nos un espai per mostrar el nostre film.<\/em>&#8220;<\/span><\/p>\n<p style=\"text-align: justify;\">Va ser un goig veure la sala tan plena. Per nosaltres era un moment d&#8217;aquells m\u00e0gics i bonics. Present\u00e0vem la culminaci\u00f3 d&#8217;un proc\u00e9s dut a terme a l&#8217;escola, a l&#8217;aula de Grans.<\/p>\n<p style=\"text-align: justify;\">El film va tenir molt bona acollida i ens van felicitar i aplaudir molt.<\/p>\n<p><img loading=\"lazy\" decoding=\"async\" class=\"aligncenter size-full wp-image-3506\" src=\"https:\/\/agora.xtec.cat\/escolatorrelameu\/wp-content\/uploads\/usu2232\/2024\/12\/IMG-20241222-WA0000.jpg\" alt=\"\" width=\"1600\" height=\"1200\" srcset=\"https:\/\/agora.xtec.cat\/escolatorrelameu\/wp-content\/uploads\/usu2232\/2024\/12\/IMG-20241222-WA0000.jpg 1600w, https:\/\/agora.xtec.cat\/escolatorrelameu\/wp-content\/uploads\/usu2232\/2024\/12\/IMG-20241222-WA0000-300x225.jpg 300w, https:\/\/agora.xtec.cat\/escolatorrelameu\/wp-content\/uploads\/usu2232\/2024\/12\/IMG-20241222-WA0000-1024x768.jpg 1024w, https:\/\/agora.xtec.cat\/escolatorrelameu\/wp-content\/uploads\/usu2232\/2024\/12\/IMG-20241222-WA0000-768x576.jpg 768w, https:\/\/agora.xtec.cat\/escolatorrelameu\/wp-content\/uploads\/usu2232\/2024\/12\/IMG-20241222-WA0000-1536x1152.jpg 1536w, https:\/\/agora.xtec.cat\/escolatorrelameu\/wp-content\/uploads\/usu2232\/2024\/12\/IMG-20241222-WA0000-200x150.jpg 200w\" sizes=\"auto, (max-width: 1600px) 100vw, 1600px\" \/><\/p>\n","protected":false},"excerpt":{"rendered":"<p>Ahir, a la Sala Mercantil de Balaguer i dins dels actes de l&#8217;En Off Film Festival dedicat als curtmetratges, vam presentar el nostre curt del curs 2023-2024, Dir ad\u00e9u sota el paraig\u00fces de Cinema en curs, un projecte de pedagogia del cinema i amb el&hellip;  <a href=\"https:\/\/agora.xtec.cat\/escolatorrelameu\/general\/presentacio-del-film-dir-adeu-a-la-mercantil-de-balaguer\/\" title=\"Read Presentaci\u00f3 del film &#8220;Dir ad\u00e9u&#8221; a la Mercantil de Balaguer\">Llegeix m\u00e9s\u00bb<\/a><\/p>\n","protected":false},"author":14,"featured_media":3506,"comment_status":"open","ping_status":"closed","sticky":false,"template":"","format":"standard","meta":{"_bbp_topic_count":0,"_bbp_reply_count":0,"_bbp_total_topic_count":0,"_bbp_total_reply_count":0,"_bbp_voice_count":0,"_bbp_anonymous_reply_count":0,"_bbp_topic_count_hidden":0,"_bbp_reply_count_hidden":0,"_bbp_forum_subforum_count":0,"footnotes":""},"categories":[1],"tags":[],"class_list":["post-3505","post","type-post","status-publish","format-standard","has-post-thumbnail","hentry","category-general"],"post_mailing_queue_ids":[],"_links":{"self":[{"href":"https:\/\/agora.xtec.cat\/escolatorrelameu\/wp-json\/wp\/v2\/posts\/3505","targetHints":{"allow":["GET"]}}],"collection":[{"href":"https:\/\/agora.xtec.cat\/escolatorrelameu\/wp-json\/wp\/v2\/posts"}],"about":[{"href":"https:\/\/agora.xtec.cat\/escolatorrelameu\/wp-json\/wp\/v2\/types\/post"}],"author":[{"embeddable":true,"href":"https:\/\/agora.xtec.cat\/escolatorrelameu\/wp-json\/wp\/v2\/users\/14"}],"replies":[{"embeddable":true,"href":"https:\/\/agora.xtec.cat\/escolatorrelameu\/wp-json\/wp\/v2\/comments?post=3505"}],"version-history":[{"count":4,"href":"https:\/\/agora.xtec.cat\/escolatorrelameu\/wp-json\/wp\/v2\/posts\/3505\/revisions"}],"predecessor-version":[{"id":3511,"href":"https:\/\/agora.xtec.cat\/escolatorrelameu\/wp-json\/wp\/v2\/posts\/3505\/revisions\/3511"}],"wp:featuredmedia":[{"embeddable":true,"href":"https:\/\/agora.xtec.cat\/escolatorrelameu\/wp-json\/wp\/v2\/media\/3506"}],"wp:attachment":[{"href":"https:\/\/agora.xtec.cat\/escolatorrelameu\/wp-json\/wp\/v2\/media?parent=3505"}],"wp:term":[{"taxonomy":"category","embeddable":true,"href":"https:\/\/agora.xtec.cat\/escolatorrelameu\/wp-json\/wp\/v2\/categories?post=3505"},{"taxonomy":"post_tag","embeddable":true,"href":"https:\/\/agora.xtec.cat\/escolatorrelameu\/wp-json\/wp\/v2\/tags?post=3505"}],"curies":[{"name":"wp","href":"https:\/\/api.w.org\/{rel}","templated":true}]}}