{"id":3503,"date":"2024-12-20T08:00:48","date_gmt":"2024-12-20T07:00:48","guid":{"rendered":"https:\/\/agora.xtec.cat\/escolatorrelameu\/?p=3503"},"modified":"2024-12-20T01:41:59","modified_gmt":"2024-12-20T00:41:59","slug":"contes-caminats-2024","status":"publish","type":"post","link":"https:\/\/agora.xtec.cat\/escolatorrelameu\/general\/contes-caminats-2024\/","title":{"rendered":"Contes caminats 2024"},"content":{"rendered":"<p>Caminar un conte \u00e9s una manera diferent de viure una narraci\u00f3. La hist\u00f2ria traspassa les parets de l&#8217;escola, i fent un tomb per diferents espais del poble, podem seguir un relat llegit.<br \/>\nObrir-lo al territori ens permet viure la intemp\u00e8rie d&#8217;una altra manera: m\u00e9s \u00e0mpliament, m\u00e9s naturalment, m\u00e9s vinculada als espais comuns&#8230;<br \/>\nAvui, han passat coses, hem vist el Sol, de sobte s&#8217;ha girat un aire brusc que ha fet volar casetes, el relat no s&#8217;ha sentit tan b\u00e9, han volat fulls de lectura&#8230; Per\u00f2 ha anat b\u00e9. Ha sigut bonic i especial.<\/p>\n<p><img loading=\"lazy\" decoding=\"async\" class=\"aligncenter size-full wp-image-3502\" src=\"https:\/\/agora.xtec.cat\/escolatorrelameu\/wp-content\/uploads\/usu2232\/2024\/12\/1.jpg\" alt=\"\" width=\"997\" height=\"749\" srcset=\"https:\/\/agora.xtec.cat\/escolatorrelameu\/wp-content\/uploads\/usu2232\/2024\/12\/1.jpg 997w, https:\/\/agora.xtec.cat\/escolatorrelameu\/wp-content\/uploads\/usu2232\/2024\/12\/1-300x225.jpg 300w, https:\/\/agora.xtec.cat\/escolatorrelameu\/wp-content\/uploads\/usu2232\/2024\/12\/1-768x577.jpg 768w, https:\/\/agora.xtec.cat\/escolatorrelameu\/wp-content\/uploads\/usu2232\/2024\/12\/1-200x150.jpg 200w\" sizes=\"auto, (max-width: 997px) 100vw, 997px\" \/><\/p>\n<p><img loading=\"lazy\" decoding=\"async\" class=\"aligncenter size-full wp-image-3501\" src=\"https:\/\/agora.xtec.cat\/escolatorrelameu\/wp-content\/uploads\/usu2232\/2024\/12\/2.jpg\" alt=\"\" width=\"1373\" height=\"1342\" srcset=\"https:\/\/agora.xtec.cat\/escolatorrelameu\/wp-content\/uploads\/usu2232\/2024\/12\/2.jpg 1373w, https:\/\/agora.xtec.cat\/escolatorrelameu\/wp-content\/uploads\/usu2232\/2024\/12\/2-300x293.jpg 300w, https:\/\/agora.xtec.cat\/escolatorrelameu\/wp-content\/uploads\/usu2232\/2024\/12\/2-1024x1001.jpg 1024w, https:\/\/agora.xtec.cat\/escolatorrelameu\/wp-content\/uploads\/usu2232\/2024\/12\/2-768x751.jpg 768w\" sizes=\"auto, (max-width: 1373px) 100vw, 1373px\" \/><\/p>\n<p>Hem acabat la trobada amb un desig fet de tra\u00e7os i punts que brillaven&#8230;<img loading=\"lazy\" decoding=\"async\" class=\"aligncenter wp-image-3500 size-full\" src=\"https:\/\/agora.xtec.cat\/escolatorrelameu\/wp-content\/uploads\/usu2232\/2024\/12\/3-e1734655231950.jpg\" alt=\"\" width=\"1357\" height=\"992\" srcset=\"https:\/\/agora.xtec.cat\/escolatorrelameu\/wp-content\/uploads\/usu2232\/2024\/12\/3-e1734655231950.jpg 1357w, https:\/\/agora.xtec.cat\/escolatorrelameu\/wp-content\/uploads\/usu2232\/2024\/12\/3-e1734655231950-300x219.jpg 300w, https:\/\/agora.xtec.cat\/escolatorrelameu\/wp-content\/uploads\/usu2232\/2024\/12\/3-e1734655231950-1024x749.jpg 1024w, https:\/\/agora.xtec.cat\/escolatorrelameu\/wp-content\/uploads\/usu2232\/2024\/12\/3-e1734655231950-768x561.jpg 768w\" sizes=\"auto, (max-width: 1357px) 100vw, 1357px\" \/><\/p>\n<p>Bones festes d&#8217;hivern!!! Gaudiu-les!<\/p>\n","protected":false},"excerpt":{"rendered":"<p>Caminar un conte \u00e9s una manera diferent de viure una narraci\u00f3. La hist\u00f2ria traspassa les parets de l&#8217;escola, i fent un tomb per diferents espais del poble, podem seguir un relat llegit.<br \/>\nObrir-lo al territori ens permet viure la intemp\u00e8rie d&#8217;una altra manera: m\u00e9s \u00e0mpliament, m\u00e9s&hellip;  <a href=\"https:\/\/agora.xtec.cat\/escolatorrelameu\/general\/contes-caminats-2024\/\" title=\"Read Contes caminats 2024\">Llegeix m\u00e9s\u00bb<\/a><\/p>\n","protected":false},"author":14,"featured_media":3499,"comment_status":"open","ping_status":"closed","sticky":false,"template":"","format":"standard","meta":{"_bbp_topic_count":0,"_bbp_reply_count":0,"_bbp_total_topic_count":0,"_bbp_total_reply_count":0,"_bbp_voice_count":0,"_bbp_anonymous_reply_count":0,"_bbp_topic_count_hidden":0,"_bbp_reply_count_hidden":0,"_bbp_forum_subforum_count":0,"footnotes":""},"categories":[1],"tags":[],"class_list":["post-3503","post","type-post","status-publish","format-standard","has-post-thumbnail","hentry","category-general"],"post_mailing_queue_ids":[],"_links":{"self":[{"href":"https:\/\/agora.xtec.cat\/escolatorrelameu\/wp-json\/wp\/v2\/posts\/3503","targetHints":{"allow":["GET"]}}],"collection":[{"href":"https:\/\/agora.xtec.cat\/escolatorrelameu\/wp-json\/wp\/v2\/posts"}],"about":[{"href":"https:\/\/agora.xtec.cat\/escolatorrelameu\/wp-json\/wp\/v2\/types\/post"}],"author":[{"embeddable":true,"href":"https:\/\/agora.xtec.cat\/escolatorrelameu\/wp-json\/wp\/v2\/users\/14"}],"replies":[{"embeddable":true,"href":"https:\/\/agora.xtec.cat\/escolatorrelameu\/wp-json\/wp\/v2\/comments?post=3503"}],"version-history":[{"count":1,"href":"https:\/\/agora.xtec.cat\/escolatorrelameu\/wp-json\/wp\/v2\/posts\/3503\/revisions"}],"predecessor-version":[{"id":3504,"href":"https:\/\/agora.xtec.cat\/escolatorrelameu\/wp-json\/wp\/v2\/posts\/3503\/revisions\/3504"}],"wp:featuredmedia":[{"embeddable":true,"href":"https:\/\/agora.xtec.cat\/escolatorrelameu\/wp-json\/wp\/v2\/media\/3499"}],"wp:attachment":[{"href":"https:\/\/agora.xtec.cat\/escolatorrelameu\/wp-json\/wp\/v2\/media?parent=3503"}],"wp:term":[{"taxonomy":"category","embeddable":true,"href":"https:\/\/agora.xtec.cat\/escolatorrelameu\/wp-json\/wp\/v2\/categories?post=3503"},{"taxonomy":"post_tag","embeddable":true,"href":"https:\/\/agora.xtec.cat\/escolatorrelameu\/wp-json\/wp\/v2\/tags?post=3503"}],"curies":[{"name":"wp","href":"https:\/\/api.w.org\/{rel}","templated":true}]}}