{"id":3444,"date":"2024-11-21T09:52:23","date_gmt":"2024-11-21T08:52:23","guid":{"rendered":"https:\/\/agora.xtec.cat\/escolatorrelameu\/?p=3444"},"modified":"2024-11-21T13:48:34","modified_gmt":"2024-11-21T12:48:34","slug":"cinema-en-curs-4","status":"publish","type":"post","link":"https:\/\/agora.xtec.cat\/escolatorrelameu\/general\/cinema-en-curs-4\/","title":{"rendered":"Cinema en curs"},"content":{"rendered":"<p style=\"text-align: justify;\">Fa uns mesos que estem immersos en el projecte de <a href=\"https:\/\/www.cinemaencurs.org\/\">Cinema en curs<\/a>, aquest any ens acompanya la nostra cineasta <strong>Ingrid Ferrer<\/strong> que ens guiar\u00e0 a fer un taller de correspond\u00e8ncia amb el CEIP a R\u00faa de Cangas do Morrazo.<\/p>\n<p><img loading=\"lazy\" decoding=\"async\" class=\"wp-image-3453 aligncenter\" src=\"https:\/\/agora.xtec.cat\/escolatorrelameu\/wp-content\/uploads\/usu2232\/2024\/11\/241004_trobadacineasta_1_-scaled.jpg\" alt=\"\" width=\"383\" height=\"288\" srcset=\"https:\/\/agora.xtec.cat\/escolatorrelameu\/wp-content\/uploads\/usu2232\/2024\/11\/241004_trobadacineasta_1_-scaled.jpg 2560w, https:\/\/agora.xtec.cat\/escolatorrelameu\/wp-content\/uploads\/usu2232\/2024\/11\/241004_trobadacineasta_1_-300x225.jpg 300w, https:\/\/agora.xtec.cat\/escolatorrelameu\/wp-content\/uploads\/usu2232\/2024\/11\/241004_trobadacineasta_1_-1024x768.jpg 1024w, https:\/\/agora.xtec.cat\/escolatorrelameu\/wp-content\/uploads\/usu2232\/2024\/11\/241004_trobadacineasta_1_-768x576.jpg 768w, https:\/\/agora.xtec.cat\/escolatorrelameu\/wp-content\/uploads\/usu2232\/2024\/11\/241004_trobadacineasta_1_-1536x1152.jpg 1536w, https:\/\/agora.xtec.cat\/escolatorrelameu\/wp-content\/uploads\/usu2232\/2024\/11\/241004_trobadacineasta_1_-2048x1536.jpg 2048w, https:\/\/agora.xtec.cat\/escolatorrelameu\/wp-content\/uploads\/usu2232\/2024\/11\/241004_trobadacineasta_1_-200x150.jpg 200w\" sizes=\"auto, (max-width: 383px) 100vw, 383px\" \/><\/p>\n<p style=\"text-align: justify;\">Ahir, alguns de nosaltres vam viure el nostre primer <b>Gran dia i nit dels Plans del m\u00f3n! <\/b>Va ser molt emocionant veure com arribaven plans de molts llocs de Catalunya, Euskadi, Galicia, Navarra, Comunitat Valenciana, Soria, Le\u00f3n, Illes Balears, Madrid, per\u00f2 tamb\u00e9 d\u2019altres llocs com: Japan \u65e5\u672c, Colombia, Lietuva, Slovenija, M\u00e9xico, It\u00e0lia, Srbija, France, Ireland, Asturias, Tanzania, Marroc, Belgique, Deutschland. I els nostres estaven entre ells.<\/p>\n<p><img loading=\"lazy\" decoding=\"async\" class=\"aligncenter wp-image-3454\" src=\"https:\/\/agora.xtec.cat\/escolatorrelameu\/wp-content\/uploads\/usu2232\/2024\/11\/3-Part-Journey-Your-Story-e1732144251744.jpg\" alt=\"\" width=\"427\" height=\"656\" srcset=\"https:\/\/agora.xtec.cat\/escolatorrelameu\/wp-content\/uploads\/usu2232\/2024\/11\/3-Part-Journey-Your-Story-e1732144251744.jpg 1080w, https:\/\/agora.xtec.cat\/escolatorrelameu\/wp-content\/uploads\/usu2232\/2024\/11\/3-Part-Journey-Your-Story-e1732144251744-195x300.jpg 195w, https:\/\/agora.xtec.cat\/escolatorrelameu\/wp-content\/uploads\/usu2232\/2024\/11\/3-Part-Journey-Your-Story-e1732144251744-666x1024.jpg 666w, https:\/\/agora.xtec.cat\/escolatorrelameu\/wp-content\/uploads\/usu2232\/2024\/11\/3-Part-Journey-Your-Story-e1732144251744-768x1180.jpg 768w, https:\/\/agora.xtec.cat\/escolatorrelameu\/wp-content\/uploads\/usu2232\/2024\/11\/3-Part-Journey-Your-Story-e1732144251744-999x1536.jpg 999w\" sizes=\"auto, (max-width: 427px) 100vw, 427px\" \/><\/p>\n<p style=\"text-align: justify;\">Des del principi de curs quan ve l\u2019Ingrid, fem <b>visionats<\/b>, en ells trobem idees, referents, fonts d\u2019inspiraci\u00f3, que desperten el nostre desig de filmar. Realitzem sortides per descobrir amb ulls de cineasta el nostre entorn.<\/p>\n<p><img loading=\"lazy\" decoding=\"async\" class=\"aligncenter wp-image-3457\" src=\"https:\/\/agora.xtec.cat\/escolatorrelameu\/wp-content\/uploads\/usu2232\/2024\/11\/Collage-de-Fotos-Minimalista-Colores-Pastel.jpg\" alt=\"\" width=\"459\" height=\"689\" srcset=\"https:\/\/agora.xtec.cat\/escolatorrelameu\/wp-content\/uploads\/usu2232\/2024\/11\/Collage-de-Fotos-Minimalista-Colores-Pastel.jpg 1333w, https:\/\/agora.xtec.cat\/escolatorrelameu\/wp-content\/uploads\/usu2232\/2024\/11\/Collage-de-Fotos-Minimalista-Colores-Pastel-200x300.jpg 200w, https:\/\/agora.xtec.cat\/escolatorrelameu\/wp-content\/uploads\/usu2232\/2024\/11\/Collage-de-Fotos-Minimalista-Colores-Pastel-682x1024.jpg 682w, https:\/\/agora.xtec.cat\/escolatorrelameu\/wp-content\/uploads\/usu2232\/2024\/11\/Collage-de-Fotos-Minimalista-Colores-Pastel-768x1152.jpg 768w, https:\/\/agora.xtec.cat\/escolatorrelameu\/wp-content\/uploads\/usu2232\/2024\/11\/Collage-de-Fotos-Minimalista-Colores-Pastel-1024x1536.jpg 1024w\" sizes=\"auto, (max-width: 459px) 100vw, 459px\" \/><\/p>\n<p style=\"text-align: justify;\">Aquest curs ja hem iniciat el nostre primer rodatge, quina emoci\u00f3; fer tria del tema, exposar les idees, els desitjos, fer l&#8217;esborrany del gui\u00f3, estructurar les idees i les escenes que volem filmar\u2026<\/p>\n<p style=\"text-align: justify;\">Recordar i aprendre un llenguatge espec\u00edfic i les seves funcions: director, c\u00e0mera, claqueta, so, script, foto fixa, making of, tr\u00edpode, enfocar, enquadrar, diferents plans: pla de detall, pla tancat\u2026<\/p>\n<p>&nbsp;<\/p>\n<p><img loading=\"lazy\" decoding=\"async\" class=\"aligncenter wp-image-3463\" src=\"https:\/\/agora.xtec.cat\/escolatorrelameu\/wp-content\/uploads\/usu2232\/2024\/11\/Collage-de-Fotos-Verano-Aesthetic-Minimalista-Blanco1.jpg\" alt=\"\" width=\"468\" height=\"702\" srcset=\"https:\/\/agora.xtec.cat\/escolatorrelameu\/wp-content\/uploads\/usu2232\/2024\/11\/Collage-de-Fotos-Verano-Aesthetic-Minimalista-Blanco1.jpg 1333w, https:\/\/agora.xtec.cat\/escolatorrelameu\/wp-content\/uploads\/usu2232\/2024\/11\/Collage-de-Fotos-Verano-Aesthetic-Minimalista-Blanco1-200x300.jpg 200w, https:\/\/agora.xtec.cat\/escolatorrelameu\/wp-content\/uploads\/usu2232\/2024\/11\/Collage-de-Fotos-Verano-Aesthetic-Minimalista-Blanco1-682x1024.jpg 682w, https:\/\/agora.xtec.cat\/escolatorrelameu\/wp-content\/uploads\/usu2232\/2024\/11\/Collage-de-Fotos-Verano-Aesthetic-Minimalista-Blanco1-768x1152.jpg 768w, https:\/\/agora.xtec.cat\/escolatorrelameu\/wp-content\/uploads\/usu2232\/2024\/11\/Collage-de-Fotos-Verano-Aesthetic-Minimalista-Blanco1-1024x1536.jpg 1024w\" sizes=\"auto, (max-width: 468px) 100vw, 468px\" \/><br \/>\nI el protocol de rodatge! Quina responsabilitat!<\/p>\n<p><b><i>Direcci\u00f3: <\/i><\/b><i>\u00abSILENCI!\u00bb<\/i><i><br \/>\n<\/i><b><i>Direcci\u00f3: <\/i><\/b><i>\u00abCA\u0300MERA!\u00bb \u00a0 (despre\u0301s d\u2019haver comprovat que s\u2019ha fet silenci)<\/i><i><br \/>\n<\/i><b><i>Ca\u0300mera: <\/i><\/b><i>\u00abGRAVANT\u00bb<\/i><i><br \/>\n<\/i><b><i>Claqueta: <\/i><\/b>canta el pla <i>(exemple: \u201cEscena 1 \/\u00a0 3r pla\u00a0 \/ presa 1\u201d).<\/i><i><br \/>\n<\/i><b><i>Direcci\u00f3: <\/i><\/b><i>\u00abACCIO\u0301!\u00bb<\/i><\/p>\n<p><img loading=\"lazy\" decoding=\"async\" class=\"aligncenter wp-image-3465\" src=\"https:\/\/agora.xtec.cat\/escolatorrelameu\/wp-content\/uploads\/usu2232\/2024\/11\/Collage-de-Fotos-Minimalista-Colores-Pastel2.jpg\" alt=\"\" width=\"481\" height=\"722\" srcset=\"https:\/\/agora.xtec.cat\/escolatorrelameu\/wp-content\/uploads\/usu2232\/2024\/11\/Collage-de-Fotos-Minimalista-Colores-Pastel2.jpg 1333w, https:\/\/agora.xtec.cat\/escolatorrelameu\/wp-content\/uploads\/usu2232\/2024\/11\/Collage-de-Fotos-Minimalista-Colores-Pastel2-200x300.jpg 200w, https:\/\/agora.xtec.cat\/escolatorrelameu\/wp-content\/uploads\/usu2232\/2024\/11\/Collage-de-Fotos-Minimalista-Colores-Pastel2-682x1024.jpg 682w, https:\/\/agora.xtec.cat\/escolatorrelameu\/wp-content\/uploads\/usu2232\/2024\/11\/Collage-de-Fotos-Minimalista-Colores-Pastel2-768x1152.jpg 768w, https:\/\/agora.xtec.cat\/escolatorrelameu\/wp-content\/uploads\/usu2232\/2024\/11\/Collage-de-Fotos-Minimalista-Colores-Pastel2-1024x1536.jpg 1024w\" sizes=\"auto, (max-width: 481px) 100vw, 481px\" \/><\/p>\n<p>Avui, comencem a muntar!<\/p>\n","protected":false},"excerpt":{"rendered":"<p>Fa uns mesos que estem immersos en el projecte de <a href=\"https:\/\/www.cinemaencurs.org\/\">Cinema en curs<\/a>, aquest any ens acompanya la nostra cineasta Ingrid Ferrer que ens guiar\u00e0 a fer un taller de correspond\u00e8ncia amb el CEIP a R\u00faa de Cangas do Morrazo.<\/p>\n<p>Ahir, alguns de nosaltres vam&hellip;  <a href=\"https:\/\/agora.xtec.cat\/escolatorrelameu\/general\/cinema-en-curs-4\/\" title=\"Read Cinema en curs\">Llegeix m\u00e9s\u00bb<\/a><\/p>\n","protected":false},"author":14,"featured_media":3453,"comment_status":"open","ping_status":"closed","sticky":false,"template":"","format":"standard","meta":{"_bbp_topic_count":0,"_bbp_reply_count":0,"_bbp_total_topic_count":0,"_bbp_total_reply_count":0,"_bbp_voice_count":0,"_bbp_anonymous_reply_count":0,"_bbp_topic_count_hidden":0,"_bbp_reply_count_hidden":0,"_bbp_forum_subforum_count":0,"footnotes":""},"categories":[1],"tags":[],"class_list":["post-3444","post","type-post","status-publish","format-standard","has-post-thumbnail","hentry","category-general"],"post_mailing_queue_ids":[],"_links":{"self":[{"href":"https:\/\/agora.xtec.cat\/escolatorrelameu\/wp-json\/wp\/v2\/posts\/3444","targetHints":{"allow":["GET"]}}],"collection":[{"href":"https:\/\/agora.xtec.cat\/escolatorrelameu\/wp-json\/wp\/v2\/posts"}],"about":[{"href":"https:\/\/agora.xtec.cat\/escolatorrelameu\/wp-json\/wp\/v2\/types\/post"}],"author":[{"embeddable":true,"href":"https:\/\/agora.xtec.cat\/escolatorrelameu\/wp-json\/wp\/v2\/users\/14"}],"replies":[{"embeddable":true,"href":"https:\/\/agora.xtec.cat\/escolatorrelameu\/wp-json\/wp\/v2\/comments?post=3444"}],"version-history":[{"count":6,"href":"https:\/\/agora.xtec.cat\/escolatorrelameu\/wp-json\/wp\/v2\/posts\/3444\/revisions"}],"predecessor-version":[{"id":3473,"href":"https:\/\/agora.xtec.cat\/escolatorrelameu\/wp-json\/wp\/v2\/posts\/3444\/revisions\/3473"}],"wp:featuredmedia":[{"embeddable":true,"href":"https:\/\/agora.xtec.cat\/escolatorrelameu\/wp-json\/wp\/v2\/media\/3453"}],"wp:attachment":[{"href":"https:\/\/agora.xtec.cat\/escolatorrelameu\/wp-json\/wp\/v2\/media?parent=3444"}],"wp:term":[{"taxonomy":"category","embeddable":true,"href":"https:\/\/agora.xtec.cat\/escolatorrelameu\/wp-json\/wp\/v2\/categories?post=3444"},{"taxonomy":"post_tag","embeddable":true,"href":"https:\/\/agora.xtec.cat\/escolatorrelameu\/wp-json\/wp\/v2\/tags?post=3444"}],"curies":[{"name":"wp","href":"https:\/\/api.w.org\/{rel}","templated":true}]}}