{"id":3436,"date":"2024-11-19T21:27:09","date_gmt":"2024-11-19T20:27:09","guid":{"rendered":"https:\/\/agora.xtec.cat\/escolatorrelameu\/?p=3436"},"modified":"2024-11-21T09:55:49","modified_gmt":"2024-11-21T08:55:49","slug":"necessitats-i-compromisos-per-estar-be-a-lescola","status":"publish","type":"post","link":"https:\/\/agora.xtec.cat\/escolatorrelameu\/general\/necessitats-i-compromisos-per-estar-be-a-lescola\/","title":{"rendered":"Necessitats i compromisos per estar b\u00e9 a l&#8217;escola"},"content":{"rendered":"<p><img loading=\"lazy\" decoding=\"async\" class=\"aligncenter wp-image-3437 size-full\" src=\"https:\/\/agora.xtec.cat\/escolatorrelameu\/wp-content\/uploads\/usu2232\/2024\/11\/IMG_5362.jpg\" alt=\"\" width=\"1280\" height=\"720\" srcset=\"https:\/\/agora.xtec.cat\/escolatorrelameu\/wp-content\/uploads\/usu2232\/2024\/11\/IMG_5362.jpg 1280w, https:\/\/agora.xtec.cat\/escolatorrelameu\/wp-content\/uploads\/usu2232\/2024\/11\/IMG_5362-300x169.jpg 300w, https:\/\/agora.xtec.cat\/escolatorrelameu\/wp-content\/uploads\/usu2232\/2024\/11\/IMG_5362-1024x576.jpg 1024w, https:\/\/agora.xtec.cat\/escolatorrelameu\/wp-content\/uploads\/usu2232\/2024\/11\/IMG_5362-768x432.jpg 768w\" sizes=\"auto, (max-width: 1280px) 100vw, 1280px\" \/><\/p>\n<p style=\"text-align: justify;\">La imatge resumeix el treball que s&#8217;ha dut a terme a les aules de prim\u00e0ria, on s&#8217;ha <span style=\"font-family: inherit; font-size: 1em;\">conversat per identificar qu\u00e8 \u00e9s el que necessitem per estar b\u00e9 a l&#8217;escola. Despr\u00e9s de ser capa\u00e7os i capaces de posar-nos d&#8217;acord en les necessitats, hem pensat a qu\u00e8 ens comprometem per aconseguir-ho.<\/span><\/p>\n<p style=\"text-align: justify;\">A la primera assemblea del curs, cada aula va presentar les seves necessitats i compromisos. Les vam anar anotant a la pissarra, vam mirar de connectar les aportacions de cada grup&#8230; i avui, a la segona assemblea, l&#8217;equip docent ha presentat una proposta que unia totes les anteriors. L&#8217;hem explicat i l&#8217;hem aprovat.<\/p>\n<p style=\"text-align: justify;\">Aix\u00ed que s\u00ed, ha arribat el moment de fer p\u00fabliques quines son les necessitats de les persones que vivim a l&#8217;escola per estar-hi b\u00e9 i qu\u00e8 hi podem fer per aconseguir-ho.<\/p>\n<p><img loading=\"lazy\" decoding=\"async\" class=\"aligncenter size-full wp-image-3442\" src=\"https:\/\/agora.xtec.cat\/escolatorrelameu\/wp-content\/uploads\/usu2232\/2024\/11\/1732045356645-scaled.jpg\" alt=\"\" width=\"2560\" height=\"1920\" srcset=\"https:\/\/agora.xtec.cat\/escolatorrelameu\/wp-content\/uploads\/usu2232\/2024\/11\/1732045356645-scaled.jpg 2560w, https:\/\/agora.xtec.cat\/escolatorrelameu\/wp-content\/uploads\/usu2232\/2024\/11\/1732045356645-300x225.jpg 300w, https:\/\/agora.xtec.cat\/escolatorrelameu\/wp-content\/uploads\/usu2232\/2024\/11\/1732045356645-1024x768.jpg 1024w, https:\/\/agora.xtec.cat\/escolatorrelameu\/wp-content\/uploads\/usu2232\/2024\/11\/1732045356645-768x576.jpg 768w, https:\/\/agora.xtec.cat\/escolatorrelameu\/wp-content\/uploads\/usu2232\/2024\/11\/1732045356645-1536x1152.jpg 1536w, https:\/\/agora.xtec.cat\/escolatorrelameu\/wp-content\/uploads\/usu2232\/2024\/11\/1732045356645-2048x1536.jpg 2048w, https:\/\/agora.xtec.cat\/escolatorrelameu\/wp-content\/uploads\/usu2232\/2024\/11\/1732045356645-200x150.jpg 200w\" sizes=\"auto, (max-width: 2560px) 100vw, 2560px\" \/><\/p>\n","protected":false},"excerpt":{"rendered":"<p>La imatge resumeix el treball que s&#8217;ha dut a terme a les aules de prim\u00e0ria, on s&#8217;ha conversat per identificar qu\u00e8 \u00e9s el que necessitem per estar b\u00e9 a l&#8217;escola. Despr\u00e9s de ser capa\u00e7os i capaces de posar-nos d&#8217;acord en les necessitats, hem pensat a&hellip;  <a href=\"https:\/\/agora.xtec.cat\/escolatorrelameu\/general\/necessitats-i-compromisos-per-estar-be-a-lescola\/\" title=\"Read Necessitats i compromisos per estar b\u00e9 a l&#8217;escola\">Llegeix m\u00e9s\u00bb<\/a><\/p>\n","protected":false},"author":14,"featured_media":3437,"comment_status":"open","ping_status":"closed","sticky":false,"template":"","format":"standard","meta":{"_bbp_topic_count":0,"_bbp_reply_count":0,"_bbp_total_topic_count":0,"_bbp_total_reply_count":0,"_bbp_voice_count":0,"_bbp_anonymous_reply_count":0,"_bbp_topic_count_hidden":0,"_bbp_reply_count_hidden":0,"_bbp_forum_subforum_count":0,"footnotes":""},"categories":[1],"tags":[],"class_list":["post-3436","post","type-post","status-publish","format-standard","has-post-thumbnail","hentry","category-general"],"post_mailing_queue_ids":[],"_links":{"self":[{"href":"https:\/\/agora.xtec.cat\/escolatorrelameu\/wp-json\/wp\/v2\/posts\/3436","targetHints":{"allow":["GET"]}}],"collection":[{"href":"https:\/\/agora.xtec.cat\/escolatorrelameu\/wp-json\/wp\/v2\/posts"}],"about":[{"href":"https:\/\/agora.xtec.cat\/escolatorrelameu\/wp-json\/wp\/v2\/types\/post"}],"author":[{"embeddable":true,"href":"https:\/\/agora.xtec.cat\/escolatorrelameu\/wp-json\/wp\/v2\/users\/14"}],"replies":[{"embeddable":true,"href":"https:\/\/agora.xtec.cat\/escolatorrelameu\/wp-json\/wp\/v2\/comments?post=3436"}],"version-history":[{"count":5,"href":"https:\/\/agora.xtec.cat\/escolatorrelameu\/wp-json\/wp\/v2\/posts\/3436\/revisions"}],"predecessor-version":[{"id":3476,"href":"https:\/\/agora.xtec.cat\/escolatorrelameu\/wp-json\/wp\/v2\/posts\/3436\/revisions\/3476"}],"wp:featuredmedia":[{"embeddable":true,"href":"https:\/\/agora.xtec.cat\/escolatorrelameu\/wp-json\/wp\/v2\/media\/3437"}],"wp:attachment":[{"href":"https:\/\/agora.xtec.cat\/escolatorrelameu\/wp-json\/wp\/v2\/media?parent=3436"}],"wp:term":[{"taxonomy":"category","embeddable":true,"href":"https:\/\/agora.xtec.cat\/escolatorrelameu\/wp-json\/wp\/v2\/categories?post=3436"},{"taxonomy":"post_tag","embeddable":true,"href":"https:\/\/agora.xtec.cat\/escolatorrelameu\/wp-json\/wp\/v2\/tags?post=3436"}],"curies":[{"name":"wp","href":"https:\/\/api.w.org\/{rel}","templated":true}]}}